{"id":118,"date":"2016-02-02T17:58:02","date_gmt":"2016-02-02T17:58:02","guid":{"rendered":"https:\/\/expertosenetica.com\/?p=118"},"modified":"2016-02-02T17:58:02","modified_gmt":"2016-02-02T17:58:02","slug":"la-oms-piensa-que-el-zika-no-estara-detras-de-los-casos-de-microcefalia-declarados-en-brasil","status":"publish","type":"post","link":"https:\/\/expertosenetica.com\/index.php\/2016\/02\/02\/la-oms-piensa-que-el-zika-no-estara-detras-de-los-casos-de-microcefalia-declarados-en-brasil\/","title":{"rendered":"La OMS piensa que el zika no estar\u00e1 detr\u00e1s de los casos de microcefalia declarados en Brasil"},"content":{"rendered":"<p class=\"subtitulo gris-oscuro\">Crea una unidad especial de respuesta global contra el virus<\/p>\n<p id=\"num-comentarios-17.0.213386095\" class=\"numcoment\" title=\"0\">Intensifica la vigilancia de la evoluci\u00f3n del virus Zika en otros continentes donde existe habitualmente como son \u00c1frica y Asia<\/p>\n<figure><span class=\"imagen\"><img decoding=\"async\" class=\"resize-img\" src=\"http:\/\/www.abc.es\/media\/sociedad\/2016\/02\/02\/zika-chan--620x349.jpg\" alt=\"La alerta epidemiol\u00f3gica por el zika en 24 pa\u00edses del mundo ha abarrotado los hospitales p\u00fablicos, como \u00e9ste en Paraguay\" \/><\/span><figcaption class=\"pie-foto gris-oscuro bg-gris-ultra-claro\"> La alerta epidemiol\u00f3gica por el zika en 24 pa\u00edses del mundo ha abarrotado los hospitales p\u00fablicos, como \u00e9ste en Paraguay <span class=\"gris-medio\">&#8211; EFE<\/span><\/figcaption><\/figure>\n<footer class=\"data gris-medio borde-abajo\"><span class=\"bloque\"><strong>MAR\u00cdA TERESA BEN\u00cdTEZ DE LUGO<\/strong> &#8211; <a class=\"alter\" href=\"https:\/\/twitter.com\/abc_es\">abc_es<\/a><strong>Ginebra<\/strong> &#8211; 02\/02\/2016\u00a0<\/span><\/footer>\n<footer class=\"data gris-medio borde-abajo\"><\/footer>\n<div>\n<p>La Organizaci\u00f3n Mundial de la Salud (OMS) ha puesto este martes 2 de febrero en marcha una unidad especial que organizar\u00e1 la respuesta internacional contra<strong> el virus Zika<\/strong>, sospechoso de causar complicaciones cong\u00e9nitas como la microcefalia, seg\u00fan anunci\u00f3, en Ginebra, el doctor <strong>Antony Costello<\/strong>, director de la unidad de pediatria en este organismo.<\/p>\n<p>Ayer la OMS <a href=\"http:\/\/www.abc.es\/sociedad\/abci-epidemia-zika-america-latina-decide-si-virus-zika-supone-riesgo-nivel-mundial-201601312307_noticia.html\"><strong>calific\u00f3 de urgencia sanitaria <\/strong><\/a>de alcance mundial la epidemia de virus zika, sobre todo para prevenir el aumento de casos de microcefalia en la regi\u00f3n de Am\u00e9rica Latina, porque aunque la relaci\u00f3n causa-efecto entre el virus y las malformaciones congenitales no hayan sido comprobadas cient\u00edficamente existen sospechas de que exista.<\/p>\n<p>Tras las cr\u00edticas de las que fue objeto por su gesti\u00f3n de la epidemia de \u00e9bola, la OMS intenta tomar las buenas decisiones. Esta unidad especial contra <strong>el zika reunir\u00e1 a especialistas de la OMS <\/strong>y de los pa\u00edses afectados con el objetivo de <a href=\"http:\/\/www.abc.es\/sociedad\/abci-autoridades-sanitarias-esperan-unos-200-casos-zika-espana-este-verano-201602021631_noticia.html\">intercambiar informaciones <\/a>y activar la respuesta contra el virus.<\/p>\n<blockquote class=\"azul-ultra-oscuro\"><p>El problema del zika es que es de dif\u00edcil diagn\u00f3stico, ya que nueve de cada diez casos no pueden detectarse<\/p><\/blockquote>\n<div id=\"roba_cintillo-id\"><\/div>\n<p>Mientras, un grupo de expertos se encargar\u00e1 de estudiar los criterios est\u00e1ndar de la microceralia, para poder distinguir los verdaderos casos de los que no los son porque, seg\u00fan la OMS, la mayor\u00eda de los <strong>4.200 casos declarados de microcefalia ser\u00e1n probablemente negativos.<\/strong><\/p>\n<p>Costello explic\u00f3 en rueda de prensa que <strong>en el 90% de los casos el zika, contrariamente al \u00e9bola o al VIH, no es una infecci\u00f3n mortal.<\/strong> Sin embargo, sus consuencias en las familias que tienen ni\u00f1os afectados de <a href=\"http:\/\/www.abc.es\/sociedad\/abci-sanidad-confirma-caso-virus-zika-murcia-201602021105_noticia.html\">microcefalia son devastadoras <\/a>y este ha sido el principal motivo que la OMS ha tomado en consideraci\u00f3n para declarar la emergencia sanitaria.<\/p>\n<p>Adem\u00e1s, la OMS va a<strong> intensificar la vigilancia de la evoluci\u00f3n del virus Zika en otros continentes donde existe habitualmente como son \u00c1frica y Asia. <\/strong>Tambi\u00e9n se van a lanzar campa\u00f1as de informaci\u00f3n en cooperaci\u00f3n con el Fondo de Naciones Unidas para la Infancia (Unicef) para sensibilizar a las comunidades sobre este problema.<\/p>\n<h2>La dificultad del diagn\u00f3stico<\/h2>\n<p>Uno de los problemas principales respecto al zika es que las personas infectadas <strong>no muestran s\u00edntomas<\/strong> y, por lo tanto, en el 90% de los casos no puede detectarse. Otra dificultad es la de diagnosticar las microcefalias durante el embarazo, ya que es necesario medir el tama\u00f1o de la cabeza casi todos los d\u00edas antes y despu\u00e9s del nacimiento.<\/p>\n<p>Costello precis\u00f3 que de los 4.200 casos de microcefalia declarados en Brasil<strong> \u00abla mayor\u00eda estar\u00eda relacionados con causas menos graves como la malnutrici\u00f3n\u00bb. <\/strong>Por el momento s\u00f3lo hay 12 casos relacionados directamente con el zika aunque el aumento de casos de microcefalia ser\u00e1 de todas formas diez veces m\u00e1s elevado que lo normal.<\/p>\n<\/div>\n<p>&nbsp;<\/p>\n","protected":false},"excerpt":{"rendered":"<p>Crea una unidad especial de respuesta global contra el virus Intensifica la vigilancia de la evoluci\u00f3n del virus Zika en otros continentes donde existe habitualmente como son \u00c1frica y Asia La alerta epidemiol\u00f3gica por el zika en 24 pa\u00edses del mundo ha abarrotado los hospitales p\u00fablicos, como \u00e9ste en Paraguay &#8211; EFE MAR\u00cdA TERESA BEN\u00cdTEZ&#8230;<\/p>\n","protected":false},"author":1,"featured_media":0,"comment_status":"closed","ping_status":"open","sticky":false,"template":"","format":"standard","meta":{"_kadence_starter_templates_imported_post":false,"_kad_post_transparent":"","_kad_post_title":"","_kad_post_layout":"","_kad_post_sidebar_id":"","_kad_post_content_style":"","_kad_post_vertical_padding":"","_kad_post_feature":"","_kad_post_feature_position":"","_kad_post_header":false,"_kad_post_footer":false,"_kad_post_classname":"","_jetpack_newsletter_access":"","_jetpack_dont_email_post_to_subs":false,"_jetpack_newsletter_tier_id":0,"_jetpack_memberships_contains_paywalled_content":false,"_jetpack_memberships_contains_paid_content":false,"footnotes":""},"categories":[6],"tags":[],"class_list":["post-118","post","type-post","status-publish","format-standard","hentry","category-noticias-sobre-salud"],"jetpack_sharing_enabled":true,"jetpack_featured_media_url":"","post_mailing_queue_ids":[],"_links":{"self":[{"href":"https:\/\/expertosenetica.com\/index.php\/wp-json\/wp\/v2\/posts\/118","targetHints":{"allow":["GET"]}}],"collection":[{"href":"https:\/\/expertosenetica.com\/index.php\/wp-json\/wp\/v2\/posts"}],"about":[{"href":"https:\/\/expertosenetica.com\/index.php\/wp-json\/wp\/v2\/types\/post"}],"author":[{"embeddable":true,"href":"https:\/\/expertosenetica.com\/index.php\/wp-json\/wp\/v2\/users\/1"}],"replies":[{"embeddable":true,"href":"https:\/\/expertosenetica.com\/index.php\/wp-json\/wp\/v2\/comments?post=118"}],"version-history":[{"count":0,"href":"https:\/\/expertosenetica.com\/index.php\/wp-json\/wp\/v2\/posts\/118\/revisions"}],"wp:attachment":[{"href":"https:\/\/expertosenetica.com\/index.php\/wp-json\/wp\/v2\/media?parent=118"}],"wp:term":[{"taxonomy":"category","embeddable":true,"href":"https:\/\/expertosenetica.com\/index.php\/wp-json\/wp\/v2\/categories?post=118"},{"taxonomy":"post_tag","embeddable":true,"href":"https:\/\/expertosenetica.com\/index.php\/wp-json\/wp\/v2\/tags?post=118"}],"curies":[{"name":"wp","href":"https:\/\/api.w.org\/{rel}","templated":true}]}}