{"id":1193,"date":"2022-02-23T09:25:22","date_gmt":"2022-02-23T08:25:22","guid":{"rendered":"https:\/\/expertosenetica.com\/?p=1193"},"modified":"2022-02-23T09:25:22","modified_gmt":"2022-02-23T08:25:22","slug":"ley-de-la-eutanasia-resolviendo-dudas-webinario-commalaga-el-23-de-febrero","status":"publish","type":"post","link":"https:\/\/expertosenetica.com\/index.php\/2022\/02\/23\/ley-de-la-eutanasia-resolviendo-dudas-webinario-commalaga-el-23-de-febrero\/","title":{"rendered":"Ley de la Eutanasia: resolviendo\u00a0dudas | Webinario Comm\u00e1laga el 23 de febrero"},"content":{"rendered":"\n<p class=\"wp-block-paragraph\">El Colegio de M\u00e9dicos de M\u00e1laga (Comm\u00e1laga) organiza un nuevo Webinario Comm\u00e1laga. En esta ocasi\u00f3n abordar\u00e1 un tema de actualidad, la Ley de la Eutanasia, desde el punto de vista cl\u00ednico, deontol\u00f3gico y administrativo. Ser\u00e1 el 23 de febrero de 19 a 20.30 horas y se podr\u00e1 ver en directo a trav\u00e9s del canal de YouTube del Comm\u00e1laga.<\/p>\n\n\n\n<p class=\"wp-block-paragraph\">Qu\u00e9:&nbsp;<strong>Webinario Comm\u00e1laga<\/strong><\/p>\n\n\n\n<p class=\"wp-block-paragraph\">T\u00edtulo: \u2018<strong>Ley Org\u00e1nica de Regulaci\u00f3n de la Eutanasia: resolviendo dudas\u2019<\/strong><\/p>\n\n\n\n<p class=\"wp-block-paragraph\">Cu\u00e1ndo:&nbsp;<strong>23 de febrero de 19 a 20.30 horas<\/strong><\/p>\n\n\n\n<p class=\"wp-block-paragraph\">D\u00f3nde:&nbsp;<strong>a trav\u00e9s del&nbsp;<a href=\"https:\/\/studio.youtube.com\/channel\/UCUTmUro2bWELzMa9NLjxW4g\/videos\/live?filter=%5B%5D&amp;sort=%7B%22columnType%22%3A%22date%22%2C%22sortOrder%22%3A%22DESCENDING%22%7D\" target=\"_blank\" rel=\"noreferrer noopener\">canal de YouTube del Colegio (acceso libre).<\/a><\/strong><\/p>\n\n\n\n<p class=\"wp-block-paragraph\"><strong>Presenta y modera:\u00a0<\/strong>Dr. Pedro Navarro, presidente del Colegio de M\u00e9dicos de M\u00e1laga.<\/p>\n\n\n\n<div class=\"wp-block-image\"><figure class=\"aligncenter size-full is-resized\"><img loading=\"lazy\" decoding=\"async\" src=\"https:\/\/expertosenetica.com\/wp-content\/uploads\/2022\/02\/webinar_23_Febrero2-2-1000x563-1.jpg\" alt=\"\" class=\"wp-image-1194\" width=\"552\" height=\"311\" srcset=\"https:\/\/expertosenetica.com\/wp-content\/uploads\/2022\/02\/webinar_23_Febrero2-2-1000x563-1.jpg 1000w, https:\/\/expertosenetica.com\/wp-content\/uploads\/2022\/02\/webinar_23_Febrero2-2-1000x563-1-300x169.jpg 300w, https:\/\/expertosenetica.com\/wp-content\/uploads\/2022\/02\/webinar_23_Febrero2-2-1000x563-1-768x432.jpg 768w\" sizes=\"auto, (max-width: 552px) 100vw, 552px\" \/><\/figure><\/div>\n\n\n\n<p class=\"wp-block-paragraph\"><strong>Relator:<\/strong>\u00a0Dr. Joaqu\u00edn Fern\u00e1ndez-Crehuet Navajas, presidente de la Comisi\u00f3n de Deontolog\u00eda del Colegio de M\u00e9dicos de M\u00e1laga.<\/p>\n\n\n\n<div class=\"wp-block-image\"><figure class=\"aligncenter is-resized\"><img loading=\"lazy\" decoding=\"async\" src=\"https:\/\/commalaga.com\/wp-content\/uploads\/2022\/02\/webinar_23_Febrero3-1-300x169.jpg\" alt=\"\" class=\"wp-image-48299\" width=\"548\" height=\"309\"\/><\/figure><\/div>\n\n\n\n<p class=\"wp-block-paragraph\"><strong>Ponentes:<\/strong><\/p>\n\n\n\n<p class=\"wp-block-paragraph\">Dr. Jos\u00e9 Mar\u00eda Dom\u00ednguez Rold\u00e1n, presidente de la Comisi\u00f3n Central de Deontolog\u00eda.<strong>\u00a0\u201cLa visi\u00f3n del cl\u00ednico\u201d.<\/strong><\/p>\n\n\n\n<div class=\"wp-block-image\"><figure class=\"aligncenter is-resized\"><img loading=\"lazy\" decoding=\"async\" src=\"https:\/\/commalaga.com\/wp-content\/uploads\/2022\/02\/webinar_23_Febrero4-1-300x169.jpg\" alt=\"\" class=\"wp-image-48300\" width=\"555\" height=\"313\"\/><\/figure><\/div>\n\n\n\n<p class=\"wp-block-paragraph\">Dr. \u00c1ngel Hern\u00e1ndez Gil, presidente de la Comisi\u00f3n de Deontolog\u00eda del Consejo Andaluz de Colegios M\u00e9dicos.<strong>\u00a0\u201cLa visi\u00f3n desde la deontolog\u00eda\u201d.<\/strong><\/p>\n\n\n\n<div class=\"wp-block-image\"><figure class=\"aligncenter is-resized\"><img loading=\"lazy\" decoding=\"async\" src=\"https:\/\/commalaga.com\/wp-content\/uploads\/2022\/02\/webinar_23_Febrero5-300x169.jpg\" alt=\"\" class=\"wp-image-48302\" width=\"564\" height=\"318\"\/><\/figure><\/div>\n\n\n\n<p class=\"wp-block-paragraph\">Dr. Juan Jos\u00e9 S\u00e1nchez \u00a0Luque, presidente de la Comisi\u00f3n\u00a0\u00a0Andaluza de Garant\u00eda y Evaluaci\u00f3n de la Eutanasia.\u00a0<strong>\u201cLa visi\u00f3n de la Comisi\u00f3n de Garant\u00eda\u00bb.<\/strong><\/p>\n\n\n\n<div class=\"wp-block-image\"><figure class=\"aligncenter is-resized\"><img loading=\"lazy\" decoding=\"async\" src=\"https:\/\/commalaga.com\/wp-content\/uploads\/2022\/02\/webinar_23_Febrero6-300x169.jpg\" alt=\"\" class=\"wp-image-48305\" width=\"562\" height=\"317\"\/><\/figure><\/div>\n","protected":false},"excerpt":{"rendered":"<p>El Colegio de M\u00e9dicos de M\u00e1laga (Comm\u00e1laga) organiza un nuevo Webinario Comm\u00e1laga. En esta ocasi\u00f3n abordar\u00e1 un tema de actualidad, la Ley de la Eutanasia, desde el punto de vista cl\u00ednico, deontol\u00f3gico y administrativo. Ser\u00e1 el 23 de febrero de 19 a 20.30 horas y se podr\u00e1 ver en directo a trav\u00e9s del canal de&#8230;<\/p>\n","protected":false},"author":1,"featured_media":1195,"comment_status":"closed","ping_status":"open","sticky":false,"template":"","format":"standard","meta":{"_kadence_starter_templates_imported_post":false,"_kad_post_transparent":"","_kad_post_title":"","_kad_post_layout":"","_kad_post_sidebar_id":"","_kad_post_content_style":"","_kad_post_vertical_padding":"","_kad_post_feature":"","_kad_post_feature_position":"","_kad_post_header":false,"_kad_post_footer":false,"_kad_post_classname":"","_jetpack_newsletter_access":"","_jetpack_dont_email_post_to_subs":false,"_jetpack_newsletter_tier_id":0,"_jetpack_memberships_contains_paywalled_content":false,"_jetpack_memberships_contains_paid_content":false,"footnotes":""},"categories":[1],"tags":[19],"class_list":["post-1193","post","type-post","status-publish","format-standard","has-post-thumbnail","hentry","category-uncategorized","tag-eutanasia"],"jetpack_sharing_enabled":true,"jetpack_featured_media_url":"https:\/\/expertosenetica.com\/wp-content\/uploads\/2022\/02\/webinar_23_Febrero-2048x1152-1.jpg","post_mailing_queue_ids":[],"_links":{"self":[{"href":"https:\/\/expertosenetica.com\/index.php\/wp-json\/wp\/v2\/posts\/1193","targetHints":{"allow":["GET"]}}],"collection":[{"href":"https:\/\/expertosenetica.com\/index.php\/wp-json\/wp\/v2\/posts"}],"about":[{"href":"https:\/\/expertosenetica.com\/index.php\/wp-json\/wp\/v2\/types\/post"}],"author":[{"embeddable":true,"href":"https:\/\/expertosenetica.com\/index.php\/wp-json\/wp\/v2\/users\/1"}],"replies":[{"embeddable":true,"href":"https:\/\/expertosenetica.com\/index.php\/wp-json\/wp\/v2\/comments?post=1193"}],"version-history":[{"count":1,"href":"https:\/\/expertosenetica.com\/index.php\/wp-json\/wp\/v2\/posts\/1193\/revisions"}],"predecessor-version":[{"id":1196,"href":"https:\/\/expertosenetica.com\/index.php\/wp-json\/wp\/v2\/posts\/1193\/revisions\/1196"}],"wp:featuredmedia":[{"embeddable":true,"href":"https:\/\/expertosenetica.com\/index.php\/wp-json\/wp\/v2\/media\/1195"}],"wp:attachment":[{"href":"https:\/\/expertosenetica.com\/index.php\/wp-json\/wp\/v2\/media?parent=1193"}],"wp:term":[{"taxonomy":"category","embeddable":true,"href":"https:\/\/expertosenetica.com\/index.php\/wp-json\/wp\/v2\/categories?post=1193"},{"taxonomy":"post_tag","embeddable":true,"href":"https:\/\/expertosenetica.com\/index.php\/wp-json\/wp\/v2\/tags?post=1193"}],"curies":[{"name":"wp","href":"https:\/\/api.w.org\/{rel}","templated":true}]}}