{"id":1215,"date":"2022-02-24T10:02:01","date_gmt":"2022-02-24T09:02:01","guid":{"rendered":"https:\/\/expertosenetica.com\/?p=1215"},"modified":"2022-02-24T21:58:24","modified_gmt":"2022-02-24T20:58:24","slug":"el-abrazo-terapeutico-algo-que-no-tuvieron-las-victimas-de-covid-19","status":"publish","type":"post","link":"https:\/\/expertosenetica.com\/index.php\/2022\/02\/24\/el-abrazo-terapeutico-algo-que-no-tuvieron-las-victimas-de-covid-19\/","title":{"rendered":"El abrazo terap\u00e9utico, algo que no tuvieron las v\u00edctimas de\u00a0covid-19"},"content":{"rendered":"\n<p class=\"wp-block-paragraph\">(Ref theconversation.com)<\/p>\n\n\n\n<p class=\"wp-block-paragraph\">Archibald Cochrane fue un legendario m\u00e9dico brit\u00e1nico fallecido en 1988. \u00c9l inspir\u00f3 la \u201cmedicina basada en la evidencia\u201d, paradigma actualmente de la educaci\u00f3n cient\u00edfica en las escuelas de medicina del mundo desarrollado.<\/p>\n\n\n\n<p class=\"wp-block-paragraph\">Al lector no especializado le sorprender\u00e1 saber que un m\u00e9dico que ejerci\u00f3 hace pocos a\u00f1os haya sido tan influyente. De hecho, dio nombre en 1993 a la \u201cCochrane Library\u201d, una colecci\u00f3n de bases de datos de alta calidad, donde colaboran 30&nbsp;000 cient\u00edficos de 50 pa\u00edses. En ella se eval\u00faan de manera altruista las intervenciones sanitarias, convirti\u00e9ndose en el \u201cpatr\u00f3n oro\u201d de su eficacia, lo cual supone un impresionante beneficio para la humanidad.<\/p>\n\n\n\n<h2 class=\"wp-block-heading\">As\u00ed se defini\u00f3 el abrazo terap\u00e9utico<\/h2>\n\n\n\n<p class=\"wp-block-paragraph\">El&nbsp;<a href=\"https:\/\/www.cochranelibrary.com\/\">profesor Cochrane<\/a>&nbsp;tiene una autobiograf\u00eda cautivadora que se hizo p\u00fablica en una publicaci\u00f3n p\u00f3stuma. En ella se muestra su vida como una aut\u00e9ntica aventura, atravesada por su determinaci\u00f3n por consolidar la base cient\u00edfica de la medicina.<\/p>\n\n\n\n<p class=\"wp-block-paragraph\">Siendo joven estudiante fue voluntario durante un a\u00f1o en la Guerra Civil espa\u00f1ola. Sirvi\u00f3 en una ambulancia destinado en Gra\u00f1\u00e9n (Huesca). Ya siendo m\u00e9dico, fue movilizado en la II Guerra Mundial y termin\u00f3 prisionero de los alemanes en un campo de concentraci\u00f3n en Grecia, donde era el responsable del barrac\u00f3n de enfermos. All\u00ed es donde se sit\u00faa el siguiente relato:<\/p>\n\n\n\n<blockquote class=\"wp-block-quote is-layout-flow wp-block-quote-is-layout-flow\"><p><em>Los alemanes arrojaron a un joven prisionero sovi\u00e9tico en mi pabell\u00f3n una noche. La sala estaba llena, as\u00ed que lo puse en mi habitaci\u00f3n porque estaba moribundo y gritando y no quer\u00eda despertar a los enfermos. Lo examin\u00e9. Ten\u00eda una cavitaci\u00f3n bilateral macrosc\u00f3pica obvia y un roce pleural severo. Pens\u00e9 que esto \u00faltimo era la causa del dolor y los gritos.<\/em><\/p><p><em>No ten\u00eda morfina, solo aspirinas, que no surt\u00edan efecto. Me sent\u00ed desesperado. Yo sab\u00eda muy poco ruso entonces y no hab\u00eda nadie en la sala que lo hablara. Finalmente, instintivamente me sent\u00e9 en la cama y lo abrac\u00e9. Los gritos cesaron casi de inmediato. Muri\u00f3 pac\u00edficamente en mis brazos unas horas despu\u00e9s. No era la pleures\u00eda lo que provocaba los gritos sino la soledad. Fue una lecci\u00f3n maravillosa sobre el cuidado de los moribundos. Me avergonc\u00e9 de mi diagn\u00f3stico err\u00f3neo y mantuve la historia en secreto.<\/em><\/p><\/blockquote>\n\n\n\n<h2 class=\"wp-block-heading\">Una terapia aprobada a partir de un solo caso<\/h2>\n\n\n\n<p class=\"wp-block-paragraph\">Conoc\u00ed esta an\u00e9cdota hace unos a\u00f1os de labios de Brian Hurwitz, profesor de Humanidades M\u00e9dicas del King\u2019s College de Londres, quien la recuper\u00f3 en un sugerente&nbsp;<a href=\"https:\/\/www.thelancet.com\/journals\/lancet\/article\/PIIS0140-6736(17)30276-3\/fulltext?rss=yes\">art\u00edculo<\/a>&nbsp;publicado en&nbsp;<em>The Lancet<\/em>.<\/p>\n\n\n\n<p class=\"wp-block-paragraph\">En s\u00edntesis, el mensaje es que quien fuera l\u00edder y mentor de la medicina cient\u00edfica basada en pruebas nos transmite una ense\u00f1anza basada en un solo caso, en aparente contradicci\u00f3n con lo que fue su legado.<\/p>\n\n\n\n<p class=\"wp-block-paragraph\">Cochrane quiso dejarnos al final de su vida lo que \u00e9l mismo califica de \u201clecci\u00f3n maravillosa\u201d, que no encaja con la l\u00f3gica del ensayo cl\u00ednico aleatorizado como exponente del mayor nivel de conocimiento de la ciencia experimental. Aqu\u00ed procede recordar a Saint-Exup\u00e9ry cuando en&nbsp;<em>El Principito<\/em>&nbsp;dice: \u201cLo esencial es invisible a los ojos\u201d.<\/p>\n\n\n\n<h2 class=\"wp-block-heading\">Los abrazos imposibles durante la crisis de covid-19<\/h2>\n\n\n\n<p class=\"wp-block-paragraph\">Hoy d\u00eda, podemos aprovechar esta lecci\u00f3n mientras tratamos de curar las heridas que nos han dejado los miles de fallecidos en soledad como consecuencia de la pandemia de covid-19.<\/p>\n\n\n\n<p class=\"wp-block-paragraph\">No hay duda de que es imprescindible el aislamiento de las personas infectadas por coronavirus. Sin embargo, es discutible la respuesta que hemos dado al desgarro de quienes quedan solos y desconectados de sus seres queridos, incluso en los momentos de la agon\u00eda.<\/p>\n\n\n\n<p class=\"wp-block-paragraph\">Es cierto que no ten\u00edamos experiencia de algo parecido. El lamento surge tras m\u00e1s de dos a\u00f1os de pandemia, un momento en el que todav\u00eda hay que dar demasiadas explicaciones para garantizar el acompa\u00f1amiento de pacientes con covid-19, especialmente en personas mayores o con alguna discapacidad, ingresados en hospitales o centros sociosanitarios.<\/p>\n\n\n\n<p class=\"wp-block-paragraph\">Es l\u00f3gico el sentimiento de deuda que la sociedad sigue teniendo con los mayores que murieron en soledad en la primera ola de la pandemia. Y ser\u00eda injusto ignorar los esfuerzos realizados en muchos centros asistenciales donde se ha derrochado ingenio y cari\u00f1o para facilitar calor humano en estas situaciones, a menudo en condiciones heroicas. Sin embargo, pervive la sombra y la idea de que el acompa\u00f1amiento no es esencial en el cuidado de los enfermos.<\/p>\n\n\n\n<h2 class=\"wp-block-heading\">\u00bfHab\u00eda otra soluci\u00f3n?<\/h2>\n\n\n\n<p class=\"wp-block-paragraph\">En el tratamiento de la infecci\u00f3n por covid-19 se han manejado m\u00faltiples f\u00e1rmacos sin eficacia demostrada, con un uso \u201ccompasivo\u201d, con la esperanza de lograr buenos resultados en circunstancias dram\u00e1ticas donde las vidas se nos escapaban.<\/p>\n\n\n\n<p class=\"wp-block-paragraph\">Sin embargo, no hemos tenido la misma sensibilidad para ofrecer el \u201cabrazo terap\u00e9utico\u201d, a pesar de que el coste de los equipos de protecci\u00f3n no resiste la comparaci\u00f3n con el de los f\u00e1rmacos que se han usado sin evidencia.<\/p>\n\n\n\n<p class=\"wp-block-paragraph\">Albert Jovell nos dej\u00f3 una herencia memorable defendiendo una medicina basada en la&nbsp;<a href=\"https:\/\/dialnet.unirioja.es\/servlet\/articulo?codigo=2665394\">afectividad<\/a>: \u201cLa mejor tecnolog\u00eda disponible sigue siendo la comunicaci\u00f3n entre m\u00e9dico y paciente\u201d.<\/p>\n\n\n\n<p class=\"wp-block-paragraph\">No disponemos de ensayos cl\u00ednicos que demuestren la eficacia curativa y paliativa de la afectividad. Pero \u00bfson necesarios? Karl Popper explicaba que el m\u00e9todo de una investigaci\u00f3n determina los resultados.<\/p>\n\n\n\n<p class=\"wp-block-paragraph\">Si pescamos con una red de mallas muy amplias, los peces de peque\u00f1o tama\u00f1o se escapan, lo cual no nos permite afirmar que no existen. Los valores, los derechos y los deberes, los afectos, las emociones y la espiritualidad no se atrapan f\u00e1cilmente con las redes del m\u00e9todo cient\u00edfico-experimental. Sin embargo, son realidades decisivas para la felicidad y, por tanto, para la calidad de vida.<\/p>\n\n\n\n<p class=\"wp-block-paragraph\">\u00bfPor qu\u00e9 no estamos apostando de manera m\u00e1s decidida por el acompa\u00f1amiento en el cuidado del paciente con covid-19? El Comit\u00e9 de Bio\u00e9tica de Espa\u00f1a, cuyo vicepresidente es el autor de este art\u00edculo, ha&nbsp;<a href=\"http:\/\/assets.comitedebioetica.es\/files\/documentacion\/CBE_Declaracion_sobre_acompanamiento_COVID19.pdf\">argumentado<\/a>&nbsp;de manera ponderada y realista la conveniencia de promover el derecho al acompa\u00f1amiento de las personas que lo necesitan. El desaf\u00edo es interesante.<\/p>\n\n\n\n<div class=\"wp-block-image is-style-default\"><figure class=\"aligncenter size-full\"><img loading=\"lazy\" decoding=\"async\" width=\"248\" height=\"203\" src=\"https:\/\/expertosenetica.com\/wp-content\/uploads\/2022\/02\/download.jpg\" alt=\"\" class=\"wp-image-1247\"\/><figcaption>Rogelio Altisent Trota (23\/02\/2022)<\/figcaption><\/figure><\/div>\n\n\n\n<p class=\"wp-block-paragraph\"><\/p>\n","protected":false},"excerpt":{"rendered":"<p>(Ref theconversation.com) Archibald Cochrane fue un legendario m\u00e9dico brit\u00e1nico fallecido en 1988. \u00c9l inspir\u00f3 la \u201cmedicina basada en la evidencia\u201d, paradigma actualmente de la educaci\u00f3n cient\u00edfica en las escuelas de medicina del mundo desarrollado. Al lector no especializado le sorprender\u00e1 saber que un m\u00e9dico que ejerci\u00f3 hace pocos a\u00f1os haya sido tan influyente. De hecho,&#8230;<\/p>\n","protected":false},"author":1,"featured_media":1216,"comment_status":"closed","ping_status":"open","sticky":false,"template":"","format":"standard","meta":{"_kadence_starter_templates_imported_post":false,"_kad_post_transparent":"","_kad_post_title":"","_kad_post_layout":"","_kad_post_sidebar_id":"","_kad_post_content_style":"","_kad_post_vertical_padding":"","_kad_post_feature":"","_kad_post_feature_position":"","_kad_post_header":false,"_kad_post_footer":false,"_kad_post_classname":"","_jetpack_newsletter_access":"","_jetpack_dont_email_post_to_subs":false,"_jetpack_newsletter_tier_id":0,"_jetpack_memberships_contains_paywalled_content":false,"_jetpack_memberships_contains_paid_content":false,"footnotes":""},"categories":[1],"tags":[37],"class_list":["post-1215","post","type-post","status-publish","format-standard","has-post-thumbnail","hentry","category-uncategorized","tag-covid"],"jetpack_sharing_enabled":true,"jetpack_featured_media_url":"https:\/\/expertosenetica.com\/wp-content\/uploads\/2022\/02\/unnamed.jpg","post_mailing_queue_ids":[],"_links":{"self":[{"href":"https:\/\/expertosenetica.com\/index.php\/wp-json\/wp\/v2\/posts\/1215","targetHints":{"allow":["GET"]}}],"collection":[{"href":"https:\/\/expertosenetica.com\/index.php\/wp-json\/wp\/v2\/posts"}],"about":[{"href":"https:\/\/expertosenetica.com\/index.php\/wp-json\/wp\/v2\/types\/post"}],"author":[{"embeddable":true,"href":"https:\/\/expertosenetica.com\/index.php\/wp-json\/wp\/v2\/users\/1"}],"replies":[{"embeddable":true,"href":"https:\/\/expertosenetica.com\/index.php\/wp-json\/wp\/v2\/comments?post=1215"}],"version-history":[{"count":4,"href":"https:\/\/expertosenetica.com\/index.php\/wp-json\/wp\/v2\/posts\/1215\/revisions"}],"predecessor-version":[{"id":1249,"href":"https:\/\/expertosenetica.com\/index.php\/wp-json\/wp\/v2\/posts\/1215\/revisions\/1249"}],"wp:featuredmedia":[{"embeddable":true,"href":"https:\/\/expertosenetica.com\/index.php\/wp-json\/wp\/v2\/media\/1216"}],"wp:attachment":[{"href":"https:\/\/expertosenetica.com\/index.php\/wp-json\/wp\/v2\/media?parent=1215"}],"wp:term":[{"taxonomy":"category","embeddable":true,"href":"https:\/\/expertosenetica.com\/index.php\/wp-json\/wp\/v2\/categories?post=1215"},{"taxonomy":"post_tag","embeddable":true,"href":"https:\/\/expertosenetica.com\/index.php\/wp-json\/wp\/v2\/tags?post=1215"}],"curies":[{"name":"wp","href":"https:\/\/api.w.org\/{rel}","templated":true}]}}