{"id":124,"date":"2016-02-08T11:44:02","date_gmt":"2016-02-08T11:44:02","guid":{"rendered":"https:\/\/expertosenetica.com\/?p=124"},"modified":"2016-02-08T11:44:02","modified_gmt":"2016-02-08T11:44:02","slug":"el-rechazo-a-las-vacunas-propuestas-para-un-debate-necesario-informe-del-comite-de-bioetica-de-espana","status":"publish","type":"post","link":"https:\/\/expertosenetica.com\/index.php\/2016\/02\/08\/el-rechazo-a-las-vacunas-propuestas-para-un-debate-necesario-informe-del-comite-de-bioetica-de-espana\/","title":{"rendered":"\u00abEl rechazo a las vacunas; propuestas para un debate necesario\u00bb. Informe del Comit\u00e9 de Bio\u00e9tica de Espa\u00f1a"},"content":{"rendered":"<p>El Comit\u00e9 Nacional de Bio\u00e9tica de Espa\u00f1a acaba de hacer p\u00fablico un detallado <a href=\"http:\/\/www.comitedebioetica.es\/documentacion\/docs\/cuestiones-etico-legales-rechazo-vacunas-propuestas-debate-necesario.pdf\">informe<\/a> sobre<strong> cuestiones de car\u00e1cter \u00e9tico, legal y de salud p\u00fablica que lleva consigo el rechazo de las vacunas<\/strong>. En este documento realiza una serie de propuestas a la sociedad con objeto de suscitar un debate informado sobre una cuesti\u00f3n tan actual, como el rechazo por parte de algunos sectores, de las vacunas.<\/p>\n<p>Eeste Comit\u00e9 es un organismo colegiado, independiente y de car\u00e1cter consultivo, creado por la ley 14\/2007 de investigaci\u00f3n biom\u00e9dica. A propuesta de la Administraci\u00f3n o por propia iniciativa, emite informes, propuestas y recomendaciones sobre materias relacionadas con las implicaciones \u00e9ticas y sociales de la Biomedicina y de las Ciencias de la Salud. Forman parte del mismo prestigiosos cient\u00edficos y personalidades relevantes de la Biomedicina espa\u00f1ola.<\/p>\n","protected":false},"excerpt":{"rendered":"<p>El Comit\u00e9 Nacional de Bio\u00e9tica de Espa\u00f1a acaba de hacer p\u00fablico un detallado informe sobre cuestiones de car\u00e1cter \u00e9tico, legal y de salud p\u00fablica que lleva consigo el rechazo de las vacunas. En este documento realiza una serie de propuestas a la sociedad con objeto de suscitar un debate informado sobre una cuesti\u00f3n tan actual,&#8230;<\/p>\n","protected":false},"author":1,"featured_media":0,"comment_status":"closed","ping_status":"open","sticky":false,"template":"","format":"standard","meta":{"_kadence_starter_templates_imported_post":false,"_kad_post_transparent":"","_kad_post_title":"","_kad_post_layout":"","_kad_post_sidebar_id":"","_kad_post_content_style":"","_kad_post_vertical_padding":"","_kad_post_feature":"","_kad_post_feature_position":"","_kad_post_header":false,"_kad_post_footer":false,"_kad_post_classname":"","_jetpack_newsletter_access":"","_jetpack_dont_email_post_to_subs":false,"_jetpack_newsletter_tier_id":0,"_jetpack_memberships_contains_paywalled_content":false,"_jetpack_memberships_contains_paid_content":false,"footnotes":""},"categories":[10],"tags":[],"class_list":["post-124","post","type-post","status-publish","format-standard","hentry","category-documentacion"],"jetpack_sharing_enabled":true,"jetpack_featured_media_url":"","post_mailing_queue_ids":[],"_links":{"self":[{"href":"https:\/\/expertosenetica.com\/index.php\/wp-json\/wp\/v2\/posts\/124","targetHints":{"allow":["GET"]}}],"collection":[{"href":"https:\/\/expertosenetica.com\/index.php\/wp-json\/wp\/v2\/posts"}],"about":[{"href":"https:\/\/expertosenetica.com\/index.php\/wp-json\/wp\/v2\/types\/post"}],"author":[{"embeddable":true,"href":"https:\/\/expertosenetica.com\/index.php\/wp-json\/wp\/v2\/users\/1"}],"replies":[{"embeddable":true,"href":"https:\/\/expertosenetica.com\/index.php\/wp-json\/wp\/v2\/comments?post=124"}],"version-history":[{"count":0,"href":"https:\/\/expertosenetica.com\/index.php\/wp-json\/wp\/v2\/posts\/124\/revisions"}],"wp:attachment":[{"href":"https:\/\/expertosenetica.com\/index.php\/wp-json\/wp\/v2\/media?parent=124"}],"wp:term":[{"taxonomy":"category","embeddable":true,"href":"https:\/\/expertosenetica.com\/index.php\/wp-json\/wp\/v2\/categories?post=124"},{"taxonomy":"post_tag","embeddable":true,"href":"https:\/\/expertosenetica.com\/index.php\/wp-json\/wp\/v2\/tags?post=124"}],"curies":[{"name":"wp","href":"https:\/\/api.w.org\/{rel}","templated":true}]}}