{"id":1250,"date":"2022-02-28T12:05:28","date_gmt":"2022-02-28T11:05:28","guid":{"rendered":"https:\/\/expertosenetica.com\/?p=1250"},"modified":"2022-02-28T12:05:28","modified_gmt":"2022-02-28T11:05:28","slug":"el-cgcom-reitera-que-la-objecion-de-conciencia-del-personal-sanitario-es-un-derecho-individual","status":"publish","type":"post","link":"https:\/\/expertosenetica.com\/index.php\/2022\/02\/28\/el-cgcom-reitera-que-la-objecion-de-conciencia-del-personal-sanitario-es-un-derecho-individual\/","title":{"rendered":"El CGCOM reitera que la objeci\u00f3n de conciencia del personal sanitario es un derecho individual"},"content":{"rendered":"\n<p class=\"wp-block-paragraph\">El Consejo General de Colegios Oficiales de M\u00e9dicos (CGCOM) ante los cambios anunciados por el Ministerio de Igualdad para la reforma de la&nbsp;<a href=\"https:\/\/www.boe.es\/buscar\/act.php?id=BOE-A-2010-3514#:~:text=La%20Ley%20aborda%20la%20protecci%C3%B3n%20y%20garant%C3%ADa%20de,en%20el%20%C3%A1mbito%20sanitario%20como%20en%20el%20educativo.\" target=\"_blank\" rel=\"noreferrer noopener\">Ley de salud sexual<\/a>&nbsp;reitera la importancia de garantizar el derecho de objeci\u00f3n de conciencia de los profesionales m\u00e9dicos, as\u00ed como que deben de ser las administraciones quienes garanticen esta prestaci\u00f3n de la cartera de servicios del Sistema Nacional de Salud<\/p>\n\n\n\n<p class=\"wp-block-paragraph\">La corporaci\u00f3n m\u00e9dica destaca que\u00a0<strong>la objeci\u00f3n de conciencia del personal sanitario es un derecho individual\u00a0<\/strong>al que puede acogerse quien considere que una ley o mandato va en contra de sus convicciones y creencias. La garant\u00eda de que una prestaci\u00f3n del Sistema Nacional de Salud est\u00e9 disponible y sea accesible, trasciende el \u00e1mbito individual, se articula a trav\u00e9s de las redes sanitarias, y debe tener como protagonistas a los gestores, m\u00e1s que a los m\u00e9dicos\/as.<\/p>\n\n\n\n<p class=\"wp-block-paragraph\">Cabe destacar que el profesional m\u00e9dico que participe en el proceso de interrupci\u00f3n voluntaria del embarazo est\u00e1 amparado por las Leyes del Estado y&nbsp;<strong>no podr\u00e1 ser sancionado deontol\u00f3gicamente<\/strong>.<\/p>\n\n\n\n<p class=\"wp-block-paragraph\">La corporaci\u00f3n insiste en la importancia de que la futura ley tenga como pilar fundamental la formaci\u00f3n, informaci\u00f3n y promoci\u00f3n de la Salud Sexual. Para ello, el Consejo General de M\u00e9dicos se pone a disposici\u00f3n del Ministerio de Igualdad y Sanidad para potenciar, mejorar y optimizar las buenas pr\u00e1cticas en este \u00e1mbito, as\u00ed como participar en todas aquellas iniciativas enfocadas a mejorar la asistencia sanitaria a las mujeres, desde el conocimiento cient\u00edfico, el compromiso \u00e9tico y deontol\u00f3gico y la experiencia profesional.<\/p>\n\n\n\n<p class=\"wp-block-paragraph\">El CGCOM recuerda tambi\u00e9n que la mayoria de edad sanitaria a partir de los 16 a\u00f1os de forma \u201caut\u00f3noma\u201d ya est\u00e1 contemplado y regulado en la Ley 41\/2002, de autonom\u00eda del paciente. Sin embargo, manifestamos la necesidad de establecer legalmente la mayor\u00eda de edad espec\u00edficamente sanitaria, tal y como recogen otros pa\u00edses de la Uni\u00f3n Europea.<\/p>\n\n\n\n<p class=\"wp-block-paragraph\"><strong>Violencia obst\u00e9trica&nbsp;<\/strong><\/p>\n\n\n\n<p class=\"wp-block-paragraph\">El CGCOM reitera, en l\u00ednea con comunicados previos, que el concepto de \u201cviolencia obst\u00e9trica\u201d que recoger\u00eda este proyecto normativo no se ajusta a la realidad de la asistencia al embarazo, parto y posparto en nuestro pa\u00eds, criminaliza las actuaciones de profesionales que trabajan bajo los principios del rigor cient\u00edfico y la \u00e9tica m\u00e9dica y genera un v\u00ednculo sem\u00e1ntico con la violencia de g\u00e9nero, una verdadera lacra social. Por este motivo, el CGCOM solicita que se excluya este t\u00e9rmino del futuro texto de la reforma de la Ley de Salud Sexual.<\/p>\n\n\n\n<p class=\"wp-block-paragraph\">La profesi\u00f3n m\u00e9dica pide prudencia y no crear alarmas sociales innecesarias que pueden contribuir a deteriorar la necesaria confianza entre el m\u00e9dico y su paciente; rigor para denominar las pr\u00e1cticas profesionales y respeto para los especialistas que trabajan con entrega, servicio, humanidad y \u00e9tica.<\/p>\n\n\n\n<p class=\"wp-block-paragraph\">En esta l\u00ednea, el CGCOM lanz\u00f3 este mes de febrero la campa\u00f1a\u00a0<a rel=\"noreferrer noopener\" href=\"https:\/\/www.youtube.com\/watch?v=pVPPSuX5P3o\" target=\"_blank\">#gestandocuidados<\/a>\u00a0con el objetivo de reconocer y poner en valor las buenas pr\u00e1cticas de los profesionales m\u00e9dicos durante el per\u00edodo de embarazo de una mujer.<\/p>\n\n\n\n<figure class=\"wp-block-embed is-type-video is-provider-youtube wp-block-embed-youtube wp-embed-aspect-16-9 wp-has-aspect-ratio\"><div class=\"wp-block-embed__wrapper\">\n<iframe loading=\"lazy\" title=\"El CGCOM lanza una campa\u00f1a para resaltar el buen hacer m\u00e9dico durante el proceso de embarazo\" width=\"720\" height=\"405\" src=\"https:\/\/www.youtube.com\/embed\/pVPPSuX5P3o?start=3&#038;feature=oembed\" frameborder=\"0\" allow=\"accelerometer; autoplay; clipboard-write; encrypted-media; gyroscope; picture-in-picture\" allowfullscreen><\/iframe>\n<\/div><\/figure>\n","protected":false},"excerpt":{"rendered":"<p>El Consejo General de Colegios Oficiales de M\u00e9dicos (CGCOM) ante los cambios anunciados por el Ministerio de Igualdad para la reforma de la&nbsp;Ley de salud sexual&nbsp;reitera la importancia de garantizar el derecho de objeci\u00f3n de conciencia de los profesionales m\u00e9dicos, as\u00ed como que deben de ser las administraciones quienes garanticen esta prestaci\u00f3n de la cartera&#8230;<\/p>\n","protected":false},"author":1,"featured_media":1251,"comment_status":"closed","ping_status":"open","sticky":false,"template":"","format":"standard","meta":{"_kadence_starter_templates_imported_post":false,"_kad_post_transparent":"","_kad_post_title":"","_kad_post_layout":"","_kad_post_sidebar_id":"","_kad_post_content_style":"","_kad_post_vertical_padding":"","_kad_post_feature":"","_kad_post_feature_position":"","_kad_post_header":false,"_kad_post_footer":false,"_kad_post_classname":"","_jetpack_newsletter_access":"","_jetpack_dont_email_post_to_subs":false,"_jetpack_newsletter_tier_id":0,"_jetpack_memberships_contains_paywalled_content":false,"_jetpack_memberships_contains_paid_content":false,"footnotes":""},"categories":[1],"tags":[38],"class_list":["post-1250","post","type-post","status-publish","format-standard","has-post-thumbnail","hentry","category-uncategorized","tag-objecion-de-conciencia"],"jetpack_sharing_enabled":true,"jetpack_featured_media_url":"https:\/\/expertosenetica.com\/wp-content\/uploads\/2022\/02\/unnamed.png","post_mailing_queue_ids":[],"_links":{"self":[{"href":"https:\/\/expertosenetica.com\/index.php\/wp-json\/wp\/v2\/posts\/1250","targetHints":{"allow":["GET"]}}],"collection":[{"href":"https:\/\/expertosenetica.com\/index.php\/wp-json\/wp\/v2\/posts"}],"about":[{"href":"https:\/\/expertosenetica.com\/index.php\/wp-json\/wp\/v2\/types\/post"}],"author":[{"embeddable":true,"href":"https:\/\/expertosenetica.com\/index.php\/wp-json\/wp\/v2\/users\/1"}],"replies":[{"embeddable":true,"href":"https:\/\/expertosenetica.com\/index.php\/wp-json\/wp\/v2\/comments?post=1250"}],"version-history":[{"count":1,"href":"https:\/\/expertosenetica.com\/index.php\/wp-json\/wp\/v2\/posts\/1250\/revisions"}],"predecessor-version":[{"id":1252,"href":"https:\/\/expertosenetica.com\/index.php\/wp-json\/wp\/v2\/posts\/1250\/revisions\/1252"}],"wp:featuredmedia":[{"embeddable":true,"href":"https:\/\/expertosenetica.com\/index.php\/wp-json\/wp\/v2\/media\/1251"}],"wp:attachment":[{"href":"https:\/\/expertosenetica.com\/index.php\/wp-json\/wp\/v2\/media?parent=1250"}],"wp:term":[{"taxonomy":"category","embeddable":true,"href":"https:\/\/expertosenetica.com\/index.php\/wp-json\/wp\/v2\/categories?post=1250"},{"taxonomy":"post_tag","embeddable":true,"href":"https:\/\/expertosenetica.com\/index.php\/wp-json\/wp\/v2\/tags?post=1250"}],"curies":[{"name":"wp","href":"https:\/\/api.w.org\/{rel}","templated":true}]}}