{"id":1372,"date":"2022-04-11T08:33:04","date_gmt":"2022-04-11T07:33:04","guid":{"rendered":"https:\/\/expertosenetica.com\/?p=1372"},"modified":"2022-04-11T08:33:04","modified_gmt":"2022-04-11T07:33:04","slug":"el-supremo-se-une-a-la-deontologia-medica-contra-los-vientres-de-alquiler","status":"publish","type":"post","link":"https:\/\/expertosenetica.com\/index.php\/2022\/04\/11\/el-supremo-se-une-a-la-deontologia-medica-contra-los-vientres-de-alquiler\/","title":{"rendered":"El Supremo se une a la Deontolog\u00eda m\u00e9dica contra los &#8216;vientres de alquiler&#8217;"},"content":{"rendered":"\n<p class=\"wp-block-paragraph\">(Ref redaccionmedica.com)<\/p>\n\n\n\n<p class=\"wp-block-paragraph\">M\u00e9dicos y magistrados rechazan esta pr\u00e1ctica que \u00abvulnera dignidad de la mujer y el bien del menor\u00bb<\/p>\n\n\n\n<p class=\"wp-block-paragraph\">El&nbsp;<strong>Tribunal Supremo<\/strong>&nbsp;reitera que los contratos de<strong>&nbsp;gestaci\u00f3n por sustituci\u00f3n<\/strong>&nbsp;vulneran los derechos fundamentales, tanto de la mujer gestante como del ni\u00f1o gestado, y son, por tanto,&nbsp;<strong>\u00abmanifiestamente<br>contrarios al orden p\u00fablico\u00bb<\/strong>. As\u00ed lo ratifica el \u00f3rgano judicial a trav\u00e9s de una resoluci\u00f3n en la que resuelve un recurso de casaci\u00f3n interpuesto por el Ministerio Fiscal contra una sentencia que hab\u00eda declarado la filiaci\u00f3n materna respecto de una persona que no es la madre biol\u00f3gica de un&nbsp;<strong>ni\u00f1o<br>nacido de una gestaci\u00f3n por sustituci\u00f3n<\/strong>, sin aportar material gen\u00e9tico propio, llevada a cabo en M\u00e9xico mediante un contrato en el que intervino una agencia mediadora.<\/p>\n\n\n\n<p class=\"wp-block-paragraph\">El Tribunal Supremo declara que el contrato de gestaci\u00f3n por sustituci\u00f3n del caso enjuiciado entra\u00f1a un&nbsp;<strong>\u201cda\u00f1o al inter\u00e9s superior del menor\u201d<\/strong>&nbsp;y una explotaci\u00f3n de la mujer que son&nbsp;<strong>\u201cinaceptables\u201d<\/strong>. \u201cAmbos son tratados como meros objetos, no como personas dotadas de la dignidad propia de su condici\u00f3n de seres humanos y de los derechos fundamentales inherentes a esa dignidad\u201d, se\u00f1ala el \u00f3rgano, que remarca que los contratos de gestaci\u00f3n subrogada suponen&nbsp;<strong>\u201catentados a la dignidad humana\u201d<\/strong>.<\/p>\n\n\n\n<p class=\"wp-block-paragraph\">De hecho, el Tribunal destaca que estos contratos son<strong>&nbsp;\u201cnulos\u201d&nbsp;<\/strong>de pleno derecho conforme al art\u00edculo 10 de la Ley de T\u00e9cnicas de Reproducci\u00f3n Asistida y vulneran gravemente los derechos fundamentales reconocidos en la Constituci\u00f3n Espa\u00f1ola, as\u00ed como en la Convenci\u00f3n sobre los Derechos del Ni\u00f1os.<\/p>\n\n\n\n<h2 class=\"wp-block-heading\">Nuevo c\u00f3digo deontol\u00f3gico m\u00e9dico<\/h2>\n\n\n\n<p class=\"wp-block-paragraph\">La gestaci\u00f3n por sustituci\u00f3n, conocida popularmente como<strong>&nbsp;\u2018gestaci\u00f3n subrogada\u2019&nbsp;<\/strong>o&nbsp;<strong>\u2018vientres de alquiler\u2019<\/strong>, se ha convertido en una de las cuestiones jur\u00eddicas m\u00e1s controvertidas y precisamente se aborda en el&nbsp;<a href=\"https:\/\/www.redaccionmedica.com\/secciones\/medicina\/el-nuevo-codigo-deontologico-medico-anti-eutanasia-y-vientre-de-alquiler-2920\" target=\"_blank\" rel=\"noreferrer noopener\">borrador del C\u00f3digo de Deontolog\u00eda M\u00e9dica<\/a>. En este documento, que busca a\u00f1adir las \u00faltimas tendencias sanitarias y los problemas a los que se enfrentan los facultativos espa\u00f1oles, se a\u00f1aden por primera vez las&nbsp;<strong>vinculaciones \u00e9ticas de los m\u00e9dicos a la gestaci\u00f3n subrogada<\/strong>&nbsp;en un art\u00edculo espec\u00edfico.<\/p>\n\n\n\n<p class=\"wp-block-paragraph\">En concreto, se especifica que la pr\u00e1ctica del vientre de alquiler es \u201c<strong>contraria a la Deontolog\u00eda M\u00e9dica<\/strong>&nbsp;por considerarla un&nbsp;<strong>atentado contra la dignidad de la mujer y el bien superior del menor\u201d<\/strong>.<\/p>\n\n\n\n<p class=\"wp-block-paragraph\">El borrador del documento, al que ha tenido acceso&nbsp;<em>Redacci\u00f3n M\u00e9dica<\/em>, contin\u00faa en fase de aprobaci\u00f3n por la Organizaci\u00f3n M\u00e9dica Colegial para que se a\u00f1adan las posibles incorporaciones o cambios desde los 54 colegios que conforman el&nbsp;<strong>Consejo General de Colegios Oficiales de M\u00e9dicos<\/strong>&nbsp;(Cgcom).&nbsp;<\/p>\n","protected":false},"excerpt":{"rendered":"<p>(Ref redaccionmedica.com) M\u00e9dicos y magistrados rechazan esta pr\u00e1ctica que \u00abvulnera dignidad de la mujer y el bien del menor\u00bb El&nbsp;Tribunal Supremo&nbsp;reitera que los contratos de&nbsp;gestaci\u00f3n por sustituci\u00f3n&nbsp;vulneran los derechos fundamentales, tanto de la mujer gestante como del ni\u00f1o gestado, y son, por tanto,&nbsp;\u00abmanifiestamentecontrarios al orden p\u00fablico\u00bb. As\u00ed lo ratifica el \u00f3rgano judicial a trav\u00e9s de&#8230;<\/p>\n","protected":false},"author":1,"featured_media":1373,"comment_status":"closed","ping_status":"open","sticky":false,"template":"","format":"standard","meta":{"_kadence_starter_templates_imported_post":false,"_kad_post_transparent":"","_kad_post_title":"","_kad_post_layout":"","_kad_post_sidebar_id":"","_kad_post_content_style":"","_kad_post_vertical_padding":"","_kad_post_feature":"","_kad_post_feature_position":"","_kad_post_header":false,"_kad_post_footer":false,"_kad_post_classname":"","_jetpack_newsletter_access":"","_jetpack_dont_email_post_to_subs":false,"_jetpack_newsletter_tier_id":0,"_jetpack_memberships_contains_paywalled_content":false,"_jetpack_memberships_contains_paid_content":false,"footnotes":""},"categories":[1],"tags":[57,56],"class_list":["post-1372","post","type-post","status-publish","format-standard","has-post-thumbnail","hentry","category-uncategorized","tag-gestacion-subrogada","tag-vientres-alquiler"],"jetpack_sharing_enabled":true,"jetpack_featured_media_url":"https:\/\/expertosenetica.com\/wp-content\/uploads\/2022\/04\/el-supremo-se-une-a-la-deontologia-medica-contra-los-vientres-de-alquiler-7308_620x368.jpeg","post_mailing_queue_ids":[],"_links":{"self":[{"href":"https:\/\/expertosenetica.com\/index.php\/wp-json\/wp\/v2\/posts\/1372","targetHints":{"allow":["GET"]}}],"collection":[{"href":"https:\/\/expertosenetica.com\/index.php\/wp-json\/wp\/v2\/posts"}],"about":[{"href":"https:\/\/expertosenetica.com\/index.php\/wp-json\/wp\/v2\/types\/post"}],"author":[{"embeddable":true,"href":"https:\/\/expertosenetica.com\/index.php\/wp-json\/wp\/v2\/users\/1"}],"replies":[{"embeddable":true,"href":"https:\/\/expertosenetica.com\/index.php\/wp-json\/wp\/v2\/comments?post=1372"}],"version-history":[{"count":1,"href":"https:\/\/expertosenetica.com\/index.php\/wp-json\/wp\/v2\/posts\/1372\/revisions"}],"predecessor-version":[{"id":1374,"href":"https:\/\/expertosenetica.com\/index.php\/wp-json\/wp\/v2\/posts\/1372\/revisions\/1374"}],"wp:featuredmedia":[{"embeddable":true,"href":"https:\/\/expertosenetica.com\/index.php\/wp-json\/wp\/v2\/media\/1373"}],"wp:attachment":[{"href":"https:\/\/expertosenetica.com\/index.php\/wp-json\/wp\/v2\/media?parent=1372"}],"wp:term":[{"taxonomy":"category","embeddable":true,"href":"https:\/\/expertosenetica.com\/index.php\/wp-json\/wp\/v2\/categories?post=1372"},{"taxonomy":"post_tag","embeddable":true,"href":"https:\/\/expertosenetica.com\/index.php\/wp-json\/wp\/v2\/tags?post=1372"}],"curies":[{"name":"wp","href":"https:\/\/api.w.org\/{rel}","templated":true}]}}