{"id":1380,"date":"2022-04-11T18:47:01","date_gmt":"2022-04-11T17:47:01","guid":{"rendered":"https:\/\/expertosenetica.com\/?p=1380"},"modified":"2022-04-11T18:47:01","modified_gmt":"2022-04-11T17:47:01","slug":"que-es-la-sedacion-paliativa-explicado-por-un-medico-alvaro-gandara","status":"publish","type":"post","link":"https:\/\/expertosenetica.com\/index.php\/2022\/04\/11\/que-es-la-sedacion-paliativa-explicado-por-un-medico-alvaro-gandara\/","title":{"rendered":"\u00bfQu\u00e9 es la Sedaci\u00f3n Paliativa? Explicado por un m\u00e9dico (\u00c1lvaro G\u00e1ndara)"},"content":{"rendered":"\n<p class=\"wp-block-paragraph\">La Sedaci\u00f3n Paliativa es una pr\u00e1ctica m\u00e9dica \u00e9ticamente l\u00edcita cuando concurren una serie de factores para su aplicaci\u00f3n. El Dr. \u00c1lvaro G\u00e1ndara del Castillo, especialista en Cuidados Paliativos, lo explica brevemente.<\/p>\n\n\n\n<p class=\"wp-block-paragraph\">M\u00e1s info: <\/p>\n\n\n\n<p class=\"wp-block-paragraph\">Sedaci\u00f3n (Bioeticawiki) <a rel=\"noreferrer noopener\" href=\"https:\/\/www.youtube.com\/redirect?event=video_description&amp;redir_token=QUFFLUhqbmVjYzFQLUU3dzg1dm9OeDdHZW5DTURySE9Gd3xBQ3Jtc0tsN1AzY0N5YmY5WVY5N2NRbTl6NVRXX3VwWlh2c29rdmg3QVJVbXVJU1ZHcVBFSGxlMFAtT2lWemFVVnRmb0xwNDc1SzQ0cEZFcm8zNzdIS0FXTVFLOXVzdFdmNlhGMEUtZTZxdjN3Z1hxanBKbXZJQQ&amp;q=https%3A%2F%2Fwww.bioeticawiki.com%2FSedaci%25C3%25B3n&amp;v=HD-ben-Kp0s\" target=\"_blank\">https:\/\/www.bioeticawiki.com\/Sedaci%C&#8230;<\/a> <\/p>\n\n\n\n<p class=\"wp-block-paragraph\">Gu\u00eda de Sedaci\u00f3n Paliativa (Bioeticaweb) <a rel=\"noreferrer noopener\" href=\"https:\/\/www.youtube.com\/redirect?event=video_description&amp;redir_token=QUFFLUhqa043eUgtMC1RcDVGZXlYQU5qSzJzVFhUSHg3QXxBQ3Jtc0ttQ295bzdlTG9DT2tnR1cxQ2h4LXFTRzQ5VTViMjg3dGFQLUFKYU1hZ1lnc2VWWmlnbTV3WG5MQ2lPMWhRaGlQX0JsQ3FpYTJ0M2loV0JhMlhVRmdCQjhudjZHenNoUEFBNVB4ZGU1UWI1U2F1UGtrTQ&amp;q=https%3A%2F%2Fwww.bioeticaweb.com%2Fguia-de-sedacion-paliativa%2F&amp;v=HD-ben-Kp0s\" target=\"_blank\">https:\/\/www.bioeticaweb.com\/guia-de-s&#8230;<\/a> <\/p>\n\n\n\n<p class=\"wp-block-paragraph\">\u00bfLa sedaci\u00f3n paliativa acorta la vida de los pacientes? (Bioeticaweb) <a rel=\"noreferrer noopener\" href=\"https:\/\/www.youtube.com\/redirect?event=video_description&amp;redir_token=QUFFLUhqbFIwRUktZ2o0S29OQUVFWWRrWjJ0QU5uX2FPZ3xBQ3Jtc0tsNkNpbDFnN0I5UHZzb0VrYlpsa1BhZDFJVzNBQkxBQzN4TkdtYkVHQThGbzFJX2o2V3FIRDh6aFpYWTZzbGt6S3JUUVdLV3Z2RXRIOGNHbllXUlgyR3ZKVGRTa3dmaUpJTjNxNHlIQTVlQ0RWRjRzbw&amp;q=https%3A%2F%2Fwww.bioeticaweb.com%2Fla-sedacion-paliativa-acorta-la-vida-de-los-pacientes%2F&amp;v=HD-ben-Kp0s\" target=\"_blank\">https:\/\/www.bioeticaweb.com\/la-sedaci&#8230;<\/a><\/p>\n\n\n\n<figure class=\"wp-block-embed is-type-video is-provider-youtube wp-block-embed-youtube wp-embed-aspect-16-9 wp-has-aspect-ratio\"><div class=\"wp-block-embed__wrapper\">\n<iframe loading=\"lazy\" title=\"\u00bfQu\u00e9 es la Sedaci\u00f3n Paliativa? Explicado por un m\u00e9dico (\u00c1lvaro G\u00e1ndara)\" width=\"720\" height=\"405\" src=\"https:\/\/www.youtube.com\/embed\/HD-ben-Kp0s?feature=oembed\" frameborder=\"0\" allow=\"accelerometer; autoplay; clipboard-write; encrypted-media; gyroscope; picture-in-picture\" allowfullscreen><\/iframe>\n<\/div><\/figure>\n","protected":false},"excerpt":{"rendered":"<p>La Sedaci\u00f3n Paliativa es una pr\u00e1ctica m\u00e9dica \u00e9ticamente l\u00edcita cuando concurren una serie de factores para su aplicaci\u00f3n. El Dr. \u00c1lvaro G\u00e1ndara del Castillo, especialista en Cuidados Paliativos, lo explica brevemente. M\u00e1s info: Sedaci\u00f3n (Bioeticawiki) https:\/\/www.bioeticawiki.com\/Sedaci%C&#8230; Gu\u00eda de Sedaci\u00f3n Paliativa (Bioeticaweb) https:\/\/www.bioeticaweb.com\/guia-de-s&#8230; \u00bfLa sedaci\u00f3n paliativa acorta la vida de los pacientes? (Bioeticaweb) https:\/\/www.bioeticaweb.com\/la-sedaci&#8230;<\/p>\n","protected":false},"author":1,"featured_media":1381,"comment_status":"closed","ping_status":"open","sticky":false,"template":"","format":"standard","meta":{"_kadence_starter_templates_imported_post":false,"_kad_post_transparent":"","_kad_post_title":"","_kad_post_layout":"","_kad_post_sidebar_id":"","_kad_post_content_style":"","_kad_post_vertical_padding":"","_kad_post_feature":"","_kad_post_feature_position":"","_kad_post_header":false,"_kad_post_footer":false,"_kad_post_classname":"","_jetpack_newsletter_access":"","_jetpack_dont_email_post_to_subs":false,"_jetpack_newsletter_tier_id":0,"_jetpack_memberships_contains_paywalled_content":false,"_jetpack_memberships_contains_paid_content":false,"footnotes":""},"categories":[1],"tags":[],"class_list":["post-1380","post","type-post","status-publish","format-standard","has-post-thumbnail","hentry","category-uncategorized"],"jetpack_sharing_enabled":true,"jetpack_featured_media_url":"https:\/\/expertosenetica.com\/wp-content\/uploads\/2022\/04\/Alvaro-Gandara-del-Castillo.jpg","post_mailing_queue_ids":[],"_links":{"self":[{"href":"https:\/\/expertosenetica.com\/index.php\/wp-json\/wp\/v2\/posts\/1380","targetHints":{"allow":["GET"]}}],"collection":[{"href":"https:\/\/expertosenetica.com\/index.php\/wp-json\/wp\/v2\/posts"}],"about":[{"href":"https:\/\/expertosenetica.com\/index.php\/wp-json\/wp\/v2\/types\/post"}],"author":[{"embeddable":true,"href":"https:\/\/expertosenetica.com\/index.php\/wp-json\/wp\/v2\/users\/1"}],"replies":[{"embeddable":true,"href":"https:\/\/expertosenetica.com\/index.php\/wp-json\/wp\/v2\/comments?post=1380"}],"version-history":[{"count":1,"href":"https:\/\/expertosenetica.com\/index.php\/wp-json\/wp\/v2\/posts\/1380\/revisions"}],"predecessor-version":[{"id":1382,"href":"https:\/\/expertosenetica.com\/index.php\/wp-json\/wp\/v2\/posts\/1380\/revisions\/1382"}],"wp:featuredmedia":[{"embeddable":true,"href":"https:\/\/expertosenetica.com\/index.php\/wp-json\/wp\/v2\/media\/1381"}],"wp:attachment":[{"href":"https:\/\/expertosenetica.com\/index.php\/wp-json\/wp\/v2\/media?parent=1380"}],"wp:term":[{"taxonomy":"category","embeddable":true,"href":"https:\/\/expertosenetica.com\/index.php\/wp-json\/wp\/v2\/categories?post=1380"},{"taxonomy":"post_tag","embeddable":true,"href":"https:\/\/expertosenetica.com\/index.php\/wp-json\/wp\/v2\/tags?post=1380"}],"curies":[{"name":"wp","href":"https:\/\/api.w.org\/{rel}","templated":true}]}}