{"id":1387,"date":"2022-04-25T08:17:52","date_gmt":"2022-04-25T07:17:52","guid":{"rendered":"https:\/\/expertosenetica.com\/?p=1387"},"modified":"2022-04-25T08:17:52","modified_gmt":"2022-04-25T07:17:52","slug":"los-provida-constatan-el-fracaso-de-la-eutanasia-y-piden-que-los-cuidados-paliativos-sean-derecho-de-todos","status":"publish","type":"post","link":"https:\/\/expertosenetica.com\/index.php\/2022\/04\/25\/los-provida-constatan-el-fracaso-de-la-eutanasia-y-piden-que-los-cuidados-paliativos-sean-derecho-de-todos\/","title":{"rendered":"Los provida constatan el \u00abfracaso\u00bb de la eutanasia y piden que los cuidados paliativos sean \u00abderecho de todos\u00bb"},"content":{"rendered":"\n<p class=\"wp-block-paragraph\">(Ref eldebate.com)<\/p>\n\n\n\n<p class=\"wp-block-paragraph\">El m\u00e9dico paliativista Jacinto B\u00e1tiz defendi\u00f3 en el Congreso Nacional Provida que \u00abaliviar el sufrimiento no debe consistir en eliminar a quien sufre\u00bb<\/p>\n\n\n\n<p class=\"wp-block-paragraph\">La eutanasia es un fracaso\u00bb, conclu\u00eda, contundente, el m\u00e9dico\u00a0<strong>Jacinto B\u00e1tiz<\/strong>\u00a0durante en la segunda jornada del XXIV Congreso Nacional Provida. B\u00e1tiz, que ha dirigido durante 25 a\u00f1os la unidad de Cuidados Paliativos del Hospital San Juan de Dios de Santurce, tiene claro que\u00a0<strong>adelantar la muerte es una rendici\u00f3n<\/strong>, porque \u00abaliviar el sufrimiento no deber\u00eda consistir en eliminar a quien sufre\u00bb.<\/p>\n\n\n\n<p class=\"wp-block-paragraph\">La intervenci\u00f3n se enmarca en un evento organizado por la Federaci\u00f3n Espa\u00f1ola de Asociaciones Provida y la Asociaci\u00f3n Cat\u00f3lica de Propagandistas (<a rel=\"noreferrer noopener\" href=\"https:\/\/www.acdp.es\/\" target=\"_blank\">ACdP<\/a>), y que lleva por lema\u00a0<em>El lenguaje de la Vida<\/em>. En su ponencia, el doctor B\u00e1tiz defendi\u00f3 la importancia de los cuidados paliativos como alternativa a la ley de la eutanasia recientemente aprobada. \u00abLa pol\u00edtica se ha extralimitado\u00bb, destac\u00f3, ya que carga a los m\u00e9dicos con una funci\u00f3n con que no les corresponde.<\/p>\n\n\n\n<p class=\"wp-block-paragraph\"><strong>\u00abYo no me hice m\u00e9dico para poder administrar la muerte a mis pacientes\u00bb<\/strong>, insist\u00eda el tambi\u00e9n director del Instituto para Cuidar. B\u00e1tiz critic\u00f3 que las entidades dedicadas a los cuidados paliativos no fueron consultadas en la elaboraci\u00f3n de la ley de la eutanasia y se sum\u00f3 a la petici\u00f3n de una ley que garantice que lleguen a todo aquel que lo necesita. \u00abPretendemos que los paliativos no sean privilegio de unos pocos, sino el derecho de todos\u00bb.<\/p>\n\n\n\n<h3 class=\"wp-block-heading\">Compromiso con el paciente<\/h3>\n\n\n\n<p class=\"wp-block-paragraph\">El autor del libro\u00a0<em>Cuestiones sobre la eutanasia<\/em>\u00a0tambi\u00e9n pidi\u00f3 a sus colegas m\u00e9dicos m\u00e1s formaci\u00f3n en cuidados paliativos, porque \u00absi no tenemos experiencia, lo \u00fanico que se nos ha dado para ofrecer al paciente es una ley\u00bb. Tambi\u00e9n exigi\u00f3 a los objetores de conciencia no desvincularse del enfermo: \u00abCuando me acojo a la objeci\u00f3n de conciencia, no abandono al enfermo; le hago saber que estar\u00e9 con \u00e9l y le acompa\u00f1ar\u00e9, pero no le administrar\u00e9 la dosis letal ni le dar\u00e9 las pastillas para que lo haga\u00bb, explic\u00f3.<\/p>\n\n\n\n<p class=\"wp-block-paragraph\">B\u00e1tiz record\u00f3 el riesgo de caer en una \u00abpendiente resbaladiza\u00bb, y record\u00f3 a B\u00e9lgica y a Holanda, ambos pa\u00edses con leyes de eutanasia aprobadas hace 20 a\u00f1os: en el segundo caso,<strong>\u00a0se abre la posibilidad de pedir la eutanasia por cansancio vital<\/strong>. \u00abEl que pide la muerte en realidad pide otra cosa, lo que no quiere es sufrir\u00bb, se\u00f1alaba el paliativista.<\/p>\n\n\n\n<p class=\"wp-block-paragraph\"><strong>\u00abLos paliativos no alargan la vida, la ensanchan\u00bb<\/strong>, resumi\u00f3 B\u00e1tiz, recordando que el objetivo de estos tratamientos no es la muerte, sino cuidar de la vida mientras esta llega a su final, aliviando el dolor y procurando un control \u00abadecuado y en\u00e9rgico\u00bb de los s\u00edntomas. \u00abLos cuidados paliativos dignifican el cuidado del enfermo\u00bb, asegur\u00f3, y defendi\u00f3 que no solo deben ocuparse de la dimensi\u00f3n f\u00edsica del paciente, sino que tambi\u00e9n han de tener en cuenta aspectos como la espiritualidad o las emociones.<\/p>\n\n\n\n<p class=\"wp-block-paragraph\">B\u00e1tiz confes\u00f3 que \u00e9l ha aprendido mucho de los enfermos que est\u00e1n muriendo -a valorar el tiempo, a distinguir lo profundo de lo superficial-, y plante\u00f3 algunas claves para una aut\u00e9ntica buena muerte, como ser tratado en todo momento como un ser humano o no alargar innecesariamente la agon\u00eda, empleando m\u00e9todos como -de ser necesaria- la sedaci\u00f3n paliativa. \u00abEl grado de civilizaci\u00f3n de una sociedad -insist\u00eda el m\u00e9dico- se mide por c\u00f3mo defiende a sus miembros m\u00e1s vulnerables\u00bb.<\/p>\n","protected":false},"excerpt":{"rendered":"<p>(Ref eldebate.com) El m\u00e9dico paliativista Jacinto B\u00e1tiz defendi\u00f3 en el Congreso Nacional Provida que \u00abaliviar el sufrimiento no debe consistir en eliminar a quien sufre\u00bb La eutanasia es un fracaso\u00bb, conclu\u00eda, contundente, el m\u00e9dico\u00a0Jacinto B\u00e1tiz\u00a0durante en la segunda jornada del XXIV Congreso Nacional Provida. B\u00e1tiz, que ha dirigido durante 25 a\u00f1os la unidad de Cuidados&#8230;<\/p>\n","protected":false},"author":1,"featured_media":1388,"comment_status":"closed","ping_status":"open","sticky":false,"template":"","format":"standard","meta":{"_kadence_starter_templates_imported_post":false,"_kad_post_transparent":"","_kad_post_title":"","_kad_post_layout":"","_kad_post_sidebar_id":"","_kad_post_content_style":"","_kad_post_vertical_padding":"","_kad_post_feature":"","_kad_post_feature_position":"","_kad_post_header":false,"_kad_post_footer":false,"_kad_post_classname":"","_jetpack_newsletter_access":"","_jetpack_dont_email_post_to_subs":false,"_jetpack_newsletter_tier_id":0,"_jetpack_memberships_contains_paywalled_content":false,"_jetpack_memberships_contains_paid_content":false,"footnotes":""},"categories":[1],"tags":[20],"class_list":["post-1387","post","type-post","status-publish","format-standard","has-post-thumbnail","hentry","category-uncategorized","tag-cuidados-paliativos"],"jetpack_sharing_enabled":true,"jetpack_featured_media_url":"https:\/\/expertosenetica.com\/wp-content\/uploads\/2022\/04\/6264208c3877c.r_d.368-266-12129.jpg","post_mailing_queue_ids":[],"_links":{"self":[{"href":"https:\/\/expertosenetica.com\/index.php\/wp-json\/wp\/v2\/posts\/1387","targetHints":{"allow":["GET"]}}],"collection":[{"href":"https:\/\/expertosenetica.com\/index.php\/wp-json\/wp\/v2\/posts"}],"about":[{"href":"https:\/\/expertosenetica.com\/index.php\/wp-json\/wp\/v2\/types\/post"}],"author":[{"embeddable":true,"href":"https:\/\/expertosenetica.com\/index.php\/wp-json\/wp\/v2\/users\/1"}],"replies":[{"embeddable":true,"href":"https:\/\/expertosenetica.com\/index.php\/wp-json\/wp\/v2\/comments?post=1387"}],"version-history":[{"count":1,"href":"https:\/\/expertosenetica.com\/index.php\/wp-json\/wp\/v2\/posts\/1387\/revisions"}],"predecessor-version":[{"id":1389,"href":"https:\/\/expertosenetica.com\/index.php\/wp-json\/wp\/v2\/posts\/1387\/revisions\/1389"}],"wp:featuredmedia":[{"embeddable":true,"href":"https:\/\/expertosenetica.com\/index.php\/wp-json\/wp\/v2\/media\/1388"}],"wp:attachment":[{"href":"https:\/\/expertosenetica.com\/index.php\/wp-json\/wp\/v2\/media?parent=1387"}],"wp:term":[{"taxonomy":"category","embeddable":true,"href":"https:\/\/expertosenetica.com\/index.php\/wp-json\/wp\/v2\/categories?post=1387"},{"taxonomy":"post_tag","embeddable":true,"href":"https:\/\/expertosenetica.com\/index.php\/wp-json\/wp\/v2\/tags?post=1387"}],"curies":[{"name":"wp","href":"https:\/\/api.w.org\/{rel}","templated":true}]}}