{"id":1394,"date":"2022-05-05T09:16:46","date_gmt":"2022-05-05T08:16:46","guid":{"rendered":"https:\/\/expertosenetica.com\/?p=1394"},"modified":"2022-05-05T09:16:46","modified_gmt":"2022-05-05T08:16:46","slug":"diferencia-sedacion-paliativa-y-eutanasia-explicado-por-el-dr-gandara","status":"publish","type":"post","link":"https:\/\/expertosenetica.com\/index.php\/2022\/05\/05\/diferencia-sedacion-paliativa-y-eutanasia-explicado-por-el-dr-gandara\/","title":{"rendered":"Diferencia Sedaci\u00f3n Paliativa y Eutanasia. Explicado por el Dr. G\u00e1ndara"},"content":{"rendered":"\n<p class=\"wp-block-paragraph\">La Sedaci\u00f3n paliativa y la Eutanasia no deben confundirse,. Hay grandes diferencias en la intenci\u00f3n y en la metodolog\u00eda pr\u00e1ctica.. El Dr. \u00c1lvaro G\u00e1ndara lo explica con claridad y concisi\u00f3n.<\/p>\n\n\n\n<figure class=\"wp-block-embed is-type-video is-provider-youtube wp-block-embed-youtube wp-embed-aspect-16-9 wp-has-aspect-ratio\"><div class=\"wp-block-embed__wrapper\">\n<iframe loading=\"lazy\" title=\"Diferencia Sedaci\u00f3n Paliativa y. Eutanasia. Explicado por el Dr. G\u00e1ndara\" width=\"720\" height=\"405\" src=\"https:\/\/www.youtube.com\/embed\/Zi6BkKryaDI?feature=oembed\" frameborder=\"0\" allow=\"accelerometer; autoplay; clipboard-write; encrypted-media; gyroscope; picture-in-picture\" allowfullscreen><\/iframe>\n<\/div><\/figure>\n","protected":false},"excerpt":{"rendered":"<p>La Sedaci\u00f3n paliativa y la Eutanasia no deben confundirse,. Hay grandes diferencias en la intenci\u00f3n y en la metodolog\u00eda pr\u00e1ctica.. El Dr. \u00c1lvaro G\u00e1ndara lo explica con claridad y concisi\u00f3n.<\/p>\n","protected":false},"author":1,"featured_media":1395,"comment_status":"closed","ping_status":"open","sticky":false,"template":"","format":"standard","meta":{"_kadence_starter_templates_imported_post":false,"_kad_post_transparent":"","_kad_post_title":"","_kad_post_layout":"","_kad_post_sidebar_id":"","_kad_post_content_style":"","_kad_post_vertical_padding":"","_kad_post_feature":"","_kad_post_feature_position":"","_kad_post_header":false,"_kad_post_footer":false,"_kad_post_classname":"","_jetpack_newsletter_access":"","_jetpack_dont_email_post_to_subs":false,"_jetpack_newsletter_tier_id":0,"_jetpack_memberships_contains_paywalled_content":false,"_jetpack_memberships_contains_paid_content":false,"footnotes":""},"categories":[1],"tags":[19,60],"class_list":["post-1394","post","type-post","status-publish","format-standard","has-post-thumbnail","hentry","category-uncategorized","tag-eutanasia","tag-sedacion-paliativa"],"jetpack_sharing_enabled":true,"jetpack_featured_media_url":"https:\/\/expertosenetica.com\/wp-content\/uploads\/2022\/05\/dr-gandara-covid-19-ingresado-uvi-2.jpg","post_mailing_queue_ids":[],"_links":{"self":[{"href":"https:\/\/expertosenetica.com\/index.php\/wp-json\/wp\/v2\/posts\/1394","targetHints":{"allow":["GET"]}}],"collection":[{"href":"https:\/\/expertosenetica.com\/index.php\/wp-json\/wp\/v2\/posts"}],"about":[{"href":"https:\/\/expertosenetica.com\/index.php\/wp-json\/wp\/v2\/types\/post"}],"author":[{"embeddable":true,"href":"https:\/\/expertosenetica.com\/index.php\/wp-json\/wp\/v2\/users\/1"}],"replies":[{"embeddable":true,"href":"https:\/\/expertosenetica.com\/index.php\/wp-json\/wp\/v2\/comments?post=1394"}],"version-history":[{"count":1,"href":"https:\/\/expertosenetica.com\/index.php\/wp-json\/wp\/v2\/posts\/1394\/revisions"}],"predecessor-version":[{"id":1396,"href":"https:\/\/expertosenetica.com\/index.php\/wp-json\/wp\/v2\/posts\/1394\/revisions\/1396"}],"wp:featuredmedia":[{"embeddable":true,"href":"https:\/\/expertosenetica.com\/index.php\/wp-json\/wp\/v2\/media\/1395"}],"wp:attachment":[{"href":"https:\/\/expertosenetica.com\/index.php\/wp-json\/wp\/v2\/media?parent=1394"}],"wp:term":[{"taxonomy":"category","embeddable":true,"href":"https:\/\/expertosenetica.com\/index.php\/wp-json\/wp\/v2\/categories?post=1394"},{"taxonomy":"post_tag","embeddable":true,"href":"https:\/\/expertosenetica.com\/index.php\/wp-json\/wp\/v2\/tags?post=1394"}],"curies":[{"name":"wp","href":"https:\/\/api.w.org\/{rel}","templated":true}]}}