{"id":1406,"date":"2022-05-28T09:22:00","date_gmt":"2022-05-28T08:22:00","guid":{"rendered":"https:\/\/expertosenetica.com\/?p=1406"},"modified":"2022-05-29T11:19:52","modified_gmt":"2022-05-29T10:19:52","slug":"comprender-los-cuidados-paliativos-una-responsabilidad-de-todos","status":"publish","type":"post","link":"https:\/\/expertosenetica.com\/index.php\/2022\/05\/28\/comprender-los-cuidados-paliativos-una-responsabilidad-de-todos\/","title":{"rendered":"Comprender los Cuidados Paliativos: Una responsabilidad de todos"},"content":{"rendered":"\n<p class=\"wp-block-paragraph\"><em><strong>Una responsabilidad de todos<\/strong><\/em>\u2026. EUVITA ha visto conveniente y oportuno difundir el valioso proyecto de la SECPAL\u00a0 (Sociedad Espa\u00f1ola de Cuidados Paliativos) conocido como \u201c<em><strong>Comprender los Cuidados Paliativos: Una responsabilidad de todos<\/strong><\/em>\u201c. Acogemos y hacemos nuestra esta propuesta.<\/p>\n\n\n\n<p class=\"wp-block-paragraph\">Fuente:&nbsp;<a href=\"http:\/\/infocuidadospaliativos.com\/secpal-lanza-el-proyecto-comprender-los-cuidados-paliativos-una-responsabilidad-de-todos\/\" target=\"_blank\" rel=\"noreferrer noopener\">InfoCuidadosPaliativos.com&nbsp;<\/a>&nbsp;Autor:&nbsp;<a href=\"https:\/\/www.secpal.com\/El-Dr-Juan-Pablo-Leiva-nuevo-presidente-de-la-Sociedad-Espanola-de-Cuidados-Paliativos\" target=\"_blank\" rel=\"noreferrer noopener\"><em><strong>Juan Pablo Leiva<\/strong><\/em><\/a>, presidente de SECPAL.<\/p>\n\n\n\n<h2 class=\"wp-block-heading\">Los Cuidados Paliativos, una responsabilidad de todos.<\/h2>\n\n\n\n<p class=\"wp-block-paragraph\">La Organizaci\u00f3n Mundial de la Salud (OMS) est\u00e1 implementando actualmente su 13\u00ba Programa General de Trabajo (GPW13, del ingl\u00e9s General Programme of Work) para ayudar a los pa\u00edses a alcanzar todos los Objetivos de Desarrollo Sostenible (ODS) relacionados con la salud. GPW13 se estructura en torno a tres prioridades estrat\u00e9gicas interconectadas: lograr la cobertura universal de salud (CUS); abordar las emergencias sanitarias y promover poblaciones m\u00e1s saludables.<\/p>\n\n\n\n<p class=\"wp-block-paragraph\">Los Cuidados Paliativos, que han sido identificados por la Asamblea Mundial de la Salud como \u201c<em><strong>una responsabilidad \u00e9tica de los sistemas de salud<\/strong><\/em>\u201d, (WHA67.19), son parte de este esfuerzo global hacia la cobertura universal de salud. Sin embargo,&nbsp;<em>todav\u00eda no son accesibles para la gran mayor\u00eda de personas<\/em>&nbsp;\u2013adultos y ni\u00f1os\u2013&nbsp;<em>que los necesitan<\/em>.<\/p>\n\n\n\n<p class=\"wp-block-paragraph\">Es importante conocer que, desde la \u00f3ptica de Salud P\u00fablica,<em>&nbsp;los Cuidados Paliativos son una responsabilidad de todos, siendo esta conceptualizaci\u00f3n la que da soporte a la creaci\u00f3n de redes de colaboraci\u00f3n que reivindican el cultivo de la compasi\u00f3n en m\u00faltiples niveles y escenarios de la comunidad.<\/em>&nbsp;Esta visi\u00f3n contribuye al enfoque de Salud P\u00fablica mundialmente adoptado para la promoci\u00f3n de los Cuidados Paliativos como un derecho humano. Muchos son los esfuerzos que se han hecho por dar visibilidad a los Cuidados Paliativos en Espa\u00f1a; sin embargo, en el momento actual debemos dar un paso m\u00e1s all\u00e1 y promover que los Cuidados Paliativos puedan ser ampliamente comprendidos por la poblaci\u00f3n en general y por los profesionales de la salud.<\/p>\n\n\n\n<p class=\"wp-block-paragraph\">\u00bfPor qu\u00e9 deben comprenderse los Cuidados Paliativos? A trav\u00e9s de su respuesta humana e integral hacia la muerte, la p\u00e9rdida y el morir,&nbsp;<em><strong>los Cuidados Paliativos han revolucionado la forma en que se realiza y proporciona la atenci\u00f3n en el fin de la vida<\/strong><\/em>. Son internacionalmente reconocidos como una parte crucial de la integraci\u00f3n de los servicios de salud centrados en las personas. A pesar de esto, en los sistemas nacionales de salud se documenta la necesidad de un liderazgo que facilite una mejor comprensi\u00f3n e integraci\u00f3n de la compasi\u00f3n y de una atenci\u00f3n que dignifique el final de la vida.<\/p>\n\n\n\n<p class=\"wp-block-paragraph\">Tambi\u00e9n se ha criticado a los servicios de Cuidados Paliativos por no llegar a los colectivos vulnerables. En este sentido, los profesionales, junto con la comunidad, debemos buscar los recursos y alianzas que nos permitan proyectar el desarrollo de los Cuidados Paliativos hacia estos colectivos. Hist\u00f3ricamente, los Cuidados Paliativos emergen en un grupo vulnerable de pacientes, es decir, las personas con dolencias oncol\u00f3gicas que ten\u00edan menores opciones de tratamiento de las que disponemos hoy en d\u00eda.<\/p>\n\n\n\n<p class=\"wp-block-paragraph\">Por lo tanto, invito a los profesionales a inspirarse en los retos de los grupos vulnerables para desarrollar, m\u00e1s all\u00e1 de los m\u00ednimos, los programas actuales de Cuidados Paliativos. No es tarea f\u00e1cil. Sin embargo,&nbsp;<em>cada profesional comprometido con los Cuidados Paliativos no es solo un sanitario m\u00e1s<\/em>, sino m\u00e1s bien&nbsp;<em>un profesional de la salud activista por un derecho humano<\/em>, el alivio del sufrimiento relacionado con la salud-enfermedad al final de la vida.<\/p>\n\n\n\n<p class=\"wp-block-paragraph\">Las preocupaciones relacionadas con el acceso a Cuidados Paliativos han sido magnificadas por los cambios globales en los perfiles demogr\u00e1ficos, ya se\u00f1alados por expertos, que se inclinan hacia criterios tradicionales: edad, multimorbilidad, c\u00e1ncer y fragilidad. Los perfiles que salen de estos criterios tradicionales suelen estar, en numerosas ocasiones, con menor calidad en la atenci\u00f3n de sus necesidades paliativas.<\/p>\n\n\n\n<p class=\"wp-block-paragraph\">Comprender los Cuidados Paliativos desde la Salud P\u00fablica es fundamental para disminuir la inequidad en el acceso a esta atenci\u00f3n. Una de las responsabilidades de la Sociedad Espa\u00f1ola de Cuidados Paliativos (SECPAL) es promover que los profesionales de la salud y la poblaci\u00f3n en general conozcan y dispongan de la informaci\u00f3n necesaria para que puedan contribuir a que las personas con necesidades paliativas cuenten con la atenci\u00f3n necesaria.<\/p>\n\n\n\n<p class=\"wp-block-paragraph\">La SECPAL fue fundada en enero de 1992, y cuenta en la actualidad con m\u00e1s de 2.000 miembros de diferentes disciplinas, especialidades y \u00e1mbitos de atenci\u00f3n.<\/p>\n\n\n\n<p class=\"wp-block-paragraph\">SECPAL es, por tanto, una organizaci\u00f3n multidisciplinar, referente en Espa\u00f1a y en el mundo hispanohablante para la promoci\u00f3n de la equidad y calidad en la atenci\u00f3n a personas con enfermedades avanzadas, cr\u00f3nicas y progresivas sin opci\u00f3n a tratamiento curativo. La docencia, la investigaci\u00f3n y el asesoramiento a la Administraci\u00f3n para el desarrollo y la implementaci\u00f3n de los cuidados paliativos en Espa\u00f1a son elementos fundamentales en la agenda de esta sociedad cient\u00edfica.&nbsp;<\/p>\n\n\n\n<p class=\"wp-block-paragraph\">La estrecha asociaci\u00f3n entre la Salud P\u00fablica, la promoci\u00f3n de la salud y los Cuidados Paliativos no es obvia. Las medidas tradicionales de Salud P\u00fablica, como la prevenci\u00f3n y el control de enfermedades, se han adoptado por los cuidados paliativos desde la d\u00e9cada de 1990, ayudando para mejorar el acceso a la analgesia e integrar los servicios de Cuidados Paliativos en las principales estructuras de la atenci\u00f3n sanitaria.<\/p>\n\n\n\n<p class=\"wp-block-paragraph\">El enfoque propuesto por A. Kellehear reconoce que, a menudo, son m\u00e1s bien los amigos, familiares y personas cercanas quienes brindan la mayor parte de la atenci\u00f3n a una persona que est\u00e1 muriendo o sufriendo. Por lo tanto, la poblaci\u00f3n en general, as\u00ed como los profesionales de la salud, est\u00e1n en la necesidad de conocer con mayor propiedad los recursos, habilidades y conceptos necesarios para que, en el final de la vida, las personas puedan ser atendidas con calidad y que el sufrimiento prevenible pueda ser aliviado.<\/p>\n\n\n\n<p class=\"wp-block-paragraph\">Por ello, la SECPAL inicia una serie de publicaciones orientadas a la divulgaci\u00f3n y comprensi\u00f3n de los Cuidados Paliativos coordinadas por nuestra vicepresidenta,&nbsp;<em><strong>Helena Garc\u00eda Llana<\/strong><\/em>, y nuestra vocal de \u00c9tica y Espiritualidad,&nbsp;<em><strong>M\u00f3nica Dones<\/strong><\/em>, y elaboradas con la colaboraci\u00f3n de un nutrido grupo de autores de todos los estamentos. Gracias a todos ellos por su esfuerzo y buen hacer.<\/p>\n\n\n\n<p class=\"wp-block-paragraph\">Los destinatarios son nuestros socios, as\u00ed como los profesionales de las diferentes sociedades cient\u00edficas que componen la red global de atenci\u00f3n sanitaria en Espa\u00f1a, pero no solamente. La redacci\u00f3n y edici\u00f3n de estos documentos est\u00e1 cuidada con tal esmero que esperamos puedan ser parte de la lectura de la poblaci\u00f3n en general.<\/p>\n\n\n\n<p class=\"wp-block-paragraph\">Las publicaciones divulgativas abordar\u00e1n los siguientes temas:<\/p>\n\n\n\n<ol class=\"wp-block-list\"><li>Comprender los Cuidados Paliativos<\/li><li>\u00bfQu\u00e9 es la adecuaci\u00f3n de esfuerzo terap\u00e9utico?<\/li><li>\u00bfQu\u00e9 es la terapia de sedaci\u00f3n paliativa?<\/li><li>\u00bfQu\u00e9 es la objeci\u00f3n de conciencia?<\/li><li>\u00bfQu\u00e9 es el m\u00e9todo deliberativo?<\/li><li>\u00bfQu\u00e9 es la planificaci\u00f3n compartida de la atenci\u00f3n?<\/li><li>\u00bfQu\u00e9 es el cuidado basado en la dignidad?<\/li><li>\u00bfQu\u00e9 es la integraci\u00f3n en Cuidados Paliativos?<\/li><li>\u00bfC\u00f3mo abordamos el sufrimiento al final de la vida?<\/li><li>\u00bfQu\u00e9 es el acompa\u00f1amiento espiritual?<\/li><li>\u00bfQu\u00e9 es el s\u00edndrome de desmoralizaci\u00f3n?<\/li><li>\u00bfC\u00f3mo influye el apoyo social en la calidad de vida de las personas con enfermedad avanzada?<\/li><\/ol>\n\n\n\n<p class=\"wp-block-paragraph\">Esperamos que estas publicaciones divulgativas despierten el inter\u00e9s por un mejor conocimiento sobre la ciencia dedicada a aliviar, acompa\u00f1ar y cuidar del sufrimiento relacionado con el final de la vida de las personas y sus seres queridos.<\/p>\n","protected":false},"excerpt":{"rendered":"<p>Una responsabilidad de todos\u2026. EUVITA ha visto conveniente y oportuno difundir el valioso proyecto de la SECPAL\u00a0 (Sociedad Espa\u00f1ola de Cuidados Paliativos) conocido como \u201cComprender los Cuidados Paliativos: Una responsabilidad de todos\u201c. Acogemos y hacemos nuestra esta propuesta. Fuente:&nbsp;InfoCuidadosPaliativos.com&nbsp;&nbsp;Autor:&nbsp;Juan Pablo Leiva, presidente de SECPAL. Los Cuidados Paliativos, una responsabilidad de todos. La Organizaci\u00f3n Mundial de&#8230;<\/p>\n","protected":false},"author":1,"featured_media":1407,"comment_status":"closed","ping_status":"open","sticky":false,"template":"","format":"standard","meta":{"_kadence_starter_templates_imported_post":false,"_kad_post_transparent":"","_kad_post_title":"","_kad_post_layout":"","_kad_post_sidebar_id":"","_kad_post_content_style":"","_kad_post_vertical_padding":"","_kad_post_feature":"","_kad_post_feature_position":"","_kad_post_header":false,"_kad_post_footer":false,"_kad_post_classname":"","_jetpack_newsletter_access":"","_jetpack_dont_email_post_to_subs":false,"_jetpack_newsletter_tier_id":0,"_jetpack_memberships_contains_paywalled_content":false,"_jetpack_memberships_contains_paid_content":false,"footnotes":""},"categories":[1],"tags":[20],"class_list":["post-1406","post","type-post","status-publish","format-standard","has-post-thumbnail","hentry","category-uncategorized","tag-cuidados-paliativos"],"jetpack_sharing_enabled":true,"jetpack_featured_media_url":"https:\/\/expertosenetica.com\/wp-content\/uploads\/2022\/05\/comprender-cuidados-paliativos.png","post_mailing_queue_ids":[],"_links":{"self":[{"href":"https:\/\/expertosenetica.com\/index.php\/wp-json\/wp\/v2\/posts\/1406","targetHints":{"allow":["GET"]}}],"collection":[{"href":"https:\/\/expertosenetica.com\/index.php\/wp-json\/wp\/v2\/posts"}],"about":[{"href":"https:\/\/expertosenetica.com\/index.php\/wp-json\/wp\/v2\/types\/post"}],"author":[{"embeddable":true,"href":"https:\/\/expertosenetica.com\/index.php\/wp-json\/wp\/v2\/users\/1"}],"replies":[{"embeddable":true,"href":"https:\/\/expertosenetica.com\/index.php\/wp-json\/wp\/v2\/comments?post=1406"}],"version-history":[{"count":2,"href":"https:\/\/expertosenetica.com\/index.php\/wp-json\/wp\/v2\/posts\/1406\/revisions"}],"predecessor-version":[{"id":1409,"href":"https:\/\/expertosenetica.com\/index.php\/wp-json\/wp\/v2\/posts\/1406\/revisions\/1409"}],"wp:featuredmedia":[{"embeddable":true,"href":"https:\/\/expertosenetica.com\/index.php\/wp-json\/wp\/v2\/media\/1407"}],"wp:attachment":[{"href":"https:\/\/expertosenetica.com\/index.php\/wp-json\/wp\/v2\/media?parent=1406"}],"wp:term":[{"taxonomy":"category","embeddable":true,"href":"https:\/\/expertosenetica.com\/index.php\/wp-json\/wp\/v2\/categories?post=1406"},{"taxonomy":"post_tag","embeddable":true,"href":"https:\/\/expertosenetica.com\/index.php\/wp-json\/wp\/v2\/tags?post=1406"}],"curies":[{"name":"wp","href":"https:\/\/api.w.org\/{rel}","templated":true}]}}