{"id":141,"date":"2016-02-26T15:26:19","date_gmt":"2016-02-26T15:26:19","guid":{"rendered":"https:\/\/expertosenetica.com\/?p=141"},"modified":"2016-02-26T15:26:19","modified_gmt":"2016-02-26T15:26:19","slug":"el-defensor-advierte-de-que-rechazar-una-derivacion-a-la-privada-no-justifica-largas-demoras","status":"publish","type":"post","link":"https:\/\/expertosenetica.com\/index.php\/2016\/02\/26\/el-defensor-advierte-de-que-rechazar-una-derivacion-a-la-privada-no-justifica-largas-demoras\/","title":{"rendered":"El Defensor advierte de que rechazar una derivaci\u00f3n a la privada no justifica largas demoras"},"content":{"rendered":"<div class=\"Entradilla\">\n<p>El Defensor del Pueblo recibi\u00f3 el doble de quejas en 2015 que en 2014, la mayor\u00eda sobre falta de acceso a f\u00e1rmacos de hepatitis C, listas de espera, y problemas de acceso a f\u00e1rmacos en autonom\u00edas diferentes a la de residencia.<\/p>\n<\/div>\n<p class=\"FuenteFecha\">Laura G. Iba\u00f1es \u00a0 Diario M\u00e9dico, 25\/02\/2016 14:57<\/p>\n<div class=\"columna columna-col100\"><\/div>\n<div class=\"columna columna-izda64-dcha34\">\n<div class=\"Columna64Izda\">\n<div class=\"NoticiaFicha \">\n<div class=\"Antetitulo\">Se han duplicado las quejas en 2015<\/div>\n<h1>El Defensor advierte de que rechazar una derivaci\u00f3n a la privada no justifica largas demoras<\/h1>\n<div class=\"Entradilla\">\n<p>El Defensor del Pueblo recibi\u00f3 el doble de quejas en 2015 que en 2014, la mayor\u00eda sobre falta de acceso a f\u00e1rmacos de hepatitis C, listas de espera, y problemas de acceso a f\u00e1rmacos en autonom\u00edas diferentes a la de residencia<\/p>\n<\/div>\n<div class=\"ComentariosVotos\"><\/div>\n<div class=\"FotoGaleria\">\n<p><img decoding=\"async\" src=\"http:\/\/static.diariomedico.com\/images\/2016\/02\/25\/becerril_1.jpg\" alt=\"Presentaci\u00f3n del informe del Defensor del Pueblo\" \/><\/p>\n<div class=\"PieFoto\">\n<p>La defensora del Pueblo, Soledad Becerril, ha entregado este jueves al presidente del Congreso, Patxi L\u00f3pez, su informe anual. ((Defensor del Pueblo))<\/p>\n<\/div>\n<\/div>\n<div class=\"Texto\">\n<div class=\"Multimedia\"><\/div>\n<p>La defensora del Pueblo, Soledad Becerril, ha presentado este jueves en el Congreso de los Diputados su informe anual, correspondiente a 2015, en el que se han disparado las quejas recibidas respecto a 2014, duplic\u00e1ndose hasta alcanzar las 1.465 quejas.<\/p>\n<p>El grueso de las quejas sanitarias corresponden a \u00abcomo ha ocurrido otros a\u00f1os a listas de espera para cirug\u00edas\u00bb, seg\u00fan ha explicado la propia defensora del Pueblo, pero tambi\u00e9n a quejas por falta de acceso a f\u00e1rmacos de hepatitis C. Sobre esta cuesti\u00f3n, Becerril ha detallado que \u00abdesde el segundo trimestre del a\u00f1o han ido reduci\u00e9ndose las quejas recibidas por los medicamentos para la hepatitis C\u00bb, como consecuencia de la aplicaci\u00f3n del<a href=\"http:\/\/www.diariomedico.com\/especial\/mejores-ideas-2015\/politica-sanitaria\/plan-nacional-de-hepatitis-c-satisfaccion-tras-polemica-\"> plan estrat\u00e9gico nacional<\/a>. En este sentido, Becerril ha celebrado que, en el caso de las quejas sanitarias, incluidas las de demoras y las de hepatitis, \u00abcuando se llama la atenci\u00f3n al ministro o a una autonom\u00eda sobre alguna cuesti\u00f3n se suele solventar\u00bb.<\/p>\n<ul>\n<li><strong>Hepatitis C:<\/strong> En lo que se refiere a los f\u00e1rmacos para la hepatitis C, el informe detalla que el Ministerio de Sanidad remiti\u00f3 informaci\u00f3n al Defensor del Pueblo sobre \u00abla estrategia de priorizaci\u00f3n de casos y los acuerdos adicionales de financiaci\u00f3n\u00bb que se adoptaron y \u00ablas actuaciones seguidas con algunas comunidades aut\u00f3nomas, sobre situaciones denunciadas por pacientes para los que se retrasaba el inicio del tratamiento a pesar de su necesidad terap\u00e9utica que en alg\u00fan supuesto era urgente, han puesto de manifiesto, con car\u00e1cter general, que las previsiones estrat\u00e9gicas del plan est\u00e1n siendo cumplidas\u00bb.Con todo, el propio informe reconoce que \u00absiguen recibi\u00e9ndose quejas de aquellos pacientes cuyo grado de desarrollo de la enfermedad a\u00fan no alcanza el previsto en la estrategia de priorizaci\u00f3n y que se\u00f1alan que el acceso al tratamiento les evitar\u00eda el agravamiento de su<\/li>\n<li>enfermedad\u00bb, por lo que el Defensor continuar\u00e1 vigilando la cuesti\u00f3n.<\/li>\n<li><strong>&#8216;Fronteras&#8217; auton\u00f3micas:<\/strong> La falta de acceso a f\u00e1rmacos de hepatitis C no ha sido la \u00fanica denunciada. Entre las quejas figura tambi\u00e9n el \u00abretraso de varios meses hasta que se logra un acuerdo de financiaci\u00f3n\u00bb para los f\u00e1rmacos hu\u00e9rfanos para enfermedades raras y los \u00abproblemas de dispensaci\u00f3n de medicamentos que han tenido los ciudadanos cuando se han desplazado a comunidades aut\u00f3nomas distintas de las de su residencia\u00bb. Al respecto, se detalla que incluso, en algunos de estos casos \u00abse informa incorrectamente a los pacientes acerca de la falta de acuerdos entre autonom\u00edas para admitir las recetas prescritas en otro territorio\u00bb.Esto ha motivado una actuaci\u00f3n de oficio del Defensor del Pueblo para comprobar \u00ablos problemas operativos [de las boticas] para hacer efectivas las recetas y aplicar el tipo de copago farmac\u00e9utico que corresponde a cada usuario cuando procede de otra autonom\u00eda\u00bb, puesto que esto \u00abno debiera impedir la correcta dispensaci\u00f3n de los medicamentos\u00bb. Adem\u00e1s, se ha requerido al Ministerio de Sanidad informaci\u00f3n sobre el avance de la receta electr\u00f3nica para evitar estos problemas.<\/li>\n<li><strong>Listas de espera<\/strong>: En cuanto a las listas de espera, el informe detalla que \u00abhay un elevado n\u00famero de pacientes que deben esperar no pocos meses e incluso a\u00f1os para recibir tratamiento especializado\u00bb. Y, para justificar estas demoras, algunas autonom\u00edas han argumentado \u00abque los pacientes hab\u00eda rechazado la opci\u00f3n de ser intervenidos en un centro alternativo concertado\u00bb. Sin embargo, el Defensor del Pueblo afirma que \u00abel hecho de que los pacientes hayan decidido, en el marco de su libertad de elecci\u00f3n, ser atendidos en su hospital de referencia y por los profesionales que tradicionalmente les han prestado la atenci\u00f3n no puede justificar, a criterio de estas instituci\u00f3n, que permanezcan durante amplios periodos de tiempo a la espera de la realizaci\u00f3n de los procedimientos programados\u00bb.<\/li>\n<li><strong>Falta de recursos en AP<\/strong>: Las quejas por demoras no se reducen al \u00e1mbito especializado.<\/li>\n<li>El informe destaca tambi\u00e9n casos de esperas de hasta 9 d\u00edas para ser atendido en centros de primaria y demoras en la administraci\u00f3n de vacunas por falta de personal y ausencia de pediatras.<br \/>\nEntre las denuncias recibidas todav\u00eda persisten algunas en Madrid y Castilla-La Mancha por falta de atenci\u00f3n a pacientes sin papeles y a hijos de inmigrantes en situaci\u00f3n irregular si bien las autonom\u00edas parecen haber adoptado las recomendaciones lanzadas por el Defensor del Pueblo sobre esta cuesti\u00f3n.<\/li>\n<li><strong>Agresiones a profesionales<\/strong>: Tambi\u00e9n se habr\u00eda hecho eco el Ministerio de Sanidad de la necesidad de adoptar medidas para mejorar la seguridad del personal sanitario frente a agresiones, tras la denuncia de la OMC. Por el contrario, Catalu\u00f1a habr\u00eda declinado la recomendaci\u00f3n de no exigir padr\u00f3n para obtener tarjeta sanitaria a los estudiantes desplazados en su autonom\u00eda.<\/li>\n<li><strong>Equidad en cartera de servicios<\/strong>: Camino por andar queda tambi\u00e9n para conseguir equidad en el acceso a pruebas gen\u00f3micas para el pron\u00f3stico de pacientes con c\u00e1ncer de mama \u00abque se aplican en hospitales de la red p\u00fablica de alguna autonom\u00eda pero no en el conjunto del SNS\u00bb, en el acceso a tratamientos rehabilitadores por parte de pacientes en edad infantil y sobre los que el Defensor del Pueblo ha abierto una investigaci\u00f3n para examinar si hay suficientes medios materiales y humanos para atender a los menores de 16 a\u00f1os.<\/li>\n<li><strong>Cumplimiento de estrategias de salud<\/strong>: El informe detalla que se ha decidido tambi\u00e9n investigar \u00abcomo actuaci\u00f3n preferente\u00bb las quejas recibidas sobre la atenci\u00f3n y calidad de la prestaci\u00f3n a pacientes con <a href=\"http:\/\/www.diariomedico.com\/2012\/11\/05\/area-profesional\/sanidad\/sns-cronicos-dicho-hecho\">enfermedades cr\u00f3nicas <\/a>y se ha requerido ya al Ministerio de Sanidad informaci\u00f3n sobre el cumplimiento de la Estrategia de abordaje de la cronicidad, puesto que alguno de los proyectos \u00abrequiere modificaciones significativas\u00bb.Bajo lupa queda tambi\u00e9n el cumplimiento de la Estrategia de Ictus tras detectar retraso en la<\/li>\n<li>implantaci\u00f3n del C\u00f3digo Ictus en Extremadura, Galicia y Navarra y falta de informaci\u00f3n sobre Andaluc\u00eda y Murcia.<\/li>\n<li><strong>Paliativos:<\/strong> Finalmente, el Defensor del Pueblo, que present\u00f3 el pasado a\u00f1o un amplio informe junto a los defensores de varias autonom\u00edas sobre el estado de las urgencias hospitalarias y que alerta tambi\u00e9n sobre diferencias en el calendario vacunal de las autonom\u00edas, destaca la actuaci\u00f3n de oficio que ha iniciado para conocer las necesidades organizativas y de recursos para cuidados paliativos, tras haber tenido conocimiento de que, seg\u00fan la Sociedad Espa\u00f1ola de Cuidados Paliativos, <a href=\"http:\/\/www.diariomedico.com\/2015\/02\/04\/area-profesional\/sanidad\/paliativos-sns-necesita-44-mas-servicios-profesionales\">el 50 por ciento de los pacientes que precisan paliativos no los reciben<\/a>.<\/li>\n<\/ul>\n<\/div>\n<\/div>\n<\/div>\n<\/div>\n","protected":false},"excerpt":{"rendered":"<p>El Defensor del Pueblo recibi\u00f3 el doble de quejas en 2015 que en 2014, la mayor\u00eda sobre falta de acceso a f\u00e1rmacos de hepatitis C, listas de espera, y problemas de acceso a f\u00e1rmacos en autonom\u00edas diferentes a la de residencia. Laura G. Iba\u00f1es \u00a0 Diario M\u00e9dico, 25\/02\/2016 14:57 Se han duplicado las quejas en&#8230;<\/p>\n","protected":false},"author":1,"featured_media":0,"comment_status":"closed","ping_status":"open","sticky":false,"template":"","format":"standard","meta":{"_kadence_starter_templates_imported_post":false,"_kad_post_transparent":"","_kad_post_title":"","_kad_post_layout":"","_kad_post_sidebar_id":"","_kad_post_content_style":"","_kad_post_vertical_padding":"","_kad_post_feature":"","_kad_post_feature_position":"","_kad_post_header":false,"_kad_post_footer":false,"_kad_post_classname":"","_jetpack_newsletter_access":"","_jetpack_dont_email_post_to_subs":false,"_jetpack_newsletter_tier_id":0,"_jetpack_memberships_contains_paywalled_content":false,"_jetpack_memberships_contains_paid_content":false,"footnotes":""},"categories":[6],"tags":[],"class_list":["post-141","post","type-post","status-publish","format-standard","hentry","category-noticias-sobre-salud"],"jetpack_sharing_enabled":true,"jetpack_featured_media_url":"","post_mailing_queue_ids":[],"_links":{"self":[{"href":"https:\/\/expertosenetica.com\/index.php\/wp-json\/wp\/v2\/posts\/141","targetHints":{"allow":["GET"]}}],"collection":[{"href":"https:\/\/expertosenetica.com\/index.php\/wp-json\/wp\/v2\/posts"}],"about":[{"href":"https:\/\/expertosenetica.com\/index.php\/wp-json\/wp\/v2\/types\/post"}],"author":[{"embeddable":true,"href":"https:\/\/expertosenetica.com\/index.php\/wp-json\/wp\/v2\/users\/1"}],"replies":[{"embeddable":true,"href":"https:\/\/expertosenetica.com\/index.php\/wp-json\/wp\/v2\/comments?post=141"}],"version-history":[{"count":0,"href":"https:\/\/expertosenetica.com\/index.php\/wp-json\/wp\/v2\/posts\/141\/revisions"}],"wp:attachment":[{"href":"https:\/\/expertosenetica.com\/index.php\/wp-json\/wp\/v2\/media?parent=141"}],"wp:term":[{"taxonomy":"category","embeddable":true,"href":"https:\/\/expertosenetica.com\/index.php\/wp-json\/wp\/v2\/categories?post=141"},{"taxonomy":"post_tag","embeddable":true,"href":"https:\/\/expertosenetica.com\/index.php\/wp-json\/wp\/v2\/tags?post=141"}],"curies":[{"name":"wp","href":"https:\/\/api.w.org\/{rel}","templated":true}]}}