{"id":1417,"date":"2022-06-17T18:29:39","date_gmt":"2022-06-17T17:29:39","guid":{"rendered":"https:\/\/expertosenetica.com\/?p=1417"},"modified":"2022-06-17T18:29:39","modified_gmt":"2022-06-17T17:29:39","slug":"el-constitucional-anula-la-conormacion-encomendada-a-los-jueces","status":"publish","type":"post","link":"https:\/\/expertosenetica.com\/index.php\/2022\/06\/17\/el-constitucional-anula-la-conormacion-encomendada-a-los-jueces\/","title":{"rendered":"El Constitucional anula la &#8216;Conormaci\u00f3n&#8217; encomendada a los jueces\u00a0"},"content":{"rendered":"\n<p class=\"wp-block-paragraph\"><a>Ricardo De Lorenzo, presidente del Bufete De Lorenzo Abogados<\/a><br>POR LEY<br>REDACCI\u00d3N M\u00c9DICA 13 DE JUNIO DE 2022<\/p>\n\n\n\n<p class=\"wp-block-paragraph\">El&nbsp;Tribunal Constitucional&nbsp;ha declarado inconstitucional y nula la norma que dejaba en manos de los 17 Tribunales Superiores de Justicia, el aval a las&nbsp;restricciones sanitarias&nbsp;aprobadas por las Comunidades Aut\u00f3nomas, tras el final del&nbsp;estado de alarma&nbsp;declarado por la&nbsp;pandemia de coronavirus, puesto que&nbsp;menoscababa el principio constitucional de eficacia al que est\u00e1 sujeto la actuaci\u00f3n de las Administraciones p\u00fablicas.<\/p>\n\n\n\n<p class=\"wp-block-paragraph\">La soluci\u00f3n dada de descargar en el&nbsp;Tribunal Supremo, el caos jur\u00eddico generado con las decisiones discrepantes de los&nbsp;Tribunales Superiores de Justicia&nbsp;sobre cierres perimetrales,&nbsp;confinamientos&nbsp;y reuniones sociales, a trav\u00e9s del&nbsp;Real Decreto-ley 8\/2021, de 4 de mayo, por el que se adoptaban&nbsp;medidas urgentes en el orden sanitario, social y jurisdiccional, a aplicar tras la finalizaci\u00f3n de la vigencia del estado de alarma, no era el camino, pues&nbsp; introducir un \u201cnuevo\u201d recurso de casaci\u00f3n ante el Tribunal Supremo modificando la&nbsp;Ley reguladora de la Jurisdicci\u00f3n Contencioso-Administrativa de 1998, gener\u00f3 un&nbsp;clamor jur\u00eddico generalizado de rechazo&nbsp;al ser esta responsabilidad de los poderes p\u00fablicos, y no de los&nbsp;jueces cuya funci\u00f3n no es precisamente gobernar.&nbsp;<\/p>\n\n\n\n<p class=\"wp-block-paragraph\">Este intento de &#8216;Conormaci\u00f3n&#8217; que se encomend\u00f3 a los jueces,&nbsp;doctrinalmente siempre se ha considerado inconstitucional, por quebrantar el&nbsp;principio constitucional de separaci\u00f3n de poderes. Los propios \u00f3rganos judiciales han cuestionado ante el&nbsp;Tribunal Constitucionalesta atribuci\u00f3n, siendo m\u00faltiples las voces de juristas y jueces o\u00eddas criticando jur\u00eddicamente esta medida.<\/p>\n\n\n\n<p class=\"wp-block-paragraph\">Y ha sido el pleno del Tribunal Constitucional quien ha estimado la cuesti\u00f3n de inconstitucionalidad promovida respecto de la norma introducida por la&nbsp;ley 3\/2020, de 18 de septiembre, de medidas procesales y organizativas para hacer frente al&nbsp;covid-19&nbsp;en el \u00e1mbito de la&nbsp;Administraci\u00f3n de Justicia, que somet\u00eda a autorizaci\u00f3n judicial la entrada en vigor y aplicaci\u00f3n de las disposiciones sanitarias de alcance general que implicasen privaci\u00f3n o restricci\u00f3n de derechos fundamentales, aprobadas por las distintas administraciones para la&nbsp;protecci\u00f3n de la salud p\u00fablica&nbsp;en el marco de las medidas frente al covid-19,&nbsp;declarando inconstitucional y nulo dicho precepto.<\/p>\n\n\n\n<h2 class=\"wp-block-heading\">Tercera resoluci\u00f3n del Tribunal Constitucional por el estado de alarma<\/h2>\n\n\n\n<p class=\"wp-block-paragraph\">Esta es la tercera Resoluci\u00f3n que recibe el Gobierno del Tribunal Constitucional a cuenta del estado de alarma y sus consecuencias. Las dos primeras sentencias, declararon&nbsp;inconstitucionales los dos estados de alarma. Y esta tercera por menoscabar el principio constitucional de eficacia al que est\u00e1 sujeto la actuaci\u00f3n de las Administraciones p\u00fablicas, dado que la exigencia de autorizaci\u00f3n judicial dificulta y demora la aplicaci\u00f3n de unas medidas orientadas a la&nbsp;protecci\u00f3n de la salud p\u00fablica&nbsp;que se pretenden urgentes y que por tanto requieren una aplicaci\u00f3n inmediata.<\/p>\n\n\n\n<p class=\"wp-block-paragraph\">El Tribunal considera que la medida adoptada&nbsp;quebranta el principio constitucional de separaci\u00f3n de poderes. Principio que no consiente que el legislador convierta una potestad atribuida por la Constituci\u00f3n al poder ejecutivo en una potestad compartida con los tribunales de justicia integrantes del poder judicial.<\/p>\n\n\n\n<p class=\"wp-block-paragraph\">La sentencia, cuyo ponente ha sido el Excmo. Magistrado&nbsp;Enrique Arnaldo Alcubilla, aprecia que el precepto cuestionado \u201cquebranta el principio constitucional de separaci\u00f3n de poderes, al atribuir a los \u00f3rganos judiciales del orden&nbsp;Contencioso-Administrativo&nbsp;funciones ajenas a su cometido constitucional, con&nbsp;menoscabo de la potestad reglamentaria que la Constituci\u00f3n atribuye al Poder Ejecutivo, sin condicionarla al complemento o autorizaci\u00f3n de los jueces o tribunales para entrar en vigor y desplegar eficacia, bastando para ello la publicaci\u00f3n en el correspondiente diario oficial\u201d.<\/p>\n\n\n\n<hr class=\"wp-block-separator has-alpha-channel-opacity\"\/>\n\n\n\n<figure class=\"wp-block-table\"><table><tbody><tr><td>\u00abSi algo nos ha mostrado esta pandemia que seguimos padeciendo, o la nueva emergencia sanitaria de la viruela denominada del mono, es que estamos muy lejos de vivir en ese mundo id\u00edlico en el que las grandes crisis sanitarias se afrontar\u00edan sin mayor incidencia\u00bb<\/td><\/tr><\/tbody><\/table><\/figure>\n\n\n\n<hr class=\"wp-block-separator has-alpha-channel-opacity\"\/>\n\n\n\n<p class=\"wp-block-paragraph\">El Tribunal recuerda que la&nbsp;Constituci\u00f3n&nbsp;y, en su caso, los&nbsp;Estatutos de Autonom\u00eda, atribuyen la potestad reglamentaria al Poder Ejecutivo de forma exclusiva y excluyente, \u201cpor lo que no cabe que el legislador la convierta en una potestad compartida con el&nbsp;Poder Judicial, lo que sucede si se sujeta la aplicaci\u00f3n de las normas reglamentarias al requisito previo de la autorizaci\u00f3n judicial\u201d, se\u00f1ala el tribunal, que remata su argumento destacando que \u201cel Poder Judicial no es cogobernante o copart\u00edcipe del ejercicio de la potestad reglamentaria\u201d.<\/p>\n\n\n\n<p class=\"wp-block-paragraph\">En suma, la sentencia aprecia que \u201cla autorizaci\u00f3n judicial de las medidas sanitarias de alcance general prevista en el precepto cuestionado, que adem\u00e1s&nbsp;no tiene respaldo en ninguna ley sustantiva, provoca una reprochable&nbsp;confusi\u00f3n entre las funciones propias del Poder Ejecutivo y las de los tribunales de justicia, que menoscaba tanto la potestad reglamentaria como la independencia y reserva de jurisdicci\u00f3n del poder judicial,&nbsp;contradiciendo as\u00ed el principio constitucional de separaci\u00f3n de poderes, consustancial al&nbsp;Estado social&nbsp;y&nbsp;democr\u00e1tico de Derecho<\/p>\n\n\n\n<p class=\"wp-block-paragraph\"><\/p>\n","protected":false},"excerpt":{"rendered":"<p>Ricardo De Lorenzo, presidente del Bufete De Lorenzo AbogadosPOR LEYREDACCI\u00d3N M\u00c9DICA 13 DE JUNIO DE 2022 El&nbsp;Tribunal Constitucional&nbsp;ha declarado inconstitucional y nula la norma que dejaba en manos de los 17 Tribunales Superiores de Justicia, el aval a las&nbsp;restricciones sanitarias&nbsp;aprobadas por las Comunidades Aut\u00f3nomas, tras el final del&nbsp;estado de alarma&nbsp;declarado por la&nbsp;pandemia de coronavirus, puesto&#8230;<\/p>\n","protected":false},"author":1,"featured_media":1418,"comment_status":"closed","ping_status":"open","sticky":false,"template":"","format":"standard","meta":{"_kadence_starter_templates_imported_post":false,"_kad_post_transparent":"","_kad_post_title":"","_kad_post_layout":"","_kad_post_sidebar_id":"","_kad_post_content_style":"","_kad_post_vertical_padding":"","_kad_post_feature":"","_kad_post_feature_position":"","_kad_post_header":false,"_kad_post_footer":false,"_kad_post_classname":"","_jetpack_newsletter_access":"","_jetpack_dont_email_post_to_subs":false,"_jetpack_newsletter_tier_id":0,"_jetpack_memberships_contains_paywalled_content":false,"_jetpack_memberships_contains_paid_content":false,"footnotes":""},"categories":[1],"tags":[64,63],"class_list":["post-1417","post","type-post","status-publish","format-standard","has-post-thumbnail","hentry","category-uncategorized","tag-estado-de-alarma","tag-tribunal-constitucional"],"jetpack_sharing_enabled":true,"jetpack_featured_media_url":"https:\/\/expertosenetica.com\/wp-content\/uploads\/2022\/06\/ricardo-de-lorenzo1.jpg","post_mailing_queue_ids":[],"_links":{"self":[{"href":"https:\/\/expertosenetica.com\/index.php\/wp-json\/wp\/v2\/posts\/1417","targetHints":{"allow":["GET"]}}],"collection":[{"href":"https:\/\/expertosenetica.com\/index.php\/wp-json\/wp\/v2\/posts"}],"about":[{"href":"https:\/\/expertosenetica.com\/index.php\/wp-json\/wp\/v2\/types\/post"}],"author":[{"embeddable":true,"href":"https:\/\/expertosenetica.com\/index.php\/wp-json\/wp\/v2\/users\/1"}],"replies":[{"embeddable":true,"href":"https:\/\/expertosenetica.com\/index.php\/wp-json\/wp\/v2\/comments?post=1417"}],"version-history":[{"count":1,"href":"https:\/\/expertosenetica.com\/index.php\/wp-json\/wp\/v2\/posts\/1417\/revisions"}],"predecessor-version":[{"id":1419,"href":"https:\/\/expertosenetica.com\/index.php\/wp-json\/wp\/v2\/posts\/1417\/revisions\/1419"}],"wp:featuredmedia":[{"embeddable":true,"href":"https:\/\/expertosenetica.com\/index.php\/wp-json\/wp\/v2\/media\/1418"}],"wp:attachment":[{"href":"https:\/\/expertosenetica.com\/index.php\/wp-json\/wp\/v2\/media?parent=1417"}],"wp:term":[{"taxonomy":"category","embeddable":true,"href":"https:\/\/expertosenetica.com\/index.php\/wp-json\/wp\/v2\/categories?post=1417"},{"taxonomy":"post_tag","embeddable":true,"href":"https:\/\/expertosenetica.com\/index.php\/wp-json\/wp\/v2\/tags?post=1417"}],"curies":[{"name":"wp","href":"https:\/\/api.w.org\/{rel}","templated":true}]}}