{"id":1489,"date":"2022-08-26T20:03:32","date_gmt":"2022-08-26T19:03:32","guid":{"rendered":"https:\/\/expertosenetica.com\/?p=1489"},"modified":"2022-08-27T12:14:18","modified_gmt":"2022-08-27T11:14:18","slug":"eutanasia-y-objetores-de-conciencia","status":"publish","type":"post","link":"https:\/\/expertosenetica.com\/index.php\/2022\/08\/26\/eutanasia-y-objetores-de-conciencia\/","title":{"rendered":"Eutanasia y objetores de conciencia"},"content":{"rendered":"\n<p class=\"wp-block-paragraph\">(Fuente: ElMundo.es Autor: Rafael Navarro-Valls, catedr\u00e1tico y profesor de honor de la Universidad Complutense. Foto: Ra\u00fal Arias)<\/p>\n\n\n\n<p class=\"wp-block-paragraph\">ACABA DE cumplirse el primer aniversario de la entrada en vigor de la ley de eutanasia. Un terna abordado ha sido el de los objetores de conciencia. Perm\u00edtanme reflexionar sobre ellos.<\/p>\n\n\n\n<p class=\"wp-block-paragraph\">La entrevista en M\u00e1laga entre S\u00e1nchez y Obama en junio me record\u00f3 lo que dec\u00eda -y he repetido alguna vez- el algo hoy avejentado l\u00edder afroamericano en las duras elecciones a la presidencia:<\/p>\n\n\n\n<p class=\"wp-block-paragraph\">\u00abLos radicales se equivocan cuando piden a los creyentes que dejen su religi\u00f3n en la puerta antes de entrar en el foro p\u00fablico. De hecho. la mayor\u00eda de los grandes reformadores de la historia estadounidense no solo estaban motivados por la fe, sino que utilizaron repetidamente el lenguaje religioso para argumentar en favor de su causa. As\u00ed que decir que los hombres y las mujeres no deber\u00edan inyectar su&nbsp;<em>moralidad personal<\/em>&nbsp;en los debates de pol\u00edtica p\u00fablica es un absurdo en la pr\u00e1ctica. Nuestra ley es, por definici\u00f3n, una codificaci\u00f3n de la moral, de base judeo-cristiana\u00bb.<\/p>\n\n\n\n<p class=\"wp-block-paragraph\">No se refer\u00eda directamente a la eutanasia, pe\u00adro s\u00ed defin\u00eda un marco en que los objetores a la misma encuentran f\u00e1cil acomodo. Aunque conviene observar que no siempre la objeci\u00f3n tiene una base directamente religiosa, sino con frecuencia deontol\u00f3gica.<\/p>\n\n\n\n<p class=\"wp-block-paragraph\">Esto explica que es un error abordar los conflictos entre conciencia y ley desde el punto de vista de las exenciones. Como si los objetores fueran personas an\u00f3\u00admalas que solicitan primordialmente ser eximidas de las leyes. Eso ser\u00eda una clara intolerancia poco compatible con la concepci\u00f3n del Estado de derecho como Estado de derechos. Y, desde luego, jam\u00e1s lo aplicar\u00edamos a otras caracter\u00edsticas que definen el ser de las personas, como, por ejemplo, la orientaci\u00f3n sexual, el origen \u00e9tnico o ciertas carencias f\u00edsicas.<\/p>\n\n\n\n<p class=\"wp-block-paragraph\">Por eso, el Tribunal de Estrasburgo (Eweida y otros c. Reino Unido,15 enero de 2013) ha declarado que cuando tiene lugar un conflicto ineludible entre una norma legal y un deber moral sustentado por \u00abcreencias religiosas o de otro tipo, asumidas de manera genuina y seria\u00bb, hay que partir de la base de que la libertad de conciencia est\u00e1 protegida por el art. 9 del Convenio Europeo de Derechos Humanos.<\/p>\n\n\n\n<p class=\"wp-block-paragraph\">Y el Consejo de Europa en su resoluci\u00f3n 1763 del Consejo de Europa: \u00ab1. Ninguna persona, hospital o instituci\u00f3n ser\u00e1 coaccionada, considerada civilmente responsable o discriminada debido a su rechazo a realizar, autorizar, participar o asistir en la pr\u00e1ctica de un aborto, la realizaci\u00f3n de un aborto involuntario o de emergencia, eutanasia o cualquier otro acto que cause la muerte de un feto humano o un embri\u00f3n, por cualquier raz\u00f3n\u2026\u00bb.<\/p>\n\n\n\n<p class=\"wp-block-paragraph\">Probablemente, la raz\u00f3n de esta contundencia radica en que&nbsp;<strong><em>la libertad de conciencia no es un inter\u00e9s privado<\/em><\/strong>, una especie de objeci\u00f3n de conveniencia,&nbsp;<strong><em>sino un inter\u00e9s p\u00fablico de la mayor entidad, pues se trata de un derecho fundamental, cuya tutela es responsabilidad del Estado y de la comunidad internacional.<\/em><\/strong><\/p>\n\n\n\n<p class=\"wp-block-paragraph\">Conviene recalcar que&nbsp;<strong><em>la protecci\u00f3n de la libertad de conciencia de una persona no depende de que estemos de acuerdo con sus valores morales, al igual que la protecci\u00f3n de la libertad de expresi\u00f3n no depende de que haya un consenso con las ideas expresadas<\/em><\/strong>. Su protecci\u00f3n radica en que&nbsp;<strong><em>se trata de un \u00e1mbito de autonom\u00eda personal en principio intangible, que solamente puede ser \u00abinvadido\u00bb cuando hay una verdadera necesidad<\/em>&nbsp;<\/strong>(sentencia TEDH Bayatyan, Gran Sala, 7 juUo de 20U). De ah\u00ed que la gravedad y el car\u00e1cter imperativo de&nbsp;<strong><em>la obligaci\u00f3n moral que le lleva a objetar habr\u00e1n de dictaminarse desde la perspectiva de quien objeta, no desde el punto de vista del Estado y sus funcionarios.<\/em><\/strong><\/p>\n\n\n\n<p class=\"wp-block-paragraph\">Por eso, un factor a tener en cuenta es la conveniencia de que los poderes p\u00fablicos mantengan un di\u00e1logo con los actores sociales antes de elaborar la ley. Como dice el profesor Mart\u00ednez Torr\u00f3n:<\/p>\n\n\n\n<blockquote class=\"wp-block-quote is-layout-flow wp-block-quote-is-layout-flow\"><p>\u00abUna sociedad que aspire a ser inclusiva y respetuosa de la diversidad \u00e9tica de los ciudadanos, debe saber prevenir el conflicto en estas cuestiones, para lo cual es necesario tener canales abiertos de comunicaci\u00f3n con el entorno social y las instituciones en que la norma tendr\u00e1 efectos\u00bb.<\/p><\/blockquote>\n\n\n\n<p class=\"wp-block-paragraph\">Aunque hasta ahora hemos hablado de objetores de conciencia individuales, conviene preguntamos por la objeci\u00f3n de conciencia. institucional. De entrada, podemos afirmar con la profesora Valero que la autonom\u00eda de los entes religiosos est\u00e1 protegida frente a las injerencias del Estado en t\u00e9rminos muy parecidos a como se tutela el \u00e1mbito de la conciencia indi\u00advidual. Incluso desde la perspectiva de quienes sostienen que \u00fanicamente las personas individuales tienen propiamente conciencia, no puede desconocerse que las instituciones son titulares, como los individuos, de la libertad de religi\u00f3n y creencias. Y ello tanto desde el punto de vista del Derecho espa\u00f1ol como del Derecho internacional.<\/p>\n\n\n\n<p class=\"wp-block-paragraph\">La Constituci\u00f3n espa\u00f1ola es contundente: \u00abSe garantiza la libertad ideol\u00f3gica, religiosa y de culto de los individuos y comunidades\u00bb. Con la misma claridad se expresa la Ley Org\u00e1nica de Libertad Religiosa de 1980 (art. 2.2). Y la jurisprudencia del Tribunal Constitucional siempre lo ha dado por supuesto (STC 46\/2001, de 15 de febrero de 2001, entre otras). Y en lo que respecta al Derecho europeo, el Tribunal de Derechos Humanos ha insistido en la necesidad de que el Estado evite cualquier invasi\u00f3n de la autonom\u00eda de las instituciones religiosas e intervenir en sus asuntos internos.<\/p>\n\n\n\n<p class=\"wp-block-paragraph\">Pero tal vez sea parte del Derecho iberoamericano la que con mayor claridad ha defendido la objeci\u00f3n de conciencia institucional en el \u00e1mbito sanitario. A este respecto suelo citar la reciente sentencia de 18 de enero de 2021 del Tribunal Constitucional chileno que concluy\u00f3 que<\/p>\n\n\n\n<blockquote class=\"wp-block-quote is-layout-flow wp-block-quote-is-layout-flow\"><p>\u00abla objeci\u00f3n de conciencia institucional no puede ser objeto de condiciones o requisitos legales que impidan su libre ejercicio\u00bb.<\/p><\/blockquote>\n\n\n\n<p class=\"wp-block-paragraph\">Y, m\u00e1s concretamente: \u00abLa firma de un convenio de salud (por una instituci\u00f3n privada) solo implica una transferencia respecto a un determinado quehacer y no a un cierto modo de ser, en que se comunique a los privados la imposibilidad que pesa sobre el Estado de aducir una eximente. De aceptar la ejecuci\u00f3n de determinadas acciones de salud no se sigue que tenga que aceptar otras, renunciando con ello a su identidad y al derecho a apelar a la objeci\u00f3n de conciencia constitucional\u00bb.<\/p>\n\n\n\n<p class=\"wp-block-paragraph\">Observaba antes que los objetores no son&nbsp;<em>personas an\u00f3malas.<\/em>&nbsp;Conviene profundizar algo en esta cuesti\u00f3n. En el campo de las justificaciones a la objeci\u00f3n se observa -a ritmo lento- un trasvase de la conciencia de fundamento estrictamente religioso a la enraizada en creencias agn\u00f3sticas o incluso ateas, y en la llamada \u00abconciencia pol\u00edtica\u00bb. Contestaciones a determinadas leyes, basadas en creencias que desempe\u00f1an en la vida de la persona un papel de importancia semejante al que ocupa Dios en la vida de quienes practican una religi\u00f3n tradicional.<\/p>\n\n\n\n<p class=\"wp-block-paragraph\">SIN OLVIDAR una metamorfosis m\u00e1s de fondo que reivindica, con alguna frecuencia, no ya la verdad en la contestaci\u00f3n a la ley sino m\u00e1s bien un conjunto de valores subjetivos. La reivindicaci\u00f3n del derecha contra la ley se transforma en la praxis contra el Derecho. En este sentido se ha observado que el objetor, a veces, de custodio de la verdad -en su sentido atemporal y objetivo- pasa a creador de una verdad futura, hist\u00f3rica y subjetiva.<\/p>\n\n\n\n<p class=\"wp-block-paragraph\">Y es que entre conciencia y ley existe una delgada frontera en la que no es raro que se produzcan<em>&nbsp;inciden\u00adtes fronterizos<\/em>. El problema aqu\u00ed es que en algunas democracias -tambi\u00e9n en la espa\u00f1ola- esos incidentes est\u00e1n proliferando. Ante esta multiplicaci\u00f3n caben dos posturas:<\/p>\n\n\n\n<blockquote class=\"wp-block-quote is-layout-flow wp-block-quote-is-layout-flow\"><p>creer que la objeci\u00f3n de conciencia es un&nbsp;<em>vulnus<\/em>&nbsp;a los principios democr\u00e1ticos o, al contrario, entender que la objeci\u00f3n \u00abes un fruto maduro de la democracia, que conjuga el presente de la norma con el futuro de la profec\u00eda\u00bb (R. Bertolino).<\/p><\/blockquote>\n\n\n\n<p class=\"wp-block-paragraph\">Por lo dem\u00e1s, coincido con quienes entienden que cuando una mayor\u00eda renuncia a imponer su voluntad a las minor\u00edas disidentes, entonces es cuando las sociedades democr\u00e1ticas dan prueba no de debilidad sino de fuerza. El hecho de que los objetores planteen una nueva legalidad constituye una aceptaci\u00f3n impl\u00edcita del ordenamiento jur\u00eddico, aunque sea con intenci\u00f3n de superarlo. De este modo&nbsp;<strong><em>no son personas an\u00f3malas, sino ciudadanos maduros que intentan superar con valores la pura formalidad legal<\/em><\/strong>.&nbsp;<\/p>\n\n\n\n<figure class=\"wp-block-image size-full\"><img loading=\"lazy\" decoding=\"async\" width=\"551\" height=\"566\" src=\"https:\/\/expertosenetica.com\/wp-content\/uploads\/2022\/08\/unnamed-1.jpg\" alt=\"\" class=\"wp-image-1490\" srcset=\"https:\/\/expertosenetica.com\/wp-content\/uploads\/2022\/08\/unnamed-1.jpg 551w, https:\/\/expertosenetica.com\/wp-content\/uploads\/2022\/08\/unnamed-1-292x300.jpg 292w\" sizes=\"auto, (max-width: 551px) 100vw, 551px\" \/><\/figure>\n","protected":false},"excerpt":{"rendered":"<p>(Fuente: ElMundo.es Autor: Rafael Navarro-Valls, catedr\u00e1tico y profesor de honor de la Universidad Complutense. Foto: Ra\u00fal Arias) ACABA DE cumplirse el primer aniversario de la entrada en vigor de la ley de eutanasia. Un terna abordado ha sido el de los objetores de conciencia. Perm\u00edtanme reflexionar sobre ellos. La entrevista en M\u00e1laga entre S\u00e1nchez y&#8230;<\/p>\n","protected":false},"author":1,"featured_media":1492,"comment_status":"closed","ping_status":"open","sticky":false,"template":"","format":"standard","meta":{"_kadence_starter_templates_imported_post":false,"_kad_post_transparent":"","_kad_post_title":"","_kad_post_layout":"","_kad_post_sidebar_id":"","_kad_post_content_style":"","_kad_post_vertical_padding":"","_kad_post_feature":"","_kad_post_feature_position":"","_kad_post_header":false,"_kad_post_footer":false,"_kad_post_classname":"","_jetpack_newsletter_access":"","_jetpack_dont_email_post_to_subs":false,"_jetpack_newsletter_tier_id":0,"_jetpack_memberships_contains_paywalled_content":false,"_jetpack_memberships_contains_paid_content":false,"footnotes":""},"categories":[1],"tags":[19,38],"class_list":["post-1489","post","type-post","status-publish","format-standard","has-post-thumbnail","hentry","category-uncategorized","tag-eutanasia","tag-objecion-de-conciencia"],"jetpack_sharing_enabled":true,"jetpack_featured_media_url":"https:\/\/expertosenetica.com\/wp-content\/uploads\/2022\/08\/RafaelNavarroValls_20120214.jpg","post_mailing_queue_ids":[],"_links":{"self":[{"href":"https:\/\/expertosenetica.com\/index.php\/wp-json\/wp\/v2\/posts\/1489","targetHints":{"allow":["GET"]}}],"collection":[{"href":"https:\/\/expertosenetica.com\/index.php\/wp-json\/wp\/v2\/posts"}],"about":[{"href":"https:\/\/expertosenetica.com\/index.php\/wp-json\/wp\/v2\/types\/post"}],"author":[{"embeddable":true,"href":"https:\/\/expertosenetica.com\/index.php\/wp-json\/wp\/v2\/users\/1"}],"replies":[{"embeddable":true,"href":"https:\/\/expertosenetica.com\/index.php\/wp-json\/wp\/v2\/comments?post=1489"}],"version-history":[{"count":3,"href":"https:\/\/expertosenetica.com\/index.php\/wp-json\/wp\/v2\/posts\/1489\/revisions"}],"predecessor-version":[{"id":1494,"href":"https:\/\/expertosenetica.com\/index.php\/wp-json\/wp\/v2\/posts\/1489\/revisions\/1494"}],"wp:featuredmedia":[{"embeddable":true,"href":"https:\/\/expertosenetica.com\/index.php\/wp-json\/wp\/v2\/media\/1492"}],"wp:attachment":[{"href":"https:\/\/expertosenetica.com\/index.php\/wp-json\/wp\/v2\/media?parent=1489"}],"wp:term":[{"taxonomy":"category","embeddable":true,"href":"https:\/\/expertosenetica.com\/index.php\/wp-json\/wp\/v2\/categories?post=1489"},{"taxonomy":"post_tag","embeddable":true,"href":"https:\/\/expertosenetica.com\/index.php\/wp-json\/wp\/v2\/tags?post=1489"}],"curies":[{"name":"wp","href":"https:\/\/api.w.org\/{rel}","templated":true}]}}