{"id":151,"date":"2016-03-08T12:48:53","date_gmt":"2016-03-08T12:48:53","guid":{"rendered":"https:\/\/expertosenetica.com\/?p=151"},"modified":"2016-03-08T12:48:53","modified_gmt":"2016-03-08T12:48:53","slug":"el-constitucional-refrenda-los-recortes-en-dependencia","status":"publish","type":"post","link":"https:\/\/expertosenetica.com\/index.php\/2016\/03\/08\/el-constitucional-refrenda-los-recortes-en-dependencia\/","title":{"rendered":"El Constitucional refrenda los recortes en Dependencia"},"content":{"rendered":"<div class=\"Entradilla\">\n<p>El Tribunal Constitucional ha refrendado en una sentencia el Real Decreto Ley 20\/2012 que introdujo profundos cambios en el sistema de financiaci\u00f3n y concesi\u00f3n de ayudas a la dependencia y que hab\u00eda sido recurrido por Catalu\u00f1a.<\/p>\n<p><a href=\"https:\/\/expertosenetica.com\/wp-content\/uploads\/2016\/03\/Tribunal-Constitucional.jpg\" rel=\"attachment wp-att-152\"><img loading=\"lazy\" decoding=\"async\" class=\"aligncenter size-medium wp-image-152\" src=\"https:\/\/expertosenetica.com\/wp-content\/uploads\/2016\/03\/Tribunal-Constitucional-300x200.jpg\" alt=\"Tribunal-Constitucional\" width=\"300\" height=\"200\" srcset=\"https:\/\/expertosenetica.com\/wp-content\/uploads\/2016\/03\/Tribunal-Constitucional-300x200.jpg 300w, https:\/\/expertosenetica.com\/wp-content\/uploads\/2016\/03\/Tribunal-Constitucional.jpg 639w\" sizes=\"auto, (max-width: 300px) 100vw, 300px\" \/><\/a><\/p>\n<\/div>\n<p class=\"FuenteFecha\">Laura G. Iba\u00f1es, Diario M\u00e9dico \u00a0 |\u00a0\u00a007\/03\/2016 15:10<\/p>\n<div class=\"Compartir\">\n<div class=\"fb-like fb_iframe_widget\" data-send=\"false\" data-layout=\"button_count\" data-width=\"50\" data-show-faces=\"false\"><\/div>\n<\/div>\n<div class=\"Texto\">\n<p>El Gobierno central s\u00ed ten\u00eda derecho a reformar la Ley de Dependencia y establecer los recortes en la financiaci\u00f3n que fij\u00f3 a trav\u00e9s del Real Decreto Ley 20\/2012. As\u00ed lo ha dicho el Tribunal Constitucional en una sentencia que recoge el BOE de este lunes sobre el r<a href=\"http:\/\/www.diariomedico.com\/2012\/07\/16\/area-profesional\/sanidad\/cataluna-recurrira-rebaja-estatal-dependencia-ante-constitucional\">ecurso que present\u00f3 Catalu\u00f1a<\/a> contra los recortes en dependencia introducidos por este decreto. Concretamente, la citada norma estableci\u00f3 en varios de sus art\u00edculos una reforma que implic\u00f3, entre otras medidas, el retraso de las ayudas a los dependientes moderados de grado I hasta 2015, la reducci\u00f3n de la cuant\u00eda de prestaciones por cuidados familiares, la eliminaci\u00f3n de los niveles intermedios de dependencia dentro de cada grado, la incorporaci\u00f3n de nuevos copagos por dependencia y el establecimiento de incompatibilidades en el cobro de distintas ayudas.<\/p>\n<p>Contra estas medidas Catalu\u00f1a present\u00f3 un recurso de inconstitucionalidad por invasi\u00f3n de competencias auton\u00f3micas en el que aleg\u00f3 adem\u00e1s que la v\u00eda por la que se hab\u00edan establecido estas medidas, el Real Decreto Ley 20\/2012 exig\u00eda de una situaci\u00f3n de urgencia que no se daba en la pr\u00e1ctica. Catalu\u00f1a argumentaba que las competencias estatales \u00abcuando se incide en un \u00e1mbito material de exclusiva competencia auton\u00f3mica como la asistencia social\u00bb la regulaci\u00f3n estatal \u00abha de tener una menor intensidad o grado\u00bb y no menoscabar las competencias de las autonom\u00edas.<\/p>\n<p>El TC afirma que s\u00ed hab\u00eda urgente necesidad por la situaci\u00f3n del d\u00e9ficit<\/p>\n<p>A esta argumentaci\u00f3n, el Abogado del Estado contestaba en la sentencia explicando que parte del objetivo de la reforma legal era \u00abperseguir una homogeneidad en los servicios que reciban las personas dependientes\u00bb lo que \u00abevitar\u00e1 desigualdades entre comunidades aut\u00f3nomas y supondr\u00e1 sin duda un ahorro\u00bb.<\/p>\n<p>Vistas las dos argumentaciones, el Tribunal Constitucional ha concluido que efectivamente el Gobierno central s\u00ed ten\u00eda competencias para los recortes acometidos y ha detallado en su sentencia que \u00abdesde la perspectiva el control externo que nos corresponde, podemos concluir que la definici\u00f3n de la extraordinaria y urgente necesidad, que fundamenta la aprobaci\u00f3n de las normas controvertidas, es expl\u00edcita, razonada y concreta, no se realiza mediante f\u00f3rmulas rituales o gen\u00e9ricas, aplicables de modo intercambiable a todo tipo de realidades, sino por referencia a una situaci\u00f3n de recesi\u00f3n y de crisis econ\u00f3mica y financiera, real y conocida, y a la exigencia de cumplimiento de unos compromisos internacionales de d\u00e9ficit igualmente notorios, que tienen por objeto atender a lo que cabe calificar como una coyuntura econ\u00f3mica problem\u00e1tica, -en los t\u00e9rminos expresamente aceptados por la doctrina constitucional\u00bb.<\/p>\n<p>Adem\u00e1s, el Constitucional estima que \u00absin adentrarnos en el juicio pol\u00edtico que este Tribunal tiene vedado, debemos apreciar la conexi\u00f3n de sentido de las medidas impugnadas con la situaci\u00f3n de urgencia definida, pues todas ellas buscan, de uno u otro modo, redefinir el sistema de atenci\u00f3n a la dependencia en la forma que el Gobierno ha considerado necesaria para asegurar su sostenibilidad, pues se orientan, fundamentalmente, a generar ahorros inmediatos en el gasto p\u00fablico dedicado a dependencia\u00bb.<\/p>\n<p>El Constitucional no ve invasi\u00f3n de competencias auton\u00f3micas<\/p>\n<\/div>\n","protected":false},"excerpt":{"rendered":"<p>El Tribunal Constitucional ha refrendado en una sentencia el Real Decreto Ley 20\/2012 que introdujo profundos cambios en el sistema de financiaci\u00f3n y concesi\u00f3n de ayudas a la dependencia y que hab\u00eda sido recurrido por Catalu\u00f1a. Laura G. Iba\u00f1es, Diario M\u00e9dico \u00a0 |\u00a0\u00a007\/03\/2016 15:10 El Gobierno central s\u00ed ten\u00eda derecho a reformar la Ley de&#8230;<\/p>\n","protected":false},"author":1,"featured_media":0,"comment_status":"closed","ping_status":"open","sticky":false,"template":"","format":"standard","meta":{"_kadence_starter_templates_imported_post":false,"_kad_post_transparent":"","_kad_post_title":"","_kad_post_layout":"","_kad_post_sidebar_id":"","_kad_post_content_style":"","_kad_post_vertical_padding":"","_kad_post_feature":"","_kad_post_feature_position":"","_kad_post_header":false,"_kad_post_footer":false,"_kad_post_classname":"","_jetpack_newsletter_access":"","_jetpack_dont_email_post_to_subs":false,"_jetpack_newsletter_tier_id":0,"_jetpack_memberships_contains_paywalled_content":false,"_jetpack_memberships_contains_paid_content":false,"footnotes":""},"categories":[6],"tags":[],"class_list":["post-151","post","type-post","status-publish","format-standard","hentry","category-noticias-sobre-salud"],"jetpack_sharing_enabled":true,"jetpack_featured_media_url":"","post_mailing_queue_ids":[],"_links":{"self":[{"href":"https:\/\/expertosenetica.com\/index.php\/wp-json\/wp\/v2\/posts\/151","targetHints":{"allow":["GET"]}}],"collection":[{"href":"https:\/\/expertosenetica.com\/index.php\/wp-json\/wp\/v2\/posts"}],"about":[{"href":"https:\/\/expertosenetica.com\/index.php\/wp-json\/wp\/v2\/types\/post"}],"author":[{"embeddable":true,"href":"https:\/\/expertosenetica.com\/index.php\/wp-json\/wp\/v2\/users\/1"}],"replies":[{"embeddable":true,"href":"https:\/\/expertosenetica.com\/index.php\/wp-json\/wp\/v2\/comments?post=151"}],"version-history":[{"count":0,"href":"https:\/\/expertosenetica.com\/index.php\/wp-json\/wp\/v2\/posts\/151\/revisions"}],"wp:attachment":[{"href":"https:\/\/expertosenetica.com\/index.php\/wp-json\/wp\/v2\/media?parent=151"}],"wp:term":[{"taxonomy":"category","embeddable":true,"href":"https:\/\/expertosenetica.com\/index.php\/wp-json\/wp\/v2\/categories?post=151"},{"taxonomy":"post_tag","embeddable":true,"href":"https:\/\/expertosenetica.com\/index.php\/wp-json\/wp\/v2\/tags?post=151"}],"curies":[{"name":"wp","href":"https:\/\/api.w.org\/{rel}","templated":true}]}}