{"id":1547,"date":"2023-04-29T16:22:37","date_gmt":"2023-04-29T15:22:37","guid":{"rendered":"https:\/\/expertosenetica.com\/?p=1547"},"modified":"2023-04-29T16:22:37","modified_gmt":"2023-04-29T15:22:37","slug":"errasti-el-numero-de-arrepentidos-entre-los-que-iniciaron-un-cambio-de-sexo-es-un-fenomeno-creciente","status":"publish","type":"post","link":"https:\/\/expertosenetica.com\/index.php\/2023\/04\/29\/errasti-el-numero-de-arrepentidos-entre-los-que-iniciaron-un-cambio-de-sexo-es-un-fenomeno-creciente\/","title":{"rendered":"Errasti: \u00abEl n\u00famero de arrepentidos entre los que iniciaron un cambio de sexo es un fen\u00f3meno creciente\u00bb"},"content":{"rendered":"\n<p class=\"wp-block-paragraph\">(Ref eldebate.com)<\/p>\n\n\n\n<p class=\"wp-block-paragraph\">Los psic\u00f3logos y profesores de la Universidad de Oviedo Jos\u00e9 Errasti y Marino P\u00e9rez \u00c1lvarez se vieron involucrados hace justamente un a\u00f1o en la creciente cultura de la cancelaci\u00f3n. Autores del ensayo Nadie nace en el cuerpo equivocado, <a href=\"https:\/\/www.eldebate.com\/cultura\/20220419\/boicot-mallorca-cultura-cancelacion-suspende-charla-sobre-ensayo-nadie-nace-cuerpo-equivocado.html\">cr\u00edtico con la ideolog\u00eda &#8216;queer&#8217;<\/a>, algunos intentaron boicotear su presentaci\u00f3n acus\u00e1ndoles de haber escrito un libro \u00abtransf\u00f3bico\u00bb.<\/p>\n\n\n\n<p class=\"wp-block-paragraph\">En realidad, Errasti y P\u00e9rez propon\u00edan, ante el ruido y la furia de las protestas, datos y conclusiones avalados por la ciencia y la experiencia. La obra acab\u00f3 convirti\u00e9ndose, en plena ebullici\u00f3n por la aprobaci\u00f3n de la pol\u00e9mica ley trans, en un best seller. Ahora, regresan con un manual m\u00e1s pr\u00e1ctico y funcional, que se titula Mam\u00e1, soy trans (Deusto), donde han pretendido confeccionar \u00abuna gu\u00eda para familias de adolescentes con conflictos de g\u00e9nero\u00bb.<\/p>\n\n\n\n<p class=\"wp-block-paragraph\">Para reforzar su posici\u00f3n ante los cr\u00edticos de siempre, esta vez cuentan con la colaboraci\u00f3n y el testimonio de Nagore de Arquer, alumna suya de Psicolog\u00eda y mujer \u00abdesistidora\u00bb de un proceso de transici\u00f3n de g\u00e9nero.<\/p>\n\n\n\n<p class=\"wp-block-paragraph\">Los tres est\u00e1n convencidos que, antes de iniciar un proceso de cambio de g\u00e9nero de efectos irreversibles, es vital un buen diagn\u00f3stico y un estudio pormenorizado de la historia de esa persona que se enfrenta al malestar respecto a su cuerpo, algo que hoy en d\u00eda no se est\u00e1 dando. Y es que las prisas, y m\u00e1s en este tema, nunca han sido buenas consejeras.<\/p>\n\n\n\n<p class=\"wp-block-paragraph\">\u2013Una tabla de salvaci\u00f3n para las familias, ya que la ley trans las ha dejado desprotegidas jur\u00eddicamente\u2026<\/p>\n\n\n\n<p class=\"wp-block-paragraph\">\u2013La ley obliga tanto a familias como a centros educativos como a profesionales a utilizar un determinado enfoque respecto a la disforia de g\u00e9nero y los malestares con el cuerpo, que han experimentado un auge tan grande. En el caso de las familias, entend\u00edamos que esto pod\u00eda suponer una tesitura desasosegante y confusa y presentamos el libro como una ayuda concreta y pr\u00e1ctica para ellas.<\/p>\n\n\n\n<p class=\"wp-block-paragraph\">\u2013\u00bfQu\u00e9 se debe hacer cuando nuestra hija de 13 a\u00f1os o 14 a\u00f1os nos dice que se siente chico habida cuenta que la \u2018oferta\u2019 hoy d\u00eda vira hacia lo irreversible?<\/p>\n\n\n\n<p class=\"wp-block-paragraph\">\u2013Nosotros proponemos un programa de cuatro ideas: la primera es la sensatez. No podemos renunciar a las ideas bien asentadas en la ciencia y la evidencia, como que el sexo en la especie humana es binario y que nadie nace en un cuerpo equivocado, porque no es posible un &#8216;error&#8217; en la concepci\u00f3n al combinarse los cromosomas. Aqu\u00ed no caben variables subjetivas. Por cierto, discrepar y debatir no es odiar. Ni siquiera cuando discrepamos sobre lo que una persona dice de s\u00ed misma.<\/p>\n\n\n\n<p class=\"wp-block-paragraph\">A su vez, cuando hablamos de sensatez, hacemos un alegato por defender la verdad. Da la sensaci\u00f3n que se puede renunciar a ella cuando tratamos a una persona que ha sufrido tanto pero entendemos que es justo lo contrario. Renunciar a la verdad nunca es adecuado, a pesar de que vivimos en una sociedad donde est\u00e1 muy desvalorizada porque se le ha impuesto la subjetividad.<\/p>\n\n\n\n<p class=\"wp-block-paragraph\">En segundo punto est\u00e1 la prudencia. El punto de partida es demoledor. El 87 por ciento de las chicas adolescentes que acuden a Transi (Servicio de Salud catal\u00e1n que atiende los problemas de identidad de g\u00e9nero), sale de la primera consulta con la receta de testosterona en la mano. Obviamente no ha dado tiempo a evaluar ni valorar nada, pero se le trata como una clienta que demanda algo, una actitud muy imprudente.<\/p>\n\n\n\n<p class=\"wp-block-paragraph\">El tercer punto es la comprensi\u00f3n. La adolescencia siempre es dif\u00edcil y en nuestra sociedad a\u00fan m\u00e1s, donde se practica una competencia feroz a trav\u00e9s de las redes sociales donde se imponen aquellos o m\u00e1s sotisficados o especiales. Todos llevan en su bolsillo una enciclopedia entendemos que nefasta que es la pornograf\u00eda. Sin capacidad cr\u00edtica y con un deseo sexual en formaci\u00f3n, se exponen a modelos inadecuados y agresivos.<\/p>\n\n\n\n<p class=\"wp-block-paragraph\">La cuarta y \u00faltima es el respeto, por ellos y por lo que nos est\u00e1n contando. Pero el respeto no significa dar la raz\u00f3n. Nuestro hijo se merece la atenci\u00f3n a medio y largo plazo que podamos ofrecerle, no la m\u00e1s c\u00f3moda.<\/p>\n\n\n\n<p class=\"wp-block-paragraph\">Nadie nace en el cuerpo equivocado<\/p>\n\n\n\n<p class=\"wp-block-paragraph\">\u2013\u00bfPor qu\u00e9 nadie nace en el cuerpo equivocado y sobre todo, por qu\u00e9 esta afirmaci\u00f3n ha sentado tan mal en un determinado sector?<\/p>\n\n\n\n<p class=\"wp-block-paragraph\">\u2013El t\u00edtulo de nuestro libro anterior tuvo dos cr\u00edticas principales: una que dec\u00eda que desde el movimiento transactivista nadie hab\u00eda defendido que se pusiera nacer en el cuerpo equivocado. Y la segunda cr\u00edtica es que s\u00ed se puede nacer en el cuerpo equivocado, algo que sin querer, desactivaba a la primera. Obviamente, nosotros decimos que nadie nace en el cuerpo equivocado porque no existe la posibilidad de error en la materializaci\u00f3n de los cromosomas. La persona es posterior. Cualquier discrepancia respecto al cuerpo deber\u00e1 analizarse en t\u00e9rminos de c\u00f3mo se ha construido la persona y en qu\u00e9 contexto. Se puede nacer en sociedades equivocadas y en discursos equivocados, que dicen c\u00f3mo han de ser los hombres y las mujeres. El g\u00e9nero perpet\u00faa ideolog\u00edas sexistas mientras al cuerpo sigue sin pasarle nada.<\/p>\n\n\n\n<p class=\"wp-block-paragraph\">\u2013\u00bfQu\u00e9 aporta la colaboraci\u00f3n en esta obra de Nagore de Arquer, una mujer \u00abdesistidora\u00bb de un proceso de transici\u00f3n de g\u00e9nero?<\/p>\n\n\n\n<p class=\"wp-block-paragraph\">\u2013En las presentaciones del libro anterior, nos encontr\u00e1bamos con la pregunta de qu\u00e9 se deb\u00eda hacer si ma\u00f1ana nos encontr\u00e1bamos con la situaci\u00f3n de que nuestra hija era un chico. As\u00ed que entendimos que deb\u00edamos abordar una gu\u00eda pr\u00e1ctica y aplicada y qu\u00e9 mejor que hacerlo junto a alguien que estuviera metid\u00edsimo en el d\u00eda a d\u00eda de esta problem\u00e1tica. Nagore es alumna nuestra en la Universidad de Oviedo y entendimos que era la persona adecuada de conocer en primera persona esta situaci\u00f3n, aparte de su buena formaci\u00f3n como psic\u00f3loga.<\/p>\n\n\n\n<p class=\"wp-block-paragraph\">\u2013\u00bfA qu\u00e9 se debe este alto n\u00famero de personas arrepentidas de la actualidad? \u2013Es un fen\u00f3meno creciente y lo ser\u00e1 m\u00e1s dentro de unos pocos a\u00f1os. Se est\u00e1 abordando mal el problema cuando alguien tiene malestares respecto a su cuerpo porque se interviene err\u00f3neamente. Por tanto, no es de extra\u00f1ar que tras un primer momento euf\u00f3rico, el paso del tiempo complique ese malestar porque han aparecido s\u00edntomas f\u00edsicos como fruto de una intervenci\u00f3n irreversible, lo que complica a\u00fan m\u00e1s la relaci\u00f3n de esa persona con su cuerpo. Yo creo que todos estamos arrepentidos de nuestra adolescencia o de parte de ella. Pero la clave es arrepentirse de cosas reversibles. Ahora nos encontramos con que a los adolescentes les est\u00e1n empujando a tomar decisiones irreversibles. A edades a las que no est\u00e1n preparados. Se colocan sobre cintas transportadoras como la medicaci\u00f3n que luego resulta muy complicado abandonar. Antes se sab\u00eda que la mayor parte de las disforias se superaban con solo acabar la adolescencia. Pero una vez que el enfoque afirmativo se impone, el porcentaje de los que salen ya es m\u00e1s peque\u00f1o. A la par que crece su problem\u00e1tica. El transactivismo encumbra como h\u00e9roes a aquellos que deciden transaccionar. En el momento que deciden destransaccionar, se convierten en traidores de la causa.<\/p>\n\n\n\n<p class=\"wp-block-paragraph\"><\/p>\n","protected":false},"excerpt":{"rendered":"<p>(Ref eldebate.com) Los psic\u00f3logos y profesores de la Universidad de Oviedo Jos\u00e9 Errasti y Marino P\u00e9rez \u00c1lvarez se vieron involucrados hace justamente un a\u00f1o en la creciente cultura de la cancelaci\u00f3n. Autores del ensayo Nadie nace en el cuerpo equivocado, cr\u00edtico con la ideolog\u00eda &#8216;queer&#8217;, algunos intentaron boicotear su presentaci\u00f3n acus\u00e1ndoles de haber escrito un&#8230;<\/p>\n","protected":false},"author":1,"featured_media":1548,"comment_status":"closed","ping_status":"open","sticky":false,"template":"","format":"standard","meta":{"_kadence_starter_templates_imported_post":false,"_kad_post_transparent":"","_kad_post_title":"","_kad_post_layout":"","_kad_post_sidebar_id":"","_kad_post_content_style":"","_kad_post_vertical_padding":"","_kad_post_feature":"","_kad_post_feature_position":"","_kad_post_header":false,"_kad_post_footer":false,"_kad_post_classname":"","_jetpack_newsletter_access":"","_jetpack_dont_email_post_to_subs":false,"_jetpack_newsletter_tier_id":0,"_jetpack_memberships_contains_paywalled_content":false,"_jetpack_memberships_contains_paid_content":false,"footnotes":""},"categories":[1],"tags":[],"class_list":["post-1547","post","type-post","status-publish","format-standard","has-post-thumbnail","hentry","category-uncategorized"],"jetpack_sharing_enabled":true,"jetpack_featured_media_url":"https:\/\/expertosenetica.com\/wp-content\/uploads\/2023\/04\/Trans.png","post_mailing_queue_ids":[],"_links":{"self":[{"href":"https:\/\/expertosenetica.com\/index.php\/wp-json\/wp\/v2\/posts\/1547","targetHints":{"allow":["GET"]}}],"collection":[{"href":"https:\/\/expertosenetica.com\/index.php\/wp-json\/wp\/v2\/posts"}],"about":[{"href":"https:\/\/expertosenetica.com\/index.php\/wp-json\/wp\/v2\/types\/post"}],"author":[{"embeddable":true,"href":"https:\/\/expertosenetica.com\/index.php\/wp-json\/wp\/v2\/users\/1"}],"replies":[{"embeddable":true,"href":"https:\/\/expertosenetica.com\/index.php\/wp-json\/wp\/v2\/comments?post=1547"}],"version-history":[{"count":1,"href":"https:\/\/expertosenetica.com\/index.php\/wp-json\/wp\/v2\/posts\/1547\/revisions"}],"predecessor-version":[{"id":1549,"href":"https:\/\/expertosenetica.com\/index.php\/wp-json\/wp\/v2\/posts\/1547\/revisions\/1549"}],"wp:featuredmedia":[{"embeddable":true,"href":"https:\/\/expertosenetica.com\/index.php\/wp-json\/wp\/v2\/media\/1548"}],"wp:attachment":[{"href":"https:\/\/expertosenetica.com\/index.php\/wp-json\/wp\/v2\/media?parent=1547"}],"wp:term":[{"taxonomy":"category","embeddable":true,"href":"https:\/\/expertosenetica.com\/index.php\/wp-json\/wp\/v2\/categories?post=1547"},{"taxonomy":"post_tag","embeddable":true,"href":"https:\/\/expertosenetica.com\/index.php\/wp-json\/wp\/v2\/tags?post=1547"}],"curies":[{"name":"wp","href":"https:\/\/api.w.org\/{rel}","templated":true}]}}