{"id":1558,"date":"2023-06-05T19:54:21","date_gmt":"2023-06-05T18:54:21","guid":{"rendered":"https:\/\/expertosenetica.com\/?p=1558"},"modified":"2023-06-06T12:55:42","modified_gmt":"2023-06-06T11:55:42","slug":"seminario-el-acto-medico-y-la-relacion-medico-paciente-ante-los-actuales-retos-sociales-y-tecnologicos","status":"publish","type":"post","link":"https:\/\/expertosenetica.com\/index.php\/2023\/06\/05\/seminario-el-acto-medico-y-la-relacion-medico-paciente-ante-los-actuales-retos-sociales-y-tecnologicos\/","title":{"rendered":"SEMINARIO \u00b7 EL ACTO M\u00c9DICO Y LA RELACI\u00d3N M\u00c9DICO-PACIENTE ANTE LOS ACTUALES RETOS SOCIALES Y TECNOL\u00d3GICOS."},"content":{"rendered":"\n<p class=\"wp-block-paragraph\">(Ref. comda.tv).<\/p>\n\n\n\n<p class=\"wp-block-paragraph\"><\/p>\n\n\n\n<p class=\"wp-block-paragraph\"><a rel=\"noreferrer noopener\" href=\"https:\/\/www.comda.tv\/video-830_seminario-el-acto-medico-y-la-relacion-medico-paciente-ante-los-actuales-retos-sociales-y-tecnologicos.html\" target=\"_blank\">Enlace al v\u00eddeo del seminario<\/a><\/p>\n","protected":false},"excerpt":{"rendered":"<p>(Ref. comda.tv). Enlace al v\u00eddeo del seminario<\/p>\n","protected":false},"author":1,"featured_media":1559,"comment_status":"closed","ping_status":"open","sticky":false,"template":"","format":"standard","meta":{"_kadence_starter_templates_imported_post":false,"_kad_post_transparent":"","_kad_post_title":"","_kad_post_layout":"","_kad_post_sidebar_id":"","_kad_post_content_style":"","_kad_post_vertical_padding":"","_kad_post_feature":"","_kad_post_feature_position":"","_kad_post_header":false,"_kad_post_footer":false,"_kad_post_classname":"","_jetpack_newsletter_access":"","_jetpack_dont_email_post_to_subs":false,"_jetpack_newsletter_tier_id":0,"_jetpack_memberships_contains_paywalled_content":false,"_jetpack_memberships_contains_paid_content":false,"footnotes":""},"categories":[1],"tags":[88],"class_list":["post-1558","post","type-post","status-publish","format-standard","has-post-thumbnail","hentry","category-uncategorized","tag-paciente"],"jetpack_sharing_enabled":true,"jetpack_featured_media_url":"https:\/\/expertosenetica.com\/wp-content\/uploads\/2023\/06\/Captura-de-pantalla-2023-06-05-a-las-20.53.47.png","post_mailing_queue_ids":[],"_links":{"self":[{"href":"https:\/\/expertosenetica.com\/index.php\/wp-json\/wp\/v2\/posts\/1558","targetHints":{"allow":["GET"]}}],"collection":[{"href":"https:\/\/expertosenetica.com\/index.php\/wp-json\/wp\/v2\/posts"}],"about":[{"href":"https:\/\/expertosenetica.com\/index.php\/wp-json\/wp\/v2\/types\/post"}],"author":[{"embeddable":true,"href":"https:\/\/expertosenetica.com\/index.php\/wp-json\/wp\/v2\/users\/1"}],"replies":[{"embeddable":true,"href":"https:\/\/expertosenetica.com\/index.php\/wp-json\/wp\/v2\/comments?post=1558"}],"version-history":[{"count":5,"href":"https:\/\/expertosenetica.com\/index.php\/wp-json\/wp\/v2\/posts\/1558\/revisions"}],"predecessor-version":[{"id":1564,"href":"https:\/\/expertosenetica.com\/index.php\/wp-json\/wp\/v2\/posts\/1558\/revisions\/1564"}],"wp:featuredmedia":[{"embeddable":true,"href":"https:\/\/expertosenetica.com\/index.php\/wp-json\/wp\/v2\/media\/1559"}],"wp:attachment":[{"href":"https:\/\/expertosenetica.com\/index.php\/wp-json\/wp\/v2\/media?parent=1558"}],"wp:term":[{"taxonomy":"category","embeddable":true,"href":"https:\/\/expertosenetica.com\/index.php\/wp-json\/wp\/v2\/categories?post=1558"},{"taxonomy":"post_tag","embeddable":true,"href":"https:\/\/expertosenetica.com\/index.php\/wp-json\/wp\/v2\/tags?post=1558"}],"curies":[{"name":"wp","href":"https:\/\/api.w.org\/{rel}","templated":true}]}}