{"id":1597,"date":"2023-09-05T12:33:33","date_gmt":"2023-09-05T11:33:33","guid":{"rendered":"https:\/\/expertosenetica.com\/?p=1597"},"modified":"2023-09-05T12:33:33","modified_gmt":"2023-09-05T11:33:33","slug":"aumentan-mas-de-un-30-los-suicidios-entre-adolescentes-en-espana","status":"publish","type":"post","link":"https:\/\/expertosenetica.com\/index.php\/2023\/09\/05\/aumentan-mas-de-un-30-los-suicidios-entre-adolescentes-en-espana\/","title":{"rendered":"Aumentan m\u00e1s de un 30% los suicidios entre adolescentes en Espa\u00f1a"},"content":{"rendered":"\n<p class=\"wp-block-paragraph\">(Ref observatoriobioetica.org \/ Julio Tudela y Cristina Castillo)<\/p>\n\n\n\n<figure class=\"wp-block-image size-full is-resized\"><img loading=\"lazy\" decoding=\"async\" src=\"https:\/\/expertosenetica.com\/wp-content\/uploads\/2023\/09\/julioCris-400x236-1.png\" alt=\"\" class=\"wp-image-1598\" style=\"width:174px;height:103px\" width=\"174\" height=\"103\" srcset=\"https:\/\/expertosenetica.com\/wp-content\/uploads\/2023\/09\/julioCris-400x236-1.png 400w, https:\/\/expertosenetica.com\/wp-content\/uploads\/2023\/09\/julioCris-400x236-1-300x177.png 300w\" sizes=\"auto, (max-width: 174px) 100vw, 174px\" \/><\/figure>\n\n\n\n<p class=\"wp-block-paragraph\">Los&nbsp;<a href=\"https:\/\/www.observatoriobioetica.org\/2019\/10\/el-suicidio-es-la-causa-mas-comun-de-muerte-entre-los-jovenes\/31812\"><strong>suicidios<\/strong><\/a>&nbsp;entre adolescentes de 12 a 18 a\u00f1os han aumentado en Espa\u00f1a hasta un 32,35% entre 2019 y 2021, pasando de 34 a 45 fallecidos y convirti\u00e9ndose \u00e9sta en la primera causa de muerte en j\u00f3venes y adolescentes entre 12 y 29 a\u00f1os.<\/p>\n\n\n\n<p class=\"wp-block-paragraph\">Estas escalofriantes cifras se recogen en el informe&nbsp;<a href=\"https:\/\/www.plataformanacionalsuicidio.es\/informes-anuales\/evolucion-suicidio-infanto-juvenil\"><strong>\u201cEvoluci\u00f3n del suicidio en Espa\u00f1a en la poblaci\u00f3n infantojuvenil (2000-2021)\u201d,&nbsp;<\/strong><\/a>elaborado a partir los datos de mortalidad para del presente milenio del Instituto Nacional de Estad\u00edstica (INE) por el investigador principal del Grupo de Investigaci\u00f3n en Epidemiolog\u00eda Psiqui\u00e1trica y Salud Mental de la Universidad Complutense de Madrid,&nbsp;Alejandro de la Torre,&nbsp;junto a investigadores del CIBERSAM.<\/p>\n\n\n\n<h2 class=\"wp-block-heading\"><strong>Una tendencia creciente<\/strong><\/h2>\n\n\n\n<p class=\"wp-block-paragraph\">Los investigadores deducen que el incremento&nbsp;<em>\u201cno se justifica por la aparici\u00f3n de la pandemia\u201d<\/em><em>.&nbsp;<\/em>Tras analizar los datos del INE, explican que se trata de una&nbsp;tendencia creciente de mortalidad por esta causa en Espa\u00f1a desde 2018.<\/p>\n\n\n\n<p class=\"wp-block-paragraph\">Cada d\u00eda se quitan la vida 11 personas en nuestro pa\u00eds, siendo la&nbsp;tasa de mortalidad por suicidio en edad adolescente en Espa\u00f1a (12-17 a\u00f1os) de 1,49 fallecimientos por cada 100.000 habitantes.<\/p>\n\n\n\n<p class=\"wp-block-paragraph\">En cuanto a la distribuci\u00f3n por edades, la mitad de los casos registrados se dieron en la franja de edad comprendida entre los 40 y los 64 a\u00f1os, el 31% ten\u00edan 65 a\u00f1os o m\u00e1s, el 13.8% entre 25 y 39 y un 5% entre 10 y 24.<\/p>\n\n\n\n<p class=\"wp-block-paragraph\">En el grupo de 24 a 29 a\u00f1os, la tasa de mortalidad por esta causa en 2021 fue de 5,75 por cada 100.000 habitantes. Un 81.5% fueron hombres.<\/p>\n\n\n\n<h2 class=\"wp-block-heading\"><strong>Diferencias por sexo<\/strong><\/h2>\n\n\n\n<p class=\"wp-block-paragraph\">De manera general, existe un importante desequilibrio entre en el n\u00famero de muertes por suicidio en relaci\u00f3n con el sexo, de forma que 3 de cada 4 fallecimientos&nbsp;son en varones. Esta diferencia se refleja en todos los grupos de edad excepto en adolescentes, donde la proporci\u00f3n ha evolucionado desde los 3 varones por cada mujer a principios de siglo, a la misma proporci\u00f3n entre sexos en la situaci\u00f3n actual, lo cual supone un significativo aumento de incidencia en mujeres adolescentes.<\/p>\n\n\n\n<h2 class=\"wp-block-heading\"><strong>Causas de los suicidios<\/strong><\/h2>\n\n\n\n<p class=\"wp-block-paragraph\">Seg\u00fan una reciente&nbsp;<a href=\"https:\/\/pubmed.ncbi.nlm.nih.gov\/30684089\/\"><strong>investigaci\u00f3n<\/strong><\/a>, los problemas de salud mental parecen ser el factor de riesgo m\u00e1s asociado con la conducta suicida en adolescentes. Principalmente la depresi\u00f3n, aunque tambi\u00e9n existen otros como la ansiedad o los trastornos alimentarios. Cuando confluyen varios trastornos mentales, o cuando se combinan con abuso de alcohol o drogas, el riesgo se dispara.<\/p>\n\n\n\n<p class=\"wp-block-paragraph\">\u201cNo obstante, es muy importante se\u00f1alar que la mayor\u00eda de los adolescentes con trastorno mental no intentan suicidarse. Y, por supuesto, muchos adolescentes que cometen estos actos no presentan ning\u00fan trastorno mental\u201d, se afirma en un art\u00edculo de la Universidad Francisco de Vitoria publicado en&nbsp;<a href=\"https:\/\/theconversation.com\/que-puede-llevar-a-un-adolescente-a-quitarse-la-vida-206315\"><strong>The Conversation<\/strong><\/a>.&nbsp; \u201cLos eventos vitales adversos se consideran factores precipitantes. Entre los eventos estresantes m\u00e1s com\u00fanmente asociados a la conducta suicida destacan los conflictos familiares, haber sido v\u00edctima de violencia sexual, sufrir maltrato en la infancia o sufrir&nbsp;<strong><a href=\"https:\/\/doi.org\/10.1007\/s00038-018-1196-1\">bullying<\/a><\/strong>. Sin embargo, en un adolescente vulnerable, las rupturas de pareja, los cambios de residencia, el fracaso escolar y otras situaciones tambi\u00e9n podr\u00edan actuar como detonantes\u201d.<\/p>\n\n\n\n<p class=\"wp-block-paragraph\">Asimismo, la misma fuente asegura que determinados rasgos de personalidad como la&nbsp;<a href=\"https:\/\/www.behavioralpsycho.com\/producto\/predictores-psicologicos-del-riesgo-suicida-en-estudiantes-universitarios\/\"><strong>impulsividad<\/strong><\/a>, el&nbsp;<a href=\"https:\/\/onlinelibrary.wiley.com\/doi\/10.1111\/j.1943-278X.2012.00084.x\"><strong>perfeccionismo<\/strong><\/a>&nbsp;o el&nbsp;<a href=\"https:\/\/www.frontiersin.org\/articles\/10.3389\/fpsyt.2021.670246\/full\"><strong>uso de estrategias de afrontamiento centradas en la emoci\u00f3n o en la evitaci\u00f3n<\/strong><\/a><strong>&nbsp;<\/strong>aumentan el impacto negativo que tienen los eventos vitales adversos.<\/p>\n\n\n\n<p class=\"wp-block-paragraph\">Factores ambientales y educativos promotores de conductas hedonistas que facilitan la baja tolerancia a la frustraci\u00f3n, y que reducen la experiencia vital, en todas las franjas de edad pero, especialmente, en la etapa adolescente, al plano de la emotividad, la experiencia placentera y la evitaci\u00f3n de todo sufrimiento, pueden estar detr\u00e1s de un debilitamiento de la personalidad que la hace m\u00e1s vulnerable incrementando el riesgo de aparici\u00f3n de tendencias suicidas.<\/p>\n\n\n\n<p class=\"wp-block-paragraph\">Resulta importante computar en el proceso la influencia que redes sociales e internet pueden ejercer en estas tendencias, cuyo abuso est\u00e1 detr\u00e1s de muchas conductas adictivas, estados de dependencia, frustraci\u00f3n e incremento de psicopatolog\u00edas.<\/p>\n","protected":false},"excerpt":{"rendered":"<p>(Ref observatoriobioetica.org \/ Julio Tudela y Cristina Castillo) Los&nbsp;suicidios&nbsp;entre adolescentes de 12 a 18 a\u00f1os han aumentado en Espa\u00f1a hasta un 32,35% entre 2019 y 2021, pasando de 34 a 45 fallecidos y convirti\u00e9ndose \u00e9sta en la primera causa de muerte en j\u00f3venes y adolescentes entre 12 y 29 a\u00f1os. Estas escalofriantes cifras se recogen&#8230;<\/p>\n","protected":false},"author":1,"featured_media":1599,"comment_status":"closed","ping_status":"open","sticky":false,"template":"","format":"standard","meta":{"_kadence_starter_templates_imported_post":false,"_kad_post_transparent":"","_kad_post_title":"","_kad_post_layout":"","_kad_post_sidebar_id":"","_kad_post_content_style":"","_kad_post_vertical_padding":"","_kad_post_feature":"","_kad_post_feature_position":"","_kad_post_header":false,"_kad_post_footer":false,"_kad_post_classname":"","_jetpack_newsletter_access":"","_jetpack_dont_email_post_to_subs":false,"_jetpack_newsletter_tier_id":0,"_jetpack_memberships_contains_paywalled_content":false,"_jetpack_memberships_contains_paid_content":false,"footnotes":""},"categories":[1],"tags":[],"class_list":["post-1597","post","type-post","status-publish","format-standard","has-post-thumbnail","hentry","category-uncategorized"],"jetpack_sharing_enabled":true,"jetpack_featured_media_url":"https:\/\/expertosenetica.com\/wp-content\/uploads\/2023\/09\/cuadradasuicidio.jpg","post_mailing_queue_ids":[],"_links":{"self":[{"href":"https:\/\/expertosenetica.com\/index.php\/wp-json\/wp\/v2\/posts\/1597","targetHints":{"allow":["GET"]}}],"collection":[{"href":"https:\/\/expertosenetica.com\/index.php\/wp-json\/wp\/v2\/posts"}],"about":[{"href":"https:\/\/expertosenetica.com\/index.php\/wp-json\/wp\/v2\/types\/post"}],"author":[{"embeddable":true,"href":"https:\/\/expertosenetica.com\/index.php\/wp-json\/wp\/v2\/users\/1"}],"replies":[{"embeddable":true,"href":"https:\/\/expertosenetica.com\/index.php\/wp-json\/wp\/v2\/comments?post=1597"}],"version-history":[{"count":1,"href":"https:\/\/expertosenetica.com\/index.php\/wp-json\/wp\/v2\/posts\/1597\/revisions"}],"predecessor-version":[{"id":1600,"href":"https:\/\/expertosenetica.com\/index.php\/wp-json\/wp\/v2\/posts\/1597\/revisions\/1600"}],"wp:featuredmedia":[{"embeddable":true,"href":"https:\/\/expertosenetica.com\/index.php\/wp-json\/wp\/v2\/media\/1599"}],"wp:attachment":[{"href":"https:\/\/expertosenetica.com\/index.php\/wp-json\/wp\/v2\/media?parent=1597"}],"wp:term":[{"taxonomy":"category","embeddable":true,"href":"https:\/\/expertosenetica.com\/index.php\/wp-json\/wp\/v2\/categories?post=1597"},{"taxonomy":"post_tag","embeddable":true,"href":"https:\/\/expertosenetica.com\/index.php\/wp-json\/wp\/v2\/tags?post=1597"}],"curies":[{"name":"wp","href":"https:\/\/api.w.org\/{rel}","templated":true}]}}