{"id":1623,"date":"2023-10-16T08:23:07","date_gmt":"2023-10-16T07:23:07","guid":{"rendered":"https:\/\/expertosenetica.com\/?p=1623"},"modified":"2023-10-16T08:23:07","modified_gmt":"2023-10-16T07:23:07","slug":"3-novedades-que-trae-la-ultima-sentencia-del-constitucional-a-la-practica-de-la-eutanasia","status":"publish","type":"post","link":"https:\/\/expertosenetica.com\/index.php\/2023\/10\/16\/3-novedades-que-trae-la-ultima-sentencia-del-constitucional-a-la-practica-de-la-eutanasia\/","title":{"rendered":"3 novedades que trae la \u00faltima sentencia del Constitucional a la pr\u00e1ctica de la eutanasia"},"content":{"rendered":"\n<p class=\"wp-block-paragraph\">(Ref. Diario M\u00e9dico, 23 de septiembre de 2023 Autor: Soledad Valle, Francesc Jos\u00e9 Mar\u00eda, Javier S\u00e1nchez Caro)<\/p>\n\n\n\n<p class=\"wp-block-paragraph\">La reciente sentencia del TC que resuelve el segundo recurso presentado contra la ley de eutanasia, incluye algunas novedades e igualmente puntos oscuros respecto a la primera de marzo pasado. Las novedades se refieran a la eficacia de las decisiones que tomen las Comisiones de Evaluaci\u00f3n y control auton\u00f3micas cuando se pronuncian sobre pr\u00e1ctica de la eutanasia.<br><br>El sentido de la resoluci\u00f3n del Tribunal Constitucional sobre el recurso del PP a la ley de la eutanasia se conoci\u00f3 hace tiempo a trav\u00e9s de una nota que resum\u00eda el aval del Tribunal a la ley, pero no ha sido hasta esta semana cuando se ha difundido la sentencia de manera \u00edntegra.<br>Hab\u00eda albergadas esperanzas en que en esta segunda resoluci\u00f3n del Constitucional sobre la LORE \u2013despu\u00e9s de la respuesta al recurso de Vox\u2013 el tribunal aclarara algunas cuestiones. Una de ellas y la m\u00e1s pol\u00e9mica tiene que ver con la eficacia de las decisiones de las comisiones de Garant\u00eda y Evaluaci\u00f3n de la Eutanasia cuando responde a recurso de pacientes que han recibido una negativa a su solicitud por parte del m\u00e9dico consultor, el m\u00e9dico responsable o de los dos miembros de la dupla designados por la Comisi\u00f3n.<br><br>Hasta que el Constitucional se pronunci\u00f3 por primera vez sobre la ley, estas situaciones se resolv\u00edan de manera que, si la Comisi\u00f3n admit\u00eda el recurso del paciente, la eutanasia se practicaba. Es decir, la respuesta de la Comisi\u00f3n era ejecutiva.<br><br>Pues bien, el Constitucional cambi\u00f3 esa din\u00e1mica y oblig\u00f3 a que la decisi\u00f3n de la Comisi\u00f3n en esos casos requiera volver a empezar todo el proceso.<br><br>Este razonamiento del Constitucional sorprendi\u00f3 a muchos de los miembros de estas comisiones, entre ellos a Francesc Jos\u00e9 Mar\u00eda, abogado y vicepresidente de la Comisi\u00f3n de Garant\u00eda y Evaluaci\u00f3n de la eutanasia en Catalu\u00f1a.<br><br>Jos\u00e9 Mar\u00eda, que ha revisado con atenci\u00f3n la \u00faltima sentencia del Constitucional en busca de alguna aclaraci\u00f3n en este sentido, no la ha encontrado. \u201cPor lo que queda en pie la interpretaci\u00f3n de la primera sentencia de marzo que dec\u00eda que debe reanudarse el procedimiento para realizar aquellos tr\u00e1mites o actuaciones pendientes, para no romper el r\u00e9gimen de garant\u00edas de la LORE\u201d.<br><br>Sin embargo, esta \u00faltima resoluci\u00f3n s\u00ed trae novedades en la pr\u00e1ctica de la prestaci\u00f3n. Jos\u00e9 Mar\u00eda se\u00f1ala tres.<br><br>Las tres novedades sobre la pr\u00e1ctica de la eutanasia:<br><br>En primer lugar, \u201cno considera necesaria la intervenci\u00f3n de determinados profesionales -psiquiatras o psic\u00f3logos- para certificar el consentimiento libre e informado de la persona solicitante. Ni de determinadas autoridades -jueces, fiscales, notarios u otros fedatarios p\u00fablicos- para validar la regularidad del procedimiento. Tambi\u00e9n rechaza el Tribunal que sea necesaria e imperativa una entrevista personal por parte de la Comisi\u00f3n de Garant\u00eda y Evaluaci\u00f3n. As\u00ed como que para homogeneizar los criterios de las distintas comunidades aut\u00f3nomas sea precisa la existencia de un \u00f3rgano estatal que pueda revisar en v\u00eda administrativa las decisiones adoptadas por cada una de las Comisiones auton\u00f3micas\u201d.<br><br>Como segunda novedad, \u201cla sentencia rechaza tambi\u00e9n la pretensi\u00f3n del grupo parlamentario recurrente -el Partido Popular- de limitar la eutanasia a los supuestos de enfermos terminales confluyendo un l\u00edmite temporal (fase final de vida) y de diagn\u00f3stico (irreversibilidad de la situaci\u00f3n)\u201d.<br><br>Y, en tercer lugar, \u201cel Constitucional zanja el debate sobre el reconocimiento a las personas jur\u00eddicas negando que \u00e9stas, aunque tengan en abstracto la capacidad para ser titulares de derechos fundamentales necesita ser delimitada dicha capacidad a la vista de cada derecho fundamental. Y en el caso de la eutanasia no se puede extender la objeci\u00f3n de conciencia a un \u00e1mbito institucional. Solo los profesionales sanitarios que intervienen en la ejecuci\u00f3n efectiva de la prestaci\u00f3n de ayuda a morir pueden invocar la objeci\u00f3n de conciencia para quedar exonerados de la obligaci\u00f3n legal de realizar la prestaci\u00f3n\u201d.<br><br>Tambi\u00e9n en la objeci\u00f3n de conciencia hace hincapi\u00e9 Javier S\u00e1nchez Caro, presidente del Comit\u00e9 de Bio\u00e9tica de Castilla-La Mancha, al responder a la pregunta de Diario M\u00e9dico sobre las novedades la \u00faltima sentencia del Constitucional sobre la eutanasia.<br><br>Dice: \u201cEl Constitucional deja clara la imposibilidad de que se alegue la objeci\u00f3n de conciencia a la eutanasia por las personas jur\u00eddicas (hospitales, centros sanitarios, en cuanto tales). Sin confundir la objeci\u00f3n de conciencia, que es individual, con el ideario de la entidad, que siempre es respetable y puede mantenerse con otras medidas y el alcance de la objeci\u00f3n, al descartar a todos los sanitarios que no est\u00e9n situados en la l\u00ednea de acci\u00f3n ejecutiva\u201c<\/p>\n","protected":false},"excerpt":{"rendered":"<p>(Ref. Diario M\u00e9dico, 23 de septiembre de 2023 Autor: Soledad Valle, Francesc Jos\u00e9 Mar\u00eda, Javier S\u00e1nchez Caro) La reciente sentencia del TC que resuelve el segundo recurso presentado contra la ley de eutanasia, incluye algunas novedades e igualmente puntos oscuros respecto a la primera de marzo pasado. Las novedades se refieran a la eficacia de&#8230;<\/p>\n","protected":false},"author":1,"featured_media":1624,"comment_status":"closed","ping_status":"open","sticky":false,"template":"","format":"standard","meta":{"_kadence_starter_templates_imported_post":false,"_kad_post_transparent":"","_kad_post_title":"","_kad_post_layout":"","_kad_post_sidebar_id":"","_kad_post_content_style":"","_kad_post_vertical_padding":"","_kad_post_feature":"","_kad_post_feature_position":"","_kad_post_header":false,"_kad_post_footer":false,"_kad_post_classname":"","_jetpack_newsletter_access":"","_jetpack_dont_email_post_to_subs":false,"_jetpack_newsletter_tier_id":0,"_jetpack_memberships_contains_paywalled_content":false,"_jetpack_memberships_contains_paid_content":false,"footnotes":""},"categories":[1],"tags":[19],"class_list":["post-1623","post","type-post","status-publish","format-standard","has-post-thumbnail","hentry","category-uncategorized","tag-eutanasia"],"jetpack_sharing_enabled":true,"jetpack_featured_media_url":"https:\/\/expertosenetica.com\/wp-content\/uploads\/2023\/10\/cq5dam.thumbnail.cropped.1000.563.jpg","post_mailing_queue_ids":[],"_links":{"self":[{"href":"https:\/\/expertosenetica.com\/index.php\/wp-json\/wp\/v2\/posts\/1623","targetHints":{"allow":["GET"]}}],"collection":[{"href":"https:\/\/expertosenetica.com\/index.php\/wp-json\/wp\/v2\/posts"}],"about":[{"href":"https:\/\/expertosenetica.com\/index.php\/wp-json\/wp\/v2\/types\/post"}],"author":[{"embeddable":true,"href":"https:\/\/expertosenetica.com\/index.php\/wp-json\/wp\/v2\/users\/1"}],"replies":[{"embeddable":true,"href":"https:\/\/expertosenetica.com\/index.php\/wp-json\/wp\/v2\/comments?post=1623"}],"version-history":[{"count":1,"href":"https:\/\/expertosenetica.com\/index.php\/wp-json\/wp\/v2\/posts\/1623\/revisions"}],"predecessor-version":[{"id":1625,"href":"https:\/\/expertosenetica.com\/index.php\/wp-json\/wp\/v2\/posts\/1623\/revisions\/1625"}],"wp:featuredmedia":[{"embeddable":true,"href":"https:\/\/expertosenetica.com\/index.php\/wp-json\/wp\/v2\/media\/1624"}],"wp:attachment":[{"href":"https:\/\/expertosenetica.com\/index.php\/wp-json\/wp\/v2\/media?parent=1623"}],"wp:term":[{"taxonomy":"category","embeddable":true,"href":"https:\/\/expertosenetica.com\/index.php\/wp-json\/wp\/v2\/categories?post=1623"},{"taxonomy":"post_tag","embeddable":true,"href":"https:\/\/expertosenetica.com\/index.php\/wp-json\/wp\/v2\/tags?post=1623"}],"curies":[{"name":"wp","href":"https:\/\/api.w.org\/{rel}","templated":true}]}}