{"id":1626,"date":"2023-10-20T18:08:50","date_gmt":"2023-10-20T17:08:50","guid":{"rendered":"https:\/\/expertosenetica.com\/?p=1626"},"modified":"2023-10-20T18:08:50","modified_gmt":"2023-10-20T17:08:50","slug":"consideraciones-eticas-de-la-telemedicina-en-atencion-primaria-de-la-teoria-a-la-realidad","status":"publish","type":"post","link":"https:\/\/expertosenetica.com\/index.php\/2023\/10\/20\/consideraciones-eticas-de-la-telemedicina-en-atencion-primaria-de-la-teoria-a-la-realidad\/","title":{"rendered":"CONSIDERACIONES \u00c9TICAS DE LA TELEMEDICINA EN ATENCI\u00d3N PRIMARIA: DE LA TEOR\u00cdA A LA REALIDAD"},"content":{"rendered":"\n<p class=\"wp-block-paragraph\">Eduardo \u00c1vila Amat<br>Alumno del Experto en \u00c9tica Cl\u00ednica para sanitarios 2022-2023<\/p>\n\n\n\n<p class=\"wp-block-paragraph\">La Atenci\u00f3n Primaria en el momento actual est\u00e1 sometida a numerosas limitaciones, sobre todo de recursos humanos (principalmente m\u00e9dicos) y econ\u00f3micos. Con la pandemia Covid-19 , adem\u00e1s, se ha objetivado la posibilidad de completar el cambio hacia nuevas formas de asistencia de forma remota, englobadas en la denominada Telemedicina, dentro de las nuevas Tecnolog\u00edas de la Informaci\u00f3n (TICs), y que ya estaban en desarrollo y aplicaci\u00f3n inicial en fechas anteriores a la misma. \u00a0\u00a0\u00a0\u00a0\u00a0\u00a0<\/p>\n\n\n\n<p class=\"wp-block-paragraph\">Esta herramienta permitir\u00eda optimizar los recursos tanto econ\u00f3micos como de tiempo de los profesionales sanitarios, y al mismo tiempo de los pacientes, sin que colisionase con la calidad asistencial, la accesibilidad a los servicios y la satisfacci\u00f3n de ambos actores, y de las instituciones sanitarias.<\/p>\n\n\n\n<p class=\"wp-block-paragraph\"><a href=\"https:\/\/expertosenetica.com\/wp-content\/uploads\/2023\/10\/TRABAJO-FIN-DE-EXPERTO-EDUARDO-AVILA-AMAT-2022-2023.pdf\">Pulsa aqu\u00ed para descargar el trabajo<\/a><\/p>\n","protected":false},"excerpt":{"rendered":"<p>Eduardo \u00c1vila AmatAlumno del Experto en \u00c9tica Cl\u00ednica para sanitarios 2022-2023 La Atenci\u00f3n Primaria en el momento actual est\u00e1 sometida a numerosas limitaciones, sobre todo de recursos humanos (principalmente m\u00e9dicos) y econ\u00f3micos. Con la pandemia Covid-19 , adem\u00e1s, se ha objetivado la posibilidad de completar el cambio hacia nuevas formas de asistencia de forma remota,&#8230;<\/p>\n","protected":false},"author":1,"featured_media":1627,"comment_status":"closed","ping_status":"open","sticky":false,"template":"","format":"standard","meta":{"_kadence_starter_templates_imported_post":false,"_kad_post_transparent":"","_kad_post_title":"","_kad_post_layout":"","_kad_post_sidebar_id":"","_kad_post_content_style":"","_kad_post_vertical_padding":"","_kad_post_feature":"","_kad_post_feature_position":"","_kad_post_header":false,"_kad_post_footer":false,"_kad_post_classname":"","_jetpack_newsletter_access":"","_jetpack_dont_email_post_to_subs":false,"_jetpack_newsletter_tier_id":0,"_jetpack_memberships_contains_paywalled_content":false,"_jetpack_memberships_contains_paid_content":false,"footnotes":""},"categories":[1],"tags":[97],"class_list":["post-1626","post","type-post","status-publish","format-standard","has-post-thumbnail","hentry","category-uncategorized","tag-telemedicina"],"jetpack_sharing_enabled":true,"jetpack_featured_media_url":"https:\/\/expertosenetica.com\/wp-content\/uploads\/2023\/10\/EDUARDO-AVILA-AMAT.jpg","post_mailing_queue_ids":[],"_links":{"self":[{"href":"https:\/\/expertosenetica.com\/index.php\/wp-json\/wp\/v2\/posts\/1626","targetHints":{"allow":["GET"]}}],"collection":[{"href":"https:\/\/expertosenetica.com\/index.php\/wp-json\/wp\/v2\/posts"}],"about":[{"href":"https:\/\/expertosenetica.com\/index.php\/wp-json\/wp\/v2\/types\/post"}],"author":[{"embeddable":true,"href":"https:\/\/expertosenetica.com\/index.php\/wp-json\/wp\/v2\/users\/1"}],"replies":[{"embeddable":true,"href":"https:\/\/expertosenetica.com\/index.php\/wp-json\/wp\/v2\/comments?post=1626"}],"version-history":[{"count":1,"href":"https:\/\/expertosenetica.com\/index.php\/wp-json\/wp\/v2\/posts\/1626\/revisions"}],"predecessor-version":[{"id":1629,"href":"https:\/\/expertosenetica.com\/index.php\/wp-json\/wp\/v2\/posts\/1626\/revisions\/1629"}],"wp:featuredmedia":[{"embeddable":true,"href":"https:\/\/expertosenetica.com\/index.php\/wp-json\/wp\/v2\/media\/1627"}],"wp:attachment":[{"href":"https:\/\/expertosenetica.com\/index.php\/wp-json\/wp\/v2\/media?parent=1626"}],"wp:term":[{"taxonomy":"category","embeddable":true,"href":"https:\/\/expertosenetica.com\/index.php\/wp-json\/wp\/v2\/categories?post=1626"},{"taxonomy":"post_tag","embeddable":true,"href":"https:\/\/expertosenetica.com\/index.php\/wp-json\/wp\/v2\/tags?post=1626"}],"curies":[{"name":"wp","href":"https:\/\/api.w.org\/{rel}","templated":true}]}}