{"id":1631,"date":"2023-12-05T10:08:08","date_gmt":"2023-12-05T09:08:08","guid":{"rendered":"https:\/\/expertosenetica.com\/?p=1631"},"modified":"2023-12-05T10:08:08","modified_gmt":"2023-12-05T09:08:08","slug":"muere-indi-gregory-la-nina-de-ocho-meses-con-enfermedad-terminal-tras-ser-desconectada-del-soporte-vital","status":"publish","type":"post","link":"https:\/\/expertosenetica.com\/index.php\/2023\/12\/05\/muere-indi-gregory-la-nina-de-ocho-meses-con-enfermedad-terminal-tras-ser-desconectada-del-soporte-vital\/","title":{"rendered":"Muere Indi Gregory, la ni\u00f1a de ocho meses con enfermedad terminal, tras ser desconectada del soporte vital"},"content":{"rendered":"\n<p class=\"wp-block-paragraph\">Muere la beb\u00e9 Indi Gregory tras ser desconectada este domingo del soporte vital que la manten\u00eda con vida.&nbsp;Sus padres emprendieron una lucha contra la Justicia brit\u00e1nica por querer interrumpir el tratamiento de la menor.<\/p>\n\n\n\n<p class=\"wp-block-paragraph\">(Ref\u00a0<a href=\"https:\/\/www.abc.es\/sociedad\/muere-indi-gregory-nina-ocho-meses-enfermedad-20231113085708-nt.html\" target=\"_blank\" rel=\"noreferrer noopener\">ABC.es<\/a>)<\/p>\n\n\n\n<h3 class=\"wp-block-heading\">Muere Indi Gregory<\/h3>\n\n\n\n<p class=\"wp-block-paragraph\">La menor padec\u00eda una rara enfermedad mitocondiral. Los padres de la peque\u00f1a llevaban meses luchando contra la decisi\u00f3n de los m\u00e9dicos brit\u00e1nicos, que hab\u00edan recomendado interrumpir el tratamiento para mantener con vida a su beb\u00e9.<\/p>\n\n\n\n<p class=\"wp-block-paragraph\">Los sanitarios del hospital de Nottingham, donde se trataba a la ni\u00f1a, argumentaban que continuar con el tratamiento era in\u00fatil y doloroso, postura a la que se opon\u00edan sus padres Dean Gregory y Claire Staniforth. La pasada semana Italia otorg\u00f3 de urgencia la ciudadan\u00eda a la beb\u00e9 para tratarse en el pa\u00eds ante la negativa de Reino Unido.<\/p>\n\n\n\n<p class=\"wp-block-paragraph\">\u00abMi esposa Clare y yo estamos enfadados, desconsolados y avergonzados. El hospital Nottingham y los tribunales no s\u00f3lo le han quitado la oportunidad de vivir una vida m\u00e1s larga, sino que tambi\u00e9n le han quitado la dignidad de morir en el hogar familiar al que pertenec\u00eda. Lograron quitarle el cuerpo y la dignidad a Indi, pero nunca podr\u00e1n quitarle el alma. Sab\u00eda que ella era especial desde el d\u00eda en que naci\u00f3, intentaron deshacerse de ella sin que nadie lo supiera, pero Clare y yo nos aseguramos de que fuera recordada para siempre\u00bb, ha dicho el padre de la menor en una declaraci\u00f3n a los medios de comunicaci\u00f3n italianos.<\/p>\n\n\n\n<p class=\"wp-block-paragraph\">Durante los \u00faltimos meses el progenitor de la menor ha intentado luchar por la vida de su hija a trav\u00e9s de recursos legales con el apoyo del despacho de abogados cristianos para intentar convencer a los jueces del Tribunal Superior de Reino Unido y el Tribunal Europeo de Derechos Humanos de que deber\u00eda seguir recibiendo el tratamiento.<\/p>\n\n\n\n<p class=\"wp-block-paragraph\">Sin embargo, este domingo los m\u00e9dicos brit\u00e1nicos suspendieron el tratamiento porque era \u00abin\u00fatil y doloroso\u00bb continuar con \u00e9l. El pasado viernes, el tribunal decidi\u00f3 que el tratamiento deb\u00eda interrumpirse en un centro m\u00e9dico, y no en casa de los padres, como estos lo solicitaban.<\/p>\n","protected":false},"excerpt":{"rendered":"<p>Muere la beb\u00e9 Indi Gregory tras ser desconectada este domingo del soporte vital que la manten\u00eda con vida.&nbsp;Sus padres emprendieron una lucha contra la Justicia brit\u00e1nica por querer interrumpir el tratamiento de la menor. (Ref\u00a0ABC.es) Muere Indi Gregory La menor padec\u00eda una rara enfermedad mitocondiral. Los padres de la peque\u00f1a llevaban meses luchando contra la&#8230;<\/p>\n","protected":false},"author":1,"featured_media":1632,"comment_status":"closed","ping_status":"open","sticky":false,"template":"","format":"standard","meta":{"_kadence_starter_templates_imported_post":false,"_kad_post_transparent":"","_kad_post_title":"","_kad_post_layout":"","_kad_post_sidebar_id":"","_kad_post_content_style":"","_kad_post_vertical_padding":"","_kad_post_feature":"","_kad_post_feature_position":"","_kad_post_header":false,"_kad_post_footer":false,"_kad_post_classname":"","_jetpack_newsletter_access":"","_jetpack_dont_email_post_to_subs":false,"_jetpack_newsletter_tier_id":0,"_jetpack_memberships_contains_paywalled_content":false,"_jetpack_memberships_contains_paid_content":false,"footnotes":""},"categories":[1],"tags":[19],"class_list":["post-1631","post","type-post","status-publish","format-standard","has-post-thumbnail","hentry","category-uncategorized","tag-eutanasia"],"jetpack_sharing_enabled":true,"jetpack_featured_media_url":"https:\/\/expertosenetica.com\/wp-content\/uploads\/2023\/12\/indi-gregory-kRHF-U60642119270KmF-758x531@abc.webp","post_mailing_queue_ids":[],"_links":{"self":[{"href":"https:\/\/expertosenetica.com\/index.php\/wp-json\/wp\/v2\/posts\/1631","targetHints":{"allow":["GET"]}}],"collection":[{"href":"https:\/\/expertosenetica.com\/index.php\/wp-json\/wp\/v2\/posts"}],"about":[{"href":"https:\/\/expertosenetica.com\/index.php\/wp-json\/wp\/v2\/types\/post"}],"author":[{"embeddable":true,"href":"https:\/\/expertosenetica.com\/index.php\/wp-json\/wp\/v2\/users\/1"}],"replies":[{"embeddable":true,"href":"https:\/\/expertosenetica.com\/index.php\/wp-json\/wp\/v2\/comments?post=1631"}],"version-history":[{"count":1,"href":"https:\/\/expertosenetica.com\/index.php\/wp-json\/wp\/v2\/posts\/1631\/revisions"}],"predecessor-version":[{"id":1633,"href":"https:\/\/expertosenetica.com\/index.php\/wp-json\/wp\/v2\/posts\/1631\/revisions\/1633"}],"wp:featuredmedia":[{"embeddable":true,"href":"https:\/\/expertosenetica.com\/index.php\/wp-json\/wp\/v2\/media\/1632"}],"wp:attachment":[{"href":"https:\/\/expertosenetica.com\/index.php\/wp-json\/wp\/v2\/media?parent=1631"}],"wp:term":[{"taxonomy":"category","embeddable":true,"href":"https:\/\/expertosenetica.com\/index.php\/wp-json\/wp\/v2\/categories?post=1631"},{"taxonomy":"post_tag","embeddable":true,"href":"https:\/\/expertosenetica.com\/index.php\/wp-json\/wp\/v2\/tags?post=1631"}],"curies":[{"name":"wp","href":"https:\/\/api.w.org\/{rel}","templated":true}]}}