{"id":1701,"date":"2024-05-13T21:49:44","date_gmt":"2024-05-13T20:49:44","guid":{"rendered":"https:\/\/expertosenetica.com\/?p=1701"},"modified":"2024-05-13T21:49:44","modified_gmt":"2024-05-13T20:49:44","slug":"espana-ocupa-el-puesto-31-de-50-en-cuidados-paliativos-al-ano-mueren-80-000-pacientes-sin-esta-atencion","status":"publish","type":"post","link":"https:\/\/expertosenetica.com\/index.php\/2024\/05\/13\/espana-ocupa-el-puesto-31-de-50-en-cuidados-paliativos-al-ano-mueren-80-000-pacientes-sin-esta-atencion\/","title":{"rendered":"Espa\u00f1a ocupa el puesto 31 de 50 en cuidados paliativos: al a\u00f1o mueren 80.000 pacientes sin esta atenci\u00f3n"},"content":{"rendered":"\n<p class=\"wp-block-paragraph\">(Ref eldebate.com)<\/p>\n\n\n\n<p class=\"wp-block-paragraph\">Los cuidados paliativos en Espa\u00f1a son casi inexistentes. El \u00faltimo an\u00e1lisis disponible sobre estos recursos espec\u00edficos presentes en nuestro pa\u00eds fue llevado a cabo en 2015, con una posterior actualizaci\u00f3n en el a\u00f1o 2017. Ese estudio ya mostraba una imagen alarmante respecto al acceso. Seg\u00fan cifras del Atlas de los Cuidados Paliativos en Europa,\u00a0<strong>80.000 personas fallecen cada a\u00f1o en Espa\u00f1a\u00a0<\/strong>sin atenci\u00f3n paliativa. De hecho, nuestro pa\u00eds ocupa as\u00ed el puesto 31 de 51 en este tipo de servicios.<\/p>\n\n\n\n<p class=\"wp-block-paragraph\">Para tratar de dar voz a estos cuidados y concienciar sobre su importancia ante los procesos de<strong>&nbsp;enfermedad avanzada<\/strong>&nbsp;y en el final de la vida, la doctora Elia Mart\u00ednez, presidenta de la Sociedad Espa\u00f1ola de Cuidados Paliativos (SECPAL), y Mara Castillo, enfermera hospitalaria y presidenta de la Fundaci\u00f3n Dignia, han firmado un acuerdo para colaborar en el desarrollo de estas iniciativas.<\/p>\n\n\n\n<h3 class=\"wp-block-heading\"><a href=\"https:\/\/www.eldebate.com\/sociedad\/20240506\/le-trasplantaron-seis-organos-anos-despues-deben-iniciar-todo-proceso-nuevo_194718.html\">Le trasplantaron seis \u00f3rganos, a\u00f1os despu\u00e9s deben iniciar todo el proceso de nuevo<\/a><a href=\"https:\/\/www.eldebate.com\/sociedad\/20240506\/le-trasplantaron-seis-organos-anos-despues-deben-iniciar-todo-proceso-nuevo_194718.html#disqus_thread_box\"><\/a><\/h3>\n\n\n\n<p class=\"wp-block-paragraph\">Al hilo, la doctora Mart\u00ednez Moreno se\u00f1ala que desde SECPAL se est\u00e1 llevando a cabo un trabajo intenso para desarrollar los&nbsp;<strong>cuidados paliativos en nuestro pa\u00eds.<\/strong>&nbsp;As\u00ed, anota que son \u00abmuy conscientes\u00bb de las inequidades que existen entre los \u00abdiferentes territorios en las distintas \u00e1reas\u00bb. Del mismo modo, la experta subraya que es \u00abuna necesidad imperiosa\u00bb trabajar con datos actualizados y fidedignos para poder llevar a cabo un diagn\u00f3stico correcto de la situaci\u00f3n.<\/p>\n\n\n\n<p class=\"wp-block-paragraph\">La<strong>&nbsp;ignorancia del Ministerio de Sanidad&nbsp;<\/strong>por este tema es grave, ya que tan solo un 40 % de las personas que necesitan la intervenci\u00f3n de equipos especializados en cuidados paliativos la reciben. Adem\u00e1s, la dotaci\u00f3n de recursos es insuficiente en la mayor\u00eda de los casos, puesto que es una prestaci\u00f3n que no cuenta en muchos ocasiones con muchas de las afecciones.<\/p>\n\n\n\n<p class=\"wp-block-paragraph\">Y es que el departamento de M\u00f3nica Garc\u00eda no ha publicado datos actualizados del panorama actual. Por ello, Castillo asevera que, si no se conocen las cifras de Espa\u00f1a, es imposible \u00abpreocuparse por ellos\u00bb. Sin embargo, sabe que los resultados nos servir\u00e1n \u00abpara que todos los implicados sepamos en qu\u00e9 situaci\u00f3n se encuentra cada comunidad\u00bb.<\/p>\n\n\n\n<p class=\"wp-block-paragraph\">Asimismo, la presidenta de la Fundaci\u00f3n Dignia ha querido recordar la importancia de&nbsp;<strong>poner en valor la dignidad de las personas,<\/strong>&nbsp;desde el diagn\u00f3stico de la necesidad del cuidado, a trav\u00e9s de la atenci\u00f3n y acompa\u00f1amiento del paciente y la familia en todas sus dimensiones, as\u00ed como la necesidad de democratizar los cuidados paliativos en todas sus aplicaciones.<\/p>\n\n\n\n<h2 class=\"wp-block-heading\">La radiograf\u00eda de los cuidados en Espa\u00f1a<\/h2>\n\n\n\n<p class=\"wp-block-paragraph\">Para intentar revertir el panorama nacional en cuanto a la carencia de esta prestaci\u00f3n, el equipo de SI-Health<em>,<\/em>\u00a0consultora de apoyo estrat\u00e9gico en el sector salud especializada en la gesti\u00f3n del cambio y la transformaci\u00f3n organizativa, llevar\u00e1 a cabo una\u00a0<strong>radiograf\u00eda de la situaci\u00f3n de la atenci\u00f3n paliativa<\/strong>\u00a0en el conjunto de las comunidades aut\u00f3nomas. Tomando la forma de \u00cdndice ISACP (\u00cdndice Situacional Auton\u00f3mico de Cuidados Paliativos).<\/p>\n\n\n\n<h3 class=\"wp-block-heading\"><a href=\"https:\/\/www.eldebate.com\/sociedad\/20240303\/esta-abocando-cuando-llegue-momento-unica-opcion-sea-morir_178443.html\">\u00abSe nos est\u00e1 abocando a que cuando llegue el momento la \u00fanica opci\u00f3n sea morir\u00bb<\/a><\/h3>\n\n\n\n<p class=\"wp-block-paragraph\">Tal y como han explicado en una nota, este instrumento medir\u00e1 la mejora de la equidad, el desarrollo y la sostenibilidad de la atenci\u00f3n paliativa en Espa\u00f1a. A partir de estos resultados, buscar\u00e1n promover \u00abun escalado de modelos asistenciales\u00bb y una colaboraci\u00f3n \u00abentre el ecosistema de cuidados paliativos que act\u00fae all\u00ed donde m\u00e1s se necesite\u00bb.<\/p>\n\n\n\n<p class=\"wp-block-paragraph\">Patricia Arratibel, quien fund\u00f3 esta consultora junto al Dr. Rafael Bengoa, Senior Fellow de Harvard y&nbsp;<em>Honoris Causa<\/em>&nbsp;por la Universidad del Ulster, puntualiza que este proyecto es \u00abuna oportunidad estupenda\u00bb para monitorizar y evaluar la<strong>&nbsp;situaci\u00f3n de los cuidados paliativos en Espa\u00f1a.<\/strong>&nbsp;Esto ayudar\u00e1 a dise\u00f1ar e implementar \u00abintervenciones de mejora e innovaci\u00f3n\u00bb que permitan prestar \u00abcuidados paliativos de calidad en cada contexto local\u00bb, concluye.<\/p>\n","protected":false},"excerpt":{"rendered":"<p>(Ref eldebate.com) Los cuidados paliativos en Espa\u00f1a son casi inexistentes. El \u00faltimo an\u00e1lisis disponible sobre estos recursos espec\u00edficos presentes en nuestro pa\u00eds fue llevado a cabo en 2015, con una posterior actualizaci\u00f3n en el a\u00f1o 2017. Ese estudio ya mostraba una imagen alarmante respecto al acceso. Seg\u00fan cifras del Atlas de los Cuidados Paliativos en&#8230;<\/p>\n","protected":false},"author":1,"featured_media":1702,"comment_status":"closed","ping_status":"open","sticky":false,"template":"","format":"standard","meta":{"_kadence_starter_templates_imported_post":false,"_kad_post_transparent":"","_kad_post_title":"","_kad_post_layout":"","_kad_post_sidebar_id":"","_kad_post_content_style":"","_kad_post_vertical_padding":"","_kad_post_feature":"","_kad_post_feature_position":"","_kad_post_header":false,"_kad_post_footer":false,"_kad_post_classname":"","_jetpack_newsletter_access":"","_jetpack_dont_email_post_to_subs":false,"_jetpack_newsletter_tier_id":0,"_jetpack_memberships_contains_paywalled_content":false,"_jetpack_memberships_contains_paid_content":false,"footnotes":""},"categories":[1],"tags":[],"class_list":["post-1701","post","type-post","status-publish","format-standard","has-post-thumbnail","hentry","category-uncategorized"],"jetpack_sharing_enabled":true,"jetpack_featured_media_url":"https:\/\/expertosenetica.com\/wp-content\/uploads\/2024\/05\/64e8cc60ed294.r_d.3093-1983.jpg","post_mailing_queue_ids":[],"_links":{"self":[{"href":"https:\/\/expertosenetica.com\/index.php\/wp-json\/wp\/v2\/posts\/1701","targetHints":{"allow":["GET"]}}],"collection":[{"href":"https:\/\/expertosenetica.com\/index.php\/wp-json\/wp\/v2\/posts"}],"about":[{"href":"https:\/\/expertosenetica.com\/index.php\/wp-json\/wp\/v2\/types\/post"}],"author":[{"embeddable":true,"href":"https:\/\/expertosenetica.com\/index.php\/wp-json\/wp\/v2\/users\/1"}],"replies":[{"embeddable":true,"href":"https:\/\/expertosenetica.com\/index.php\/wp-json\/wp\/v2\/comments?post=1701"}],"version-history":[{"count":1,"href":"https:\/\/expertosenetica.com\/index.php\/wp-json\/wp\/v2\/posts\/1701\/revisions"}],"predecessor-version":[{"id":1703,"href":"https:\/\/expertosenetica.com\/index.php\/wp-json\/wp\/v2\/posts\/1701\/revisions\/1703"}],"wp:featuredmedia":[{"embeddable":true,"href":"https:\/\/expertosenetica.com\/index.php\/wp-json\/wp\/v2\/media\/1702"}],"wp:attachment":[{"href":"https:\/\/expertosenetica.com\/index.php\/wp-json\/wp\/v2\/media?parent=1701"}],"wp:term":[{"taxonomy":"category","embeddable":true,"href":"https:\/\/expertosenetica.com\/index.php\/wp-json\/wp\/v2\/categories?post=1701"},{"taxonomy":"post_tag","embeddable":true,"href":"https:\/\/expertosenetica.com\/index.php\/wp-json\/wp\/v2\/tags?post=1701"}],"curies":[{"name":"wp","href":"https:\/\/api.w.org\/{rel}","templated":true}]}}