{"id":1760,"date":"2024-09-17T16:57:20","date_gmt":"2024-09-17T15:57:20","guid":{"rendered":"https:\/\/expertosenetica.com\/?p=1760"},"modified":"2024-09-17T16:57:20","modified_gmt":"2024-09-17T15:57:20","slug":"la-vida-es-un-don-de-dios-y-tenemos-la-responsabilidad-de-cuidarla-administrarla-y-preservarla","status":"publish","type":"post","link":"https:\/\/expertosenetica.com\/index.php\/2024\/09\/17\/la-vida-es-un-don-de-dios-y-tenemos-la-responsabilidad-de-cuidarla-administrarla-y-preservarla\/","title":{"rendered":"\u00abLa vida es un don de Dios y tenemos la responsabilidad de cuidarla, administrarla y preservarla\u00bb"},"content":{"rendered":"\n<p class=\"wp-block-paragraph\">(Ref eldebate.com)<\/p>\n\n\n\n<p class=\"wp-block-paragraph\">Este lunes, la Fundaci\u00f3n NEOS ha celebrado en el Palacio Euskalduna,&nbsp;<a href=\"https:\/\/www.eldebate.com\/sociedad\/20240915\/neos-presenta-bilbao-alternativa-cultural-basada-fundamentos-cristianos_227298.html\">su acto de presentaci\u00f3n&nbsp;<\/a>en Bilbao. El encuentro, que ha sido moderado por el escritor y periodista \u00c1ngel Exp\u00f3sito, ha contado con la presencia de varios expertos, entre ellos el&nbsp;<strong>doctor Jacinto B\u00e1tiz,&nbsp;<\/strong>director del Instituto Para Cuidar Mejor del Hospital San Juan de Dios de Santurce, quien ha reflexionado sobre el&nbsp;<strong>cuidado y la defensa de la dignidad humana<\/strong>.<\/p>\n\n\n\n<p class=\"wp-block-paragraph\">En este sentido, el facultativo y autor del libro<em><a href=\"https:\/\/editorial.sanpablo.es\/producto\/cuidadme-asi\/\" target=\"_blank\" rel=\"noreferrer noopener\">&nbsp;\u00a1Cuidadme as\u00ed!<\/a>,&nbsp;<\/em>ha tratado diversos temas en conversaci\u00f3n con El Debate, entre ellos el&nbsp;<strong>aborto<\/strong>, ya que considera \u00abtremendo\u00bb que se decida sobre la vida de los no nacidos, puesto que no se puede tener en cuenta su deseo.<\/p>\n\n\n\n<p class=\"wp-block-paragraph\"><strong>\u2013\u00bfQu\u00e9 es para usted la vida?<\/strong>\u2013La vida humana es para m\u00ed la capacidad que tenemos las personas para nacer, respirar, desarrollarnos, procrear, relacionarnos con otras personas, evolucionar y morir. Desde otro aspecto es el espacio de tiempo que transcurre desde la concepci\u00f3n de un ser humano hasta su muerte. Un espacio de tiempo que en no pocas ocasiones se interrumpe por una enfermedad o un accidente, pero que tambi\u00e9n se interrumpe de manera prematura con el aborto, el suicidio y la eutanasia.<\/p>\n\n\n\n<p class=\"wp-block-paragraph\">No puedo concluir esta respuesta sin hacer menci\u00f3n a que cuando reflexiono sobre mi vida recuerdo con infinito agradecimiento a mis padres, que hicieron posible que yo viviera, pero tambi\u00e9n tengo en cuenta que mi esposa y yo hemos hecho posible que nacieran nuestros hijos. Adem\u00e1s, para m\u00ed, como cristiano, la vida es un don de Dios sobre la que tenemos la responsabilidad de cuidarla, administrarla y preservarla.<\/p>\n\n\n\n<p class=\"wp-block-paragraph\"><strong>\u2013La cultura de la muerte est\u00e1 a la orden del d\u00eda, \u00bfqu\u00e9 opina de la moda que pretende acabar con la vida de un humano, ya sea mediante abortos o eutanasias, y no d\u00e1rsela a los enfermos que realmente quieren seguir viviendo?<\/strong><\/p>\n\n\n\n<p class=\"wp-block-paragraph\">\u2013Me parece tremendo que decidamos sobre la vida de los no nacidos, ya que no podemos tener en cuenta su deseo. Si cada uno de nosotros pens\u00e1ramos que estamos viviendo por la generosidad de nuestros progenitores para darnos la vida a pesar, en ocasiones, de sus grandes dificultades econ\u00f3micas, deseos de comodidad, etc., tal vez lo ver\u00edamos de otra manera.<\/p>\n\n\n\n<p class=\"wp-block-paragraph\">Por otro lado, me resulta muy duro admitir que algunas instituciones humanas, o parlamentos elegidos democr\u00e1ticamente, usurpen el derecho a poder determinar qui\u00e9n tiene derecho a la vida. La eutanasia, en su propia definici\u00f3n, incluye que es a petici\u00f3n del enfermo, pero tenemos que preguntarnos por qu\u00e9 solicita la eutanasia. En mi opini\u00f3n basada en mi larga experiencia como m\u00e9dico paliativista quien pide la muerte, lo que quiere es otra cosa, no quiere seguir sufriendo.<\/p>\n\n\n\n<p class=\"wp-block-paragraph\">El enfermo cuando sufre y comprueba que los profesionales que le atienden no le alivian el sufrimiento considera que la muerte es la \u00fanica soluci\u00f3n para dejar de sufrir. Sin embargo, esto no nos debiera dejar tranquilos porque detr\u00e1s de la petici\u00f3n, en este caso, \u00abquiero morir\u00bb hay un trasfondo que significa \u00abquiero vivir de otra forma\u00bb.<\/p>\n\n\n\n<p class=\"wp-block-paragraph\"><strong>\u2013Tambi\u00e9n habla de la dignidad humana, \u00bfqu\u00e9 es?<\/strong><\/p>\n\n\n\n<p class=\"wp-block-paragraph\">\u2013La dignidad humana es la condici\u00f3n especial que reviste todo ser humano por el hecho de serlo y lo caracteriza de forma permanente y fundamental, desde su concepci\u00f3n hasta su muerte. La dignidad, podr\u00edamos decir, es un bien invulnerable propio de cada persona que no se puede perder, pero que s\u00ed se puede da\u00f1ar. Y cuanto mayor sea el desamparo y la necesidad de ayuda de una persona, mayor es la posibilidad de que se sienta herido en su dignidad.<\/p>\n\n\n\n<p class=\"wp-block-paragraph\">En mi opini\u00f3n debemos de tener en cuenta cuando atendemos a un enfermo que dignidad para \u00e9l es lo que el enfermo dice que es, es lo que el enfermo describe como tal, y no lo que los dem\u00e1s pensamos que es.<\/p>\n\n\n\n<p class=\"wp-block-paragraph\" id=\"m83080-83079-83081\">El enfermo necesita de la Ciencia, pero acompa\u00f1ada del acercamiento humano de quien se la administraJacinto B\u00e1tiz<\/p>\n\n\n\n<p class=\"wp-block-paragraph\"><strong>\u2013Hay una frase que coment\u00f3 que me llam\u00f3 la atenci\u00f3n: \u00bfPor qu\u00e9 una bacteria se considera vida en marte cuando un latido prenatal no se considera vida en la tierra? \u00bfHa encontrado la respuesta? \u00bfQu\u00e9 opina?<\/strong><\/p>\n\n\n\n<p class=\"wp-block-paragraph\">\u2013No encuentro respuesta a esta pregunta que yo mismo me hice, aunque tal vez tenga que ver con el hecho de que no tomamos en valor la vida humana o, dicho de otra forma, tal vez porque la despreciamos. En este mismo medio de comunicaci\u00f3n hace m\u00e1s o menos un mes le\u00eda el siguiente titular:<em><a href=\"https:\/\/www.eldebate.com\/sociedad\/20240810\/gobierno-prepara-ley-proteger-grandes-simios-mientras-desprecia-vida-humana_219341.html\">&nbsp;El Gobierno prepara una ley para proteger a los grandes simios mientras desprecia la vida humana<\/a><\/em>. A m\u00ed me preocupa esta \u00abdeshumanizaci\u00f3n\u00bb que tal vez est\u00e1 motivada por la \u00abhipertecnificaci\u00f3n\u00bb a la que nos estamos acostumbrando.<\/p>\n\n\n\n<p class=\"wp-block-paragraph\">En el campo de la Medicina y sobre todo, en la disciplina de la Medicina Paliativa, a la que yo me he dedicado muchos a\u00f1os en la asistencia a los enfermos y ahora a compartir mi experiencia a trav\u00e9s de la divulgaci\u00f3n y la formaci\u00f3n, he comprobado que el enfermo necesita de la Ciencia, pero acompa\u00f1ada del acercamiento humano de quien se la administra.<\/p>\n\n\n\n<p class=\"wp-block-paragraph\"><strong>\u2013Usted es m\u00e9dico paliativista, \u00bfqu\u00e9 opina de que aun no exista una ley de cuidados paliativos?<\/strong><\/p>\n\n\n\n<p class=\"wp-block-paragraph\">\u2013A m\u00ed me parece que quienes legislan en nuestro Parlamento no tienen la sensibilidad suficiente para preocuparse de quienes sufren en los procesos finales de su vida con enfermedades cr\u00f3nicas avanzadas, incurables y en fase terminal. Seg\u00fan datos de la SECPAL en nuestro pa\u00eds cada a\u00f1o fallecen alrededor de 75.000 enfermos que necesitan cuidados paliativos sin tener acceso a este tipo de cuidados.<\/p>\n\n\n\n<p class=\"wp-block-paragraph\">A\u00fan no existe una Ley Estatal de Cuidados Paliativos. Tan solo 10 comunidades aut\u00f3nomas tiene regulado este derecho para sus ciudadanos, el resto de las comunidades aut\u00f3nomas no lo tienen. Sin embargo, en Espa\u00f1a tenemos aprobada una ley de eutanasia a la que se han acogido, durante el a\u00f1o 2023, 727 enfermos que la han solicitado y se ha realizado un total de 323 eutanasias. Es decir, hemos resuelto el sufrimiento a 323 enfermos y no lo hemos hecho a 75.000 que tambi\u00e9n sufr\u00edan.<\/p>\n\n\n\n<p class=\"wp-block-paragraph\">La Organizaci\u00f3n Mundial de la Salud ya advirti\u00f3 hace muchos a\u00f1os que un pa\u00eds que legislara sobre la eutanasia antes que legislar sobre cuidados paliativos ser\u00eda un pa\u00eds irresponsable.<\/p>\n\n\n\n<p class=\"wp-block-paragraph\"><strong>\u2013\u00bfC\u00f3mo supo que quer\u00eda ayudar y cuidar a enfermos en las \u00faltimas etapas de su vida?<\/strong><\/p>\n\n\n\n<p class=\"wp-block-paragraph\">\u2013Yo era m\u00e9dico de urgencias del Hospital San Juan de Dios de Santurce (Vizcaya) y despu\u00e9s de 10 a\u00f1os de atender a pacientes agudos a los que hab\u00eda que resolver su situaci\u00f3n para que se curaran, me encargaron cuidar a un enfermo en coma irreversible en el Hospital. A partir de entonces fui consciente que tambi\u00e9n pod\u00edamos cuidar cuando no \u00e9ramos capaces de curar para aliviar su sufrimiento mientras llegaba su muerte. Desde entonces he acompa\u00f1ado y cuidado a las personas que se encontraban en el umbral de salida de esta vida y a sus seres queridos que tambi\u00e9n sufr\u00edan.<\/p>\n\n\n\n<p class=\"wp-block-paragraph\" id=\"m83090-83089-83091\">A los j\u00f3venes les dir\u00eda que la vida es bella y que hay que protegerlaJacinto B\u00e1tiz<\/p>\n\n\n\n<p class=\"wp-block-paragraph\"><strong>\u2013\u00bfC\u00f3mo se puede defender la vida?<\/strong><\/p>\n\n\n\n<p class=\"wp-block-paragraph\">\u2013Cuando dirig\u00eda la Unidad de Cuidados Paliativos de mi Hospital, la he defendido acompa\u00f1ando a mis pacientes hasta su momento final, evitando el sufrimiento, no adelantando su muerte, pero tampoco evitando que la muerte llegara a su tiempo. Mi objetivo era ensanchar la vida que le quedaba, no la de prolongarla a toda costa.<\/p>\n\n\n\n<p class=\"wp-block-paragraph\">Ahora, que dirijo el Instituto Para Cuidar Mejor, compartiendo mi experiencia con los profesionales que inician su camino profesional y divulgando que los cuidados paliativos cuidan la vida de las personas, que estos cuidados no tienen como objetivo la muerte, sino que cuidan la vida evitando el sufrimiento mientras esta llega a su tiempo.<\/p>\n\n\n\n<p class=\"wp-block-paragraph\"><strong>\u2013\u00bfQu\u00e9 les dir\u00eda a los j\u00f3venes que a\u00fan no se han visto influidos por estas pol\u00edticas en contra de la vida?<\/strong><\/p>\n\n\n\n<p class=\"wp-block-paragraph\">Que la vida es bella y que hay que protegerla. Que acojan a quienes deseen que la vida contin\u00fae, que acompa\u00f1en a quienes se sientan solos en la vida y que ayuden a quienes tienen dificultades para seguir viviendo.<\/p>\n\n\n\n<p class=\"wp-block-paragraph\"><strong>\u2013\u00bfC\u00f3mo le gustar\u00eda que le cuidaran cuando llegue su momento?<\/strong><\/p>\n\n\n\n<p class=\"wp-block-paragraph\">\u2013Como ya voy acerc\u00e1ndome a ese periodo final de la vida, por mis a\u00f1os, he dejado plasmado en mi \u00faltimo libro, titulado<em>&nbsp;<a href=\"https:\/\/editorial.sanpablo.es\/producto\/cuidadme-asi\/\" target=\"_blank\" rel=\"noreferrer noopener\">\u00a1Cuidadme as\u00ed!<\/a><\/em>, algunos deseos de c\u00f3mo deseo que me cuiden. Como, por ejemplo: que respeten mi dignidad como persona, que no prolonguen innecesariamente mi agon\u00eda y que no permitan que sufra, que alivien mi sufrimiento si es preciso con la sedaci\u00f3n paliativa, pero que no adelanten mi muerte intencionadamente.<\/p>\n","protected":false},"excerpt":{"rendered":"<p>(Ref eldebate.com) Este lunes, la Fundaci\u00f3n NEOS ha celebrado en el Palacio Euskalduna,&nbsp;su acto de presentaci\u00f3n&nbsp;en Bilbao. El encuentro, que ha sido moderado por el escritor y periodista \u00c1ngel Exp\u00f3sito, ha contado con la presencia de varios expertos, entre ellos el&nbsp;doctor Jacinto B\u00e1tiz,&nbsp;director del Instituto Para Cuidar Mejor del Hospital San Juan de Dios de&#8230;<\/p>\n","protected":false},"author":1,"featured_media":1761,"comment_status":"closed","ping_status":"open","sticky":false,"template":"","format":"standard","meta":{"_kadence_starter_templates_imported_post":false,"_kad_post_transparent":"","_kad_post_title":"","_kad_post_layout":"","_kad_post_sidebar_id":"","_kad_post_content_style":"","_kad_post_vertical_padding":"","_kad_post_feature":"","_kad_post_feature_position":"","_kad_post_header":false,"_kad_post_footer":false,"_kad_post_classname":"","_jetpack_newsletter_access":"","_jetpack_dont_email_post_to_subs":false,"_jetpack_newsletter_tier_id":0,"_jetpack_memberships_contains_paywalled_content":false,"_jetpack_memberships_contains_paid_content":false,"footnotes":""},"categories":[1],"tags":[],"class_list":["post-1760","post","type-post","status-publish","format-standard","has-post-thumbnail","hentry","category-uncategorized"],"jetpack_sharing_enabled":true,"jetpack_featured_media_url":"https:\/\/expertosenetica.com\/wp-content\/uploads\/2024\/09\/66e81406569e7.r_d.1952-696-4748.jpg","post_mailing_queue_ids":[],"_links":{"self":[{"href":"https:\/\/expertosenetica.com\/index.php\/wp-json\/wp\/v2\/posts\/1760","targetHints":{"allow":["GET"]}}],"collection":[{"href":"https:\/\/expertosenetica.com\/index.php\/wp-json\/wp\/v2\/posts"}],"about":[{"href":"https:\/\/expertosenetica.com\/index.php\/wp-json\/wp\/v2\/types\/post"}],"author":[{"embeddable":true,"href":"https:\/\/expertosenetica.com\/index.php\/wp-json\/wp\/v2\/users\/1"}],"replies":[{"embeddable":true,"href":"https:\/\/expertosenetica.com\/index.php\/wp-json\/wp\/v2\/comments?post=1760"}],"version-history":[{"count":1,"href":"https:\/\/expertosenetica.com\/index.php\/wp-json\/wp\/v2\/posts\/1760\/revisions"}],"predecessor-version":[{"id":1762,"href":"https:\/\/expertosenetica.com\/index.php\/wp-json\/wp\/v2\/posts\/1760\/revisions\/1762"}],"wp:featuredmedia":[{"embeddable":true,"href":"https:\/\/expertosenetica.com\/index.php\/wp-json\/wp\/v2\/media\/1761"}],"wp:attachment":[{"href":"https:\/\/expertosenetica.com\/index.php\/wp-json\/wp\/v2\/media?parent=1760"}],"wp:term":[{"taxonomy":"category","embeddable":true,"href":"https:\/\/expertosenetica.com\/index.php\/wp-json\/wp\/v2\/categories?post=1760"},{"taxonomy":"post_tag","embeddable":true,"href":"https:\/\/expertosenetica.com\/index.php\/wp-json\/wp\/v2\/tags?post=1760"}],"curies":[{"name":"wp","href":"https:\/\/api.w.org\/{rel}","templated":true}]}}