{"id":1837,"date":"2025-03-21T18:51:32","date_gmt":"2025-03-21T17:51:32","guid":{"rendered":"https:\/\/expertosenetica.com\/?p=1837"},"modified":"2025-03-21T18:51:32","modified_gmt":"2025-03-21T17:51:32","slug":"la-fiscalia-respalda-el-derecho-a-la-eutanasia-de-la-joven-de-barcelona-a-la-que-su-padre-se-opuso","status":"publish","type":"post","link":"https:\/\/expertosenetica.com\/index.php\/2025\/03\/21\/la-fiscalia-respalda-el-derecho-a-la-eutanasia-de-la-joven-de-barcelona-a-la-que-su-padre-se-opuso\/","title":{"rendered":"La Fiscal\u00eda respalda el derecho a la eutanasia de la joven de Barcelona a la que su padre se opuso"},"content":{"rendered":"\n<p class=\"wp-block-paragraph\">(Ref observatoriobioetica.org)<\/p>\n\n\n\n<p class=\"wp-block-paragraph\">El pasado 11 de marzo, la justicia autoriz\u00f3 la&nbsp;<strong><a href=\"https:\/\/www.observatoriobioetica.org\/2021\/12\/la-eutanasia-una-puerta-abierta-muy-dificil-de-cerrar\/37516\">eutanasia<\/a><\/strong>&nbsp;para&nbsp;<strong><a href=\"https:\/\/www.observatoriobioetica.org\/2025\/02\/primera-audiencia-en-espana-para-decidir-sobre-la-peticion-de-eutanasia-de-una-joven-con-lesion-medular-y-antecedentes-de-enfermedad-mental\/10003418\">una joven parapl\u00e9jica<\/a><\/strong>&nbsp;de 24 a\u00f1os, cuya solicitud hab\u00eda sido previamente anulada por una sentencia que respaldaba la oposici\u00f3n de su padre. Esta nueva resoluci\u00f3n revierte la decisi\u00f3n anterior y reconoce el derecho de la joven a acceder a la muerte asistida.<\/p>\n\n\n\n<p class=\"wp-block-paragraph\">La joven, que padece una lesi\u00f3n medular como secuela de un intento de suicidio en 2022, vive en un centro sociosanitario y se desplaza en silla de ruedas.<\/p>\n\n\n\n<p class=\"wp-block-paragraph\">Seg\u00fan la Fiscal\u00eda Provincial de Barcelona, la mujer cumple los requisitos que prev\u00e9 la ley para recibir la prestaci\u00f3n de ayuda a morir solicitada, su decisi\u00f3n es&nbsp;<a href=\"https:\/\/www.europapress.es\/catalunya\/noticia-fiscalia-considera-peticion-eutanasia-joven-barcelona-libre-autonoma-20250311135243.html\">\u00ab<strong>firme, libre y aut\u00f3noma\u00bb<\/strong><\/a>&nbsp;y se encuentra en situaci\u00f3n de \u00abcontexto eutan\u00e1sico\u00bb.<\/p>\n\n\n\n<p class=\"wp-block-paragraph\">Los servicios jur\u00eddicos de la Generalitat aseveran que el padre no est\u00e1 legitimado para intervenir en esta causa, ya que la joven<strong>&nbsp;<a href=\"https:\/\/www.20minutos.es\/noticia\/5690042\/0\/la-fiscalia-considera-que-la-joven-de-barcelona-que-reclama-la-eutanasia-cumple-los-requisitos-para-que-se-le-aplique\/\">no tiene limitadas sus capacidades&nbsp;<\/a><\/strong>y no convive con \u00e9l. Adem\u00e1s creen que \u00e9ste act\u00faa por una \u00abdivergencia de car\u00e1cter ideol\u00f3gico\u00bb.<\/p>\n\n\n\n<p class=\"wp-block-paragraph\">El padre, que est\u00e1 siendo representado legalmente por Abogados Cristianos,&nbsp;<strong><a href=\"https:\/\/www.20minutos.es\/noticia\/5690245\/0\/padre-joven-que-reclama-eutanasia-pide-nulidad-todo-procedimiento\/\">present\u00f3 alegaciones<\/a>&nbsp;<\/strong>el 12 de marzo, ya que la joven padece enfermedades mentales diagnosticadas que afectan a su capacidad de tomar decisiones.<\/p>\n\n\n\n<p class=\"wp-block-paragraph\">Asimismo, aseguran que la chica no cumple los requisitos legales para solicitar la eutanasia, ya que su estado de salud mejora con tratamiento y su dolor se puede controlar con medicaci\u00f3n.<\/p>\n\n\n\n<p class=\"wp-block-paragraph\">Cabe recordar que en agosto de 2024 la joven estuvo a punto de recibir la eutanasia, pero su padre present\u00f3 un recurso y la jueza<strong>&nbsp;<a href=\"https:\/\/www.20minutos.es\/noticia\/5542223\/0\/un-juzgado-barcelona-paraliza-eutanasia-una-joven-23-anos-prevista-para-este-viernes\/\">la detuvo<\/a>&nbsp;<\/strong>cautelarmente.<\/p>\n\n\n\n<h3 class=\"wp-block-heading\"><strong>Valoraci\u00f3n bio\u00e9tica<\/strong><\/h3>\n\n\n\n<p class=\"wp-block-paragraph\">El respeto a la autonom\u00eda del paciente psiqui\u00e1trico implica la necesidad de una cuidadosa valoraci\u00f3n de su capacidad para la toma de decisiones no maleficentes, de consecuencias irreversibles en muchos casos. La aplicaci\u00f3n de la eutanasia a estos pacientes es la consecuencia del fracaso asistencial del sistema que la promueve. En lugar de recibir la atenci\u00f3n cl\u00ednica y el acompa\u00f1amiento que necesitan, se les facilita el suicidio asistido o la eutanasia, traicionando los principios de la medicina cuyo objetivo es curar, paliar, prevenir y cuidar.<\/p>\n\n\n\n<p class=\"wp-block-paragraph\">Como ha abordado&nbsp;<strong><a href=\"https:\/\/www.observatoriobioetica.org\/2025\/02\/primera-audiencia-en-espana-para-decidir-sobre-la-peticion-de-eutanasia-de-una-joven-con-lesion-medular-y-antecedentes-de-enfermedad-mental\/10003418\">previamente<\/a><\/strong>&nbsp;el doctor Mariano Casado Blanco en un informe publicado en nuestro Observatorio, \u201cdiferentes estudios han demostrado que el deseo de morir que manifiesta un paciente en un momento determinado no se mantiene estable en el tiempo y est\u00e1 directamente relacionado con otras variables que pueden ser tratadas oportunamente y de manera satisfactoria, impidiendo determinadas conductas de tipo impulsivo\u201d.<\/p>\n\n\n\n<p class=\"wp-block-paragraph\">Tomar una decisi\u00f3n firme, libre y aut\u00f3noma, como afirma en este caso la fiscal\u00eda, no implica que esta decisi\u00f3n deba ser secundada. De manera firme, libre y aut\u00f3noma alguien opta por destruir la propia vida o la de otros, o hacer da\u00f1o de distintas maneras, lo que implica la necesaria limitaci\u00f3n del ejercicio de su libertad, aunque fuera firme y aut\u00f3noma.<\/p>\n\n\n\n<p class=\"wp-block-paragraph\">El paciente que pide morir, lo que en realidad necesita es ser atendido, aliviado, acompa\u00f1ado y tratado en sus sufrimientos. Provocarle la muerte supone una forma de abandono injustificable, impropia de una civilizaci\u00f3n que deber\u00eda ocuparse m\u00e1s de sus miembros m\u00e1s d\u00e9biles.<\/p>\n\n\n\n<p class=\"wp-block-paragraph\"><a href=\"https:\/\/www.observatoriobioetica.org\/wp-content\/uploads\/2023\/11\/ester.jpg\">&nbsp; &nbsp; &nbsp;&nbsp;&nbsp;&nbsp;&nbsp;<\/a><\/p>\n\n\n\n<p class=\"wp-block-paragraph\">Julio Tudela<br>Ester Bosch<br>Observatorio de Bio\u00e9tica<br>Instituto Ciencias de la Vida<br>Universidad Cat\u00f3lica de Valencia<\/p>\n","protected":false},"excerpt":{"rendered":"<p>(Ref observatoriobioetica.org) El pasado 11 de marzo, la justicia autoriz\u00f3 la&nbsp;eutanasia&nbsp;para&nbsp;una joven parapl\u00e9jica&nbsp;de 24 a\u00f1os, cuya solicitud hab\u00eda sido previamente anulada por una sentencia que respaldaba la oposici\u00f3n de su padre. Esta nueva resoluci\u00f3n revierte la decisi\u00f3n anterior y reconoce el derecho de la joven a acceder a la muerte asistida. La joven, que padece&#8230;<\/p>\n","protected":false},"author":1,"featured_media":1838,"comment_status":"closed","ping_status":"open","sticky":false,"template":"","format":"standard","meta":{"_kadence_starter_templates_imported_post":false,"_kad_post_transparent":"","_kad_post_title":"","_kad_post_layout":"","_kad_post_sidebar_id":"","_kad_post_content_style":"","_kad_post_vertical_padding":"","_kad_post_feature":"","_kad_post_feature_position":"","_kad_post_header":false,"_kad_post_footer":false,"_kad_post_classname":"","_jetpack_newsletter_access":"","_jetpack_dont_email_post_to_subs":false,"_jetpack_newsletter_tier_id":0,"_jetpack_memberships_contains_paywalled_content":false,"_jetpack_memberships_contains_paid_content":false,"footnotes":""},"categories":[1],"tags":[],"class_list":["post-1837","post","type-post","status-publish","format-standard","has-post-thumbnail","hentry","category-uncategorized"],"jetpack_sharing_enabled":true,"jetpack_featured_media_url":"https:\/\/expertosenetica.com\/wp-content\/uploads\/2025\/03\/PLANTILLA-FOTOS-WEBS-OBSERVATORIO-DE-BIOETICA-6.png.avif","post_mailing_queue_ids":[],"_links":{"self":[{"href":"https:\/\/expertosenetica.com\/index.php\/wp-json\/wp\/v2\/posts\/1837","targetHints":{"allow":["GET"]}}],"collection":[{"href":"https:\/\/expertosenetica.com\/index.php\/wp-json\/wp\/v2\/posts"}],"about":[{"href":"https:\/\/expertosenetica.com\/index.php\/wp-json\/wp\/v2\/types\/post"}],"author":[{"embeddable":true,"href":"https:\/\/expertosenetica.com\/index.php\/wp-json\/wp\/v2\/users\/1"}],"replies":[{"embeddable":true,"href":"https:\/\/expertosenetica.com\/index.php\/wp-json\/wp\/v2\/comments?post=1837"}],"version-history":[{"count":1,"href":"https:\/\/expertosenetica.com\/index.php\/wp-json\/wp\/v2\/posts\/1837\/revisions"}],"predecessor-version":[{"id":1839,"href":"https:\/\/expertosenetica.com\/index.php\/wp-json\/wp\/v2\/posts\/1837\/revisions\/1839"}],"wp:featuredmedia":[{"embeddable":true,"href":"https:\/\/expertosenetica.com\/index.php\/wp-json\/wp\/v2\/media\/1838"}],"wp:attachment":[{"href":"https:\/\/expertosenetica.com\/index.php\/wp-json\/wp\/v2\/media?parent=1837"}],"wp:term":[{"taxonomy":"category","embeddable":true,"href":"https:\/\/expertosenetica.com\/index.php\/wp-json\/wp\/v2\/categories?post=1837"},{"taxonomy":"post_tag","embeddable":true,"href":"https:\/\/expertosenetica.com\/index.php\/wp-json\/wp\/v2\/tags?post=1837"}],"curies":[{"name":"wp","href":"https:\/\/api.w.org\/{rel}","templated":true}]}}