{"id":1862,"date":"2025-05-20T08:16:48","date_gmt":"2025-05-20T07:16:48","guid":{"rendered":"https:\/\/expertosenetica.com\/?p=1862"},"modified":"2025-05-20T08:16:48","modified_gmt":"2025-05-20T07:16:48","slug":"dra-moreno-la-rapida-evolucion-de-la-medicina-requiere-que-los-profesionales-se-mantengan-actualizados-en-aspectos-eticos-y-deontologicos","status":"publish","type":"post","link":"https:\/\/expertosenetica.com\/index.php\/2025\/05\/20\/dra-moreno-la-rapida-evolucion-de-la-medicina-requiere-que-los-profesionales-se-mantengan-actualizados-en-aspectos-eticos-y-deontologicos\/","title":{"rendered":"Dra. Moreno: \u00abLa r\u00e1pida evoluci\u00f3n de la Medicina requiere que los profesionales se mantengan actualizados en aspectos \u00e9ticos y deontol\u00f3gicos\u00bb"},"content":{"rendered":"\n<p class=\"wp-block-paragraph\">(Ref. medicosypacientes.com)<\/p>\n\n\n\n<h4 class=\"wp-block-heading\" id=\"h-los-proximos-29-30-y-31-de-mayo-jaen-acoge-el-x-congreso-nacional-de-etica-y-deontologia-medica-en-este-encuentro-se-abordaran-diversas-tematicas-de-actualidad-para-la-profesion-medica-entre-ellas-el-espacio-europeo-de-datos-sanitarios-eeds-y-sus-implicaciones-medicos-y-pacientes-entrevista-a-la-dra-mercedes-moreno-secretaria-de-la-comision-deontologica-del-colegio-de-medicos-de-jaen-que-ejercera-de-moderadora-de-la-mesa-redonda-espacio-europeo-de-datos-sanitarios-recomendaciones-eticas-en-su-utilizacion\">Los pr\u00f3ximos 29, 30 y 31 de mayo, Ja\u00e9n acoge el&nbsp;<a href=\"https:\/\/congresodeontologiayeticamedicajaen.es\/\" target=\"_blank\" rel=\"noreferrer noopener\">X Congreso Nacional de \u00c9tica y Deontolog\u00eda M\u00e9dica<\/a>. En este encuentro se abordaran diversas tem\u00e1ticas de actualidad para la profesi\u00f3n m\u00e9dica, entre ellas, el Espacio Europeo de Datos Sanitarios (EEDS) y sus implicaciones. M\u00e9dicos y Pacientes entrevista a la Dra. Mercedes Moreno, secretaria de la Comisi\u00f3n Deontol\u00f3gica del&nbsp;<a href=\"https:\/\/www.colmedjaen.es\/\" target=\"_blank\" rel=\"noreferrer noopener\">Colegio de M\u00e9dicos de Ja\u00e9n<\/a>, que ejercer\u00e1 de moderadora de la mesa redonda \u2018Espacio Europeo de Datos Sanitarios. Recomendaciones \u00e9ticas en su utilizaci\u00f3n\u2019.<\/h4>\n\n\n\n<h5 class=\"wp-block-heading\" id=\"h-en-este-congreso-se-abordaran-cuestiones-que-afectan-al-dia-a-dia-de-los-profesionales-de-la-medicina-y-que-estan-cambiando-la-forma-de-ejercer-la-profesion-cuales-son-los-retos-en-etica-y-deontologia-para-mantenerse-a-la-vanguardia-de-la-profesion-nbsp-nbsp\"><strong>En este Congreso se abordar\u00e1n cuestiones que afectan al d\u00eda a d\u00eda de los profesionales de la Medicina y que est\u00e1n cambiando la forma de ejercer la profesi\u00f3n. \u00bfCu\u00e1les son los retos en \u00e9tica y deontolog\u00eda para mantenerse a la vanguardia de la profesi\u00f3n?&nbsp;&nbsp;<\/strong><\/h5>\n\n\n\n<p class=\"wp-block-paragraph\">Todos conocemos el ritmo incesante del avance de la tecnolog\u00eda de la que hace uso la actual medicina, denominada Medicina 5.0.<\/p>\n\n\n\n<p class=\"wp-block-paragraph\">Mantenerse al d\u00eda en cuestiones de \u00e9tica y deontolog\u00eda m\u00e9dica implica estar siempre atentos a los cambios sociales, tecnol\u00f3gicos y culturales, y actuar con integridad, respeto y responsabilidad en la toma de decisiones.<\/p>\n\n\n\n<p class=\"wp-block-paragraph\">La incorporaci\u00f3n de nuevas tecnolog\u00edas diagn\u00f3sticas y terap\u00e9uticas, conocer las diversas modalidades de atenci\u00f3n sanitaria con la llegada de la salud digital, la aparici\u00f3n de nuevas terapias o el uso de la inteligencia artificial, plantean numerosos dilemas \u00e9ticos sobre privacidad, autonom\u00eda, toma de decisiones, equidad en el acceso a la atenci\u00f3n, responsabilidad.<\/p>\n\n\n\n<p class=\"wp-block-paragraph\">En definitiva, la r\u00e1pida evoluci\u00f3n de la Medicina requiere que los profesionales se mantengan actualizados en aspectos \u00e9ticos y deontol\u00f3gicos, participando en formaci\u00f3n y reflexi\u00f3n constante.<\/p>\n\n\n\n<h5 class=\"wp-block-heading\" id=\"h-como-valora-estos-encuentros-por-que-es-importante-mantenerse-actualizados-en-materia-de-etica-y-deontologia\"><strong>\u00bfC\u00f3mo valora estos encuentros? \u00bfPor qu\u00e9 es importante mantenerse actualizados en materia de \u00e9tica y deontolog\u00eda?<\/strong><\/h5>\n\n\n\n<p class=\"wp-block-paragraph\">El ejercicio de la profesi\u00f3n m\u00e9dica nos pone a diario a prueba, pues se suceden situaciones conflictivas en las que se enfrentan derechos fundamentales de los pacientes -informaci\u00f3n, autonom\u00eda, confidencialidad, dignidad- con derechos de la sociedad -salud p\u00fablica, seguridad, justicia equitativa-.<\/p>\n\n\n\n<p class=\"wp-block-paragraph\">Los profesionales m\u00e9dicos deben mantener un equilibrio adecuado entre estos derechos, es crucial para garantizar tanto la protecci\u00f3n del individuo como la salud del colectivo.<\/p>\n\n\n\n<p class=\"wp-block-paragraph\">En este sentido, tanto la \u00e9tica como la deontolog\u00eda profesional, proporciona la base para la toma de decisiones y ayuda a garantizar que los profesionales de la salud se adhieran a altos est\u00e1ndares \u00e9ticos.<\/p>\n\n\n\n<p class=\"wp-block-paragraph\">Tanto la \u00e9tica como la deontolog\u00eda m\u00e9dica, orientan la conducta del profesional m\u00e9dico hacia el acto m\u00e9dico correcto, permiten la b\u00fasqueda de la excelencia en la relaci\u00f3n m\u00e9dico-paciente y garantizan a la sociedad el compromiso de la profesi\u00f3n m\u00e9dica de alcanzar un adecuado nivel de calidad de sus servicios profesionales.<\/p>\n\n\n\n<h5 class=\"wp-block-heading\" id=\"h-espana-cuenta-con-un-codigo-de-deontologia-que-esta-entre-los-mas-actualizados-del-mundo-y-se-trata-de-un-documento-vivo-que-puede-incluir-las-actualizaciones-necesarias-cuales-considera-que-son-las-cuestiones-mas-urgentes-que-debe-abordar-en-este-momento\"><strong>Espa\u00f1a cuenta con un C\u00f3digo de Deontolog\u00eda que est\u00e1 entre los m\u00e1s actualizados del mundo y se trata de un documento vivo que puede incluir las actualizaciones necesarias, \u00bfcu\u00e1les considera que son las cuestiones m\u00e1s urgentes que debe abordar en este momento?<\/strong><\/h5>\n\n\n\n<p class=\"wp-block-paragraph\">Coincido con Usted en que nuestro actual C\u00f3digo de Deontolog\u00eda se encuentra entre los m\u00e1s actualizados de los pa\u00edses de nuestro entorno y es exhaustivo y brillante en algunos de los cap\u00edtulos. No obstante, reitero la velocidad incesante de las tecnolog\u00edas de las que hace uso la profesi\u00f3n m\u00e9dica. Es por ello que entiendo que aquellas cuestiones ligadas a la Medicina 5.0., Inteligencia artificial, big data, nuevas terapias basadas en nanotecnolog\u00eda, cirug\u00eda rob\u00f3tica, gesti\u00f3n y uso transfronterizo de los datos sanitarios, son cuestiones todas ellas que exigir\u00edan un tratamiento algo m\u00e1s extenso que el presente en la actualidad en nuestro C\u00f3digo, del que reitero, me siento muy orgullosa como colegiada.<\/p>\n\n\n\n<h5 class=\"wp-block-heading\" id=\"h-el-eeds-se-presenta-como-un-gran-avance-pero-a-su-vez-conlleva-numerosos-riesgos-principalmente-acerca-de-la-proteccion-de-la-informacion-de-los-pacientes-que-debemos-exigir-a-la-norma-para-garantizar-la-seguridad-de-los-datos\"><strong>El EEDS se presenta como un gran avance, pero a su vez conlleva numerosos riesgos, principalmente acerca de la protecci\u00f3n de la informaci\u00f3n de los pacientes, \u00bfqu\u00e9 debemos exigir a la norma para garantizar la seguridad de los datos?<\/strong><\/h5>\n\n\n\n<p class=\"wp-block-paragraph\">Con la digitalizaci\u00f3n de la historia cl\u00ednica y la nueva aparici\u00f3n del espacio de datos sanitarios europeos, con lo que conlleva el uso primario y secundario de los mismos, la informaci\u00f3n del paciente, mantener la confidencialidad y proteger los datos personales se ha convertido en un aut\u00e9ntico reto tanto para las instituciones sanitarias prestadoras de asistencia como para todos los profesionales m\u00e9dicos.<\/p>\n\n\n\n<p class=\"wp-block-paragraph\">La informaci\u00f3n, comunicaci\u00f3n honesta y el debido consentimiento de los pacientes, la trazabilidad, la transparencia, la equidad en el acceso, la comunicaci\u00f3n de resultados derivados de la investigaci\u00f3n, la formaci\u00f3n de los profesionales implicados, el control \u00e9tico en la toma de decisiones, son cuestiones todas ellas indispensables y que servir\u00e1n tanto para garantizar la seguridad de los datos como para mantener la confianza de la sociedad y la integridad en la profesi\u00f3n m\u00e9dica.<\/p>\n\n\n\n<h5 class=\"wp-block-heading\" id=\"h-y-cual-es-la-responsabilidad-del-profesional-de-la-medicina-en-este-contexto-hasta-donde-llega\"><strong>Y, \u00bfcu\u00e1l es la responsabilidad del profesional de la Medicina en este contexto? \u00bfHasta d\u00f3nde llega?<\/strong><\/h5>\n\n\n\n<p class=\"wp-block-paragraph\">La responsabilidad del profesional m\u00e9dico en este \u00e1rea es sumamente amplia. El m\u00e9dico o m\u00e9dica en el ejercicio de su profesi\u00f3n en la gesti\u00f3n de los datos sanitarios podr\u00eda incurrir en responsabilidad profesional puramente legal, tanto penal como civil, al igual que administrativa. Podr\u00eda ser responsable directo en una defectuosa gesti\u00f3n, almacenamiento, cesi\u00f3n o uso de los datos sanitarios, al estar en juego derechos fundamentales de los pacientes, anteriormente citados. Pero a\u00fan m\u00e1s importante es la responsabilidad \u00e9tica y deontol\u00f3gica existente con el paciente y con la sociedad. Debe estar debidamente formado en esta materia, ser conocedor de los importantes riesgos que existen y de la necesidad de estar debidamente formado para velar tanto por la seguridad del paciente como por la protecci\u00f3n de la salud p\u00fablica y el bien social colectivo.<\/p>\n\n\n\n<p class=\"wp-block-paragraph\"><strong>Accede a la&nbsp;<a href=\"https:\/\/congresodeontologiayeticamedicajaen.es\/\" target=\"_blank\" rel=\"noreferrer noopener\">web del Congreso<\/a><\/strong><\/p>\n","protected":false},"excerpt":{"rendered":"<p>(Ref. medicosypacientes.com) Los pr\u00f3ximos 29, 30 y 31 de mayo, Ja\u00e9n acoge el&nbsp;X Congreso Nacional de \u00c9tica y Deontolog\u00eda M\u00e9dica. En este encuentro se abordaran diversas tem\u00e1ticas de actualidad para la profesi\u00f3n m\u00e9dica, entre ellas, el Espacio Europeo de Datos Sanitarios (EEDS) y sus implicaciones. M\u00e9dicos y Pacientes entrevista a la Dra. Mercedes Moreno, secretaria&#8230;<\/p>\n","protected":false},"author":1,"featured_media":1863,"comment_status":"closed","ping_status":"open","sticky":false,"template":"","format":"standard","meta":{"_kadence_starter_templates_imported_post":false,"_kad_post_transparent":"","_kad_post_title":"","_kad_post_layout":"","_kad_post_sidebar_id":"","_kad_post_content_style":"","_kad_post_vertical_padding":"","_kad_post_feature":"","_kad_post_feature_position":"","_kad_post_header":false,"_kad_post_footer":false,"_kad_post_classname":"","_jetpack_newsletter_access":"","_jetpack_dont_email_post_to_subs":false,"_jetpack_newsletter_tier_id":0,"_jetpack_memberships_contains_paywalled_content":false,"_jetpack_memberships_contains_paid_content":false,"footnotes":""},"categories":[1],"tags":[],"class_list":["post-1862","post","type-post","status-publish","format-standard","has-post-thumbnail","hentry","category-uncategorized"],"jetpack_sharing_enabled":true,"jetpack_featured_media_url":"https:\/\/expertosenetica.com\/wp-content\/uploads\/2025\/05\/mercedes-moreno.png","post_mailing_queue_ids":[],"_links":{"self":[{"href":"https:\/\/expertosenetica.com\/index.php\/wp-json\/wp\/v2\/posts\/1862","targetHints":{"allow":["GET"]}}],"collection":[{"href":"https:\/\/expertosenetica.com\/index.php\/wp-json\/wp\/v2\/posts"}],"about":[{"href":"https:\/\/expertosenetica.com\/index.php\/wp-json\/wp\/v2\/types\/post"}],"author":[{"embeddable":true,"href":"https:\/\/expertosenetica.com\/index.php\/wp-json\/wp\/v2\/users\/1"}],"replies":[{"embeddable":true,"href":"https:\/\/expertosenetica.com\/index.php\/wp-json\/wp\/v2\/comments?post=1862"}],"version-history":[{"count":1,"href":"https:\/\/expertosenetica.com\/index.php\/wp-json\/wp\/v2\/posts\/1862\/revisions"}],"predecessor-version":[{"id":1864,"href":"https:\/\/expertosenetica.com\/index.php\/wp-json\/wp\/v2\/posts\/1862\/revisions\/1864"}],"wp:featuredmedia":[{"embeddable":true,"href":"https:\/\/expertosenetica.com\/index.php\/wp-json\/wp\/v2\/media\/1863"}],"wp:attachment":[{"href":"https:\/\/expertosenetica.com\/index.php\/wp-json\/wp\/v2\/media?parent=1862"}],"wp:term":[{"taxonomy":"category","embeddable":true,"href":"https:\/\/expertosenetica.com\/index.php\/wp-json\/wp\/v2\/categories?post=1862"},{"taxonomy":"post_tag","embeddable":true,"href":"https:\/\/expertosenetica.com\/index.php\/wp-json\/wp\/v2\/tags?post=1862"}],"curies":[{"name":"wp","href":"https:\/\/api.w.org\/{rel}","templated":true}]}}