{"id":1869,"date":"2025-05-29T18:39:57","date_gmt":"2025-05-29T17:39:57","guid":{"rendered":"https:\/\/expertosenetica.com\/?p=1869"},"modified":"2025-05-29T18:39:57","modified_gmt":"2025-05-29T17:39:57","slug":"dr-fernandez-crehuet-la-normativa-sanitaria-debe-alinear-el-uso-de-ia-con-los-principios-de-etica-medica","status":"publish","type":"post","link":"https:\/\/expertosenetica.com\/index.php\/2025\/05\/29\/dr-fernandez-crehuet-la-normativa-sanitaria-debe-alinear-el-uso-de-ia-con-los-principios-de-etica-medica\/","title":{"rendered":"Dr. Fern\u00e1ndez-Crehuet: \u00abLa normativa sanitaria debe alinear el uso de IA con los principios de \u00c9tica M\u00e9dica\u00bb"},"content":{"rendered":"\n<p class=\"wp-block-paragraph\">(Ref medicosypacientes.com)<\/p>\n\n\n\n<p class=\"wp-block-paragraph\">M\u00e9dico y Pacientes entrevista al Dr. Joaqu\u00edn Fern\u00e1ndez-Crehuet Navajas, presidente de la Comisi\u00f3n de Deontolog\u00eda del Colegio de M\u00e9dicos de M\u00e1laga, con motivo de su participaci\u00f3n en el X Congreso de Deontolog\u00eda y \u00c9tica M\u00e9dica, que tendr\u00e1 lugar estos 29, 30 y 31 de mayo en Ja\u00e9n. En esta entrevista, el experto destaca que en Medicina \u00abel reto fundamental es no perder de vista que nuestra profesi\u00f3n necesita mantener vigente el humanismo m\u00e9dico\u00bb.<\/p>\n\n\n\n<h4 class=\"wp-block-heading\" id=\"h-en-este-congreso-se-abordaran-cuestiones-que-afectan-al-dia-a-dia-de-los-profesionales-de-la-medicina-y-que-estan-cambiando-la-forma-de-ejercer-la-profesion-cuales-son-los-retos-en-etica-y-deontologia-para-mantenerse-a-la-vanguardia-de-la-profesion\"><strong>En este Congreso se abordar\u00e1n cuestiones que afectan al d\u00eda a d\u00eda de los profesionales de la Medicina y que est\u00e1n cambiando la forma de ejercer la profesi\u00f3n. \u00bfCu\u00e1les son los retos en \u00e9tica y deontolog\u00eda para mantenerse a la vanguardia de la profesi\u00f3n?<\/strong><\/h4>\n\n\n\n<p class=\"wp-block-paragraph\">El reto fundamental es no perder de vista que nuestra profesi\u00f3n necesita mantener vigente el humanismo m\u00e9dico, concretado&nbsp; en dos obligaciones&nbsp; fundamentales, primero en&nbsp; convertir al m\u00e9dico en &nbsp;un profesional competente que tiene la obligaci\u00f3n de&nbsp; estudiar y estar al d\u00eda para proporcionar una atenci\u00f3n de calidad, basada en las mejores evidencias cient\u00edficas y en su propia experiencia y adem\u00e1s -pero en el mismo nivel- ser una persona capaz de tratar al paciente con honestidad, empat\u00eda, compasi\u00f3n y en definitiva con todas las garant\u00edas de respeto que la dignidad del paciente merece. Un m\u00e9dico no puede comprender a los pacientes si no es comprensivo y no puede consolarlos si no es compasivo, y por supuesto, nunca podr\u00e1 prescribir el tratamiento m\u00e1s efectivo si no tiene los conocimientos actualizados de la ciencia m\u00e9dica. Hay que dejar muy claro que cuando hablo de humanizar no es solo ser amable con el paciente, eso ser\u00eda un buenismo torticero, humanizar es fomentar una actitud permanente de servicio ante la masificaci\u00f3n, la burocratizaci\u00f3n y la excesiva tecnificaci\u00f3n y en ello incluyo la inteligencia artificial por supuesto.<\/p>\n\n\n\n<p class=\"wp-block-paragraph\">Otro reto fundamental pasa por la revisi\u00f3n de nuestra formaci\u00f3n como m\u00e9dicos. Llevo m\u00e1s de cincuenta a\u00f1os vinculado a la universidad espa\u00f1ola y seguimos descuidando la formaci\u00f3n human\u00edstica en las Facultades de Medicina a cambio de una hipertrofia de la informaci\u00f3n de los aspectos t\u00e9cnicos a pesar de que se van haciendo antiguos en poco tiempo. Hoy nuestros alumnos salen de la Facultades de Medicina sabiendo todo sobre de la biolog\u00eda de la c\u00e9lula y casi nada sobre la persona, conocen los m\u00e1s intrincados mecanismos inmunol\u00f3gicos de la enfermedad, pero muy poco de c\u00f3mo afrontar el sufrimiento humano.&nbsp;Tenemos que empe\u00f1arnos en ense\u00f1ar a los m\u00e9dicos j\u00f3venes que detr\u00e1s de cada paciente no hay solo un mecanismo&nbsp;que no funciona sino una persona&nbsp;que sufre y nos pide su ayuda.<\/p>\n\n\n\n<h4 class=\"wp-block-heading\" id=\"h-como-valora-estos-encuentros-por-que-es-importante-mantenerse-actualizados-en-materia-de-etica-y-deontologia\"><strong>\u00bfC\u00f3mo valora estos encuentros? \u00bfPor qu\u00e9 es importante mantenerse actualizados en materia de \u00e9tica y deontolog\u00eda?&nbsp;<\/strong><\/h4>\n\n\n\n<p class=\"wp-block-paragraph\">S\u00f3crates afirm\u00f3 que \u201cla \u00e9tica es comportamiento y conocimiento\u201d; por tanto, el comportamiento del m\u00e9dico excelente no es innato, sino que se debe aprender a lo largo de la formaci\u00f3n m\u00e9dica, desde el grado hasta el postgrado. Esto implica fomentar no solo la educaci\u00f3n t\u00e9cnica y cient\u00edfica, sino tambi\u00e9n la formaci\u00f3n en valores y virtudes, con el objetivo de formar profesionales que sean ejemplos de integridad, coraje y responsabilidad. Solo de esta manera podremos aspirar a una sociedad m\u00e1s equitativa y arm\u00f3nica, donde el progreso t\u00e9cnico sirva a la humanidad y no al contrario.<\/p>\n\n\n\n<p class=\"wp-block-paragraph\">Los encuentros entre profesionales, como es el caso de este Congreso de Ja\u00e9n, son siempre muy enriquecedores, ya que todos aprendemos unos de otros. Los m\u00e9dicos m\u00e1s veteranos, por su experiencia, se convierten en grandes maestros que, a trav\u00e9s de su labor, transmiten el valor de la honestidad intelectual, la humildad, la confianza, la responsabilidad y muchas otras virtudes. Por su parte, los j\u00f3venes, incluidos los numerosos estudiantes de Medicina presentes en el Congreso, deben convencerse de que la \u00e9tica m\u00e9dica, adem\u00e1s de la formaci\u00f3n reglada, es una disciplina transversal que se aprende a lo largo de toda la vida; no puede limitarse exclusivamente a la educaci\u00f3n formal en el grado o el postgrado.<\/p>\n\n\n\n<p class=\"wp-block-paragraph\">La \u00c9tica M\u00e9dica, como todas las \u00e9ticas, no es normativa; no prescribe lo que hay que hacer, sino que define el tipo de personas que debemos aspirar a ser. Lo normativo es la deontolog\u00eda, establecida en nuestro C\u00f3digo actualizado en 2022. El progreso cient\u00edfico, la inteligencia artificial, herramientas como Chat GPT y todas las novedades t\u00e9cnicas que surjan no deben menoscabar la humanizaci\u00f3n de la pr\u00e1ctica m\u00e9dica. Es un error pensar que los avances cient\u00edficos y la humanizaci\u00f3n de la medicina son incompatibles. Nunca una m\u00e1quina ni un sistema podr\u00e1n reemplazar al buen m\u00e9dico que, ante el sufrimiento del paciente, es capaz de empatizar con \u00e9l, reconociendo cognitiva y afectivamente su estado de \u00e1nimo. Adem\u00e1s, debe ser compasivo, brindando una respuesta activa para reducir su sufrimiento.<\/p>\n\n\n\n<p class=\"wp-block-paragraph\"><strong>Ante los numerosos cambios actuales (Medicina digital, Espacio Europeo de Datos Sanitarios, etc.) el Derecho Sanitario est\u00e1 evolucionando mucho y muy r\u00e1pido, \u00bfqu\u00e9 deben recoger las normas nacionales y supranacionales para no dejar de lado la \u00e9tica y la deontolog\u00eda y garantizar la seguridad de los profesionales y de los pacientes?&nbsp;<\/strong><\/p>\n\n\n\n<p class=\"wp-block-paragraph\">En una \u00e9poca caracterizada por los enormes avances biom\u00e9dicos, pero en la que la Medicina est\u00e1 m\u00e1s despersonalizada que nunca, la Medicina centrada en el paciente pretende completar la visi\u00f3n m\u00e1s cient\u00edfica y experimental de la Medicina con una personalizaci\u00f3n que vaya m\u00e1s all\u00e1 de los genes y considere asimismo los valores, objetivos y preferencias de los pacientes. Debemos mantener viva la necesidad de aunar la ciencia y el arte m\u00e9dico o, como se\u00f1alaba Osler, la pr\u00e1ctica de la Medicina \u00abcon el cerebro y el coraz\u00f3n\u00bb, por ello la relaci\u00f3n m\u00e9dico-paciente se basa en la lealtad, el respeto y la confianza mutua, lo que la convierte en un derecho humano esencial. Es responsabilidad de los gobiernos fomentar y proteger las condiciones que aseguran el desarrollo profesional y la independencia de los m\u00e9dicos, garantizando as\u00ed los derechos de los ciudadanos.<\/p>\n\n\n\n<p class=\"wp-block-paragraph\">En este sentido me parece muy acertado el anteproyecto de la \u201cDeclaraci\u00f3n de Ja\u00e9n\u201d que se presenta en el Congreso, en donde se afirma que el principal deber de la profesi\u00f3n m\u00e9dica respecto a la utilizaci\u00f3n de las nuevas tecnolog\u00edas es la b\u00fasqueda de la excelencia respecto a la calidad de la asistencia sanitaria, la seguridad del paciente, y la primac\u00eda de la relaci\u00f3n m\u00e9dico paciente y se apunta de manera muy certera las l\u00edneas maestras para no menoscabar la vertiente \u00e9tica y deontol\u00f3gica en relaci\u00f3n con esos temas, en ella se recomienda que la utilizaci\u00f3n de sistemas de inteligencia artificial en aplicaciones sanitarias est\u00e9 supervisada por humanos y siga principios como seguridad, eficacia, equidad y rendici\u00f3n de cuentas. En investigaciones, es fundamental la supervisi\u00f3n \u00e9tica para garantizar transparencia y colaboraci\u00f3n. La normativa sanitaria debe alinear el uso de inteligencia artificial con los principios de \u00c9tica M\u00e9dica, enfatizando la protecci\u00f3n de derechos humanos y la seguridad del paciente.<\/p>\n","protected":false},"excerpt":{"rendered":"<p>(Ref medicosypacientes.com) M\u00e9dico y Pacientes entrevista al Dr. Joaqu\u00edn Fern\u00e1ndez-Crehuet Navajas, presidente de la Comisi\u00f3n de Deontolog\u00eda del Colegio de M\u00e9dicos de M\u00e1laga, con motivo de su participaci\u00f3n en el X Congreso de Deontolog\u00eda y \u00c9tica M\u00e9dica, que tendr\u00e1 lugar estos 29, 30 y 31 de mayo en Ja\u00e9n. En esta entrevista, el experto destaca&#8230;<\/p>\n","protected":false},"author":1,"featured_media":1870,"comment_status":"closed","ping_status":"open","sticky":false,"template":"","format":"standard","meta":{"_kadence_starter_templates_imported_post":false,"_kad_post_transparent":"","_kad_post_title":"","_kad_post_layout":"","_kad_post_sidebar_id":"","_kad_post_content_style":"","_kad_post_vertical_padding":"","_kad_post_feature":"","_kad_post_feature_position":"","_kad_post_header":false,"_kad_post_footer":false,"_kad_post_classname":"","_jetpack_newsletter_access":"","_jetpack_dont_email_post_to_subs":false,"_jetpack_newsletter_tier_id":0,"_jetpack_memberships_contains_paywalled_content":false,"_jetpack_memberships_contains_paid_content":false,"footnotes":""},"categories":[1],"tags":[],"class_list":["post-1869","post","type-post","status-publish","format-standard","has-post-thumbnail","hentry","category-uncategorized"],"jetpack_sharing_enabled":true,"jetpack_featured_media_url":"https:\/\/expertosenetica.com\/wp-content\/uploads\/2025\/05\/com-malaga-deontologia.png","post_mailing_queue_ids":[],"_links":{"self":[{"href":"https:\/\/expertosenetica.com\/index.php\/wp-json\/wp\/v2\/posts\/1869","targetHints":{"allow":["GET"]}}],"collection":[{"href":"https:\/\/expertosenetica.com\/index.php\/wp-json\/wp\/v2\/posts"}],"about":[{"href":"https:\/\/expertosenetica.com\/index.php\/wp-json\/wp\/v2\/types\/post"}],"author":[{"embeddable":true,"href":"https:\/\/expertosenetica.com\/index.php\/wp-json\/wp\/v2\/users\/1"}],"replies":[{"embeddable":true,"href":"https:\/\/expertosenetica.com\/index.php\/wp-json\/wp\/v2\/comments?post=1869"}],"version-history":[{"count":1,"href":"https:\/\/expertosenetica.com\/index.php\/wp-json\/wp\/v2\/posts\/1869\/revisions"}],"predecessor-version":[{"id":1871,"href":"https:\/\/expertosenetica.com\/index.php\/wp-json\/wp\/v2\/posts\/1869\/revisions\/1871"}],"wp:featuredmedia":[{"embeddable":true,"href":"https:\/\/expertosenetica.com\/index.php\/wp-json\/wp\/v2\/media\/1870"}],"wp:attachment":[{"href":"https:\/\/expertosenetica.com\/index.php\/wp-json\/wp\/v2\/media?parent=1869"}],"wp:term":[{"taxonomy":"category","embeddable":true,"href":"https:\/\/expertosenetica.com\/index.php\/wp-json\/wp\/v2\/categories?post=1869"},{"taxonomy":"post_tag","embeddable":true,"href":"https:\/\/expertosenetica.com\/index.php\/wp-json\/wp\/v2\/tags?post=1869"}],"curies":[{"name":"wp","href":"https:\/\/api.w.org\/{rel}","templated":true}]}}