{"id":1892,"date":"2025-07-08T09:36:53","date_gmt":"2025-07-08T08:36:53","guid":{"rendered":"https:\/\/expertosenetica.com\/?p=1892"},"modified":"2025-07-08T09:36:53","modified_gmt":"2025-07-08T08:36:53","slug":"las-listas-de-espera-para-la-dependencia-crecen-mas-de-286-000-personas-y-casi-un-ano-para-acceder-a-las-ayudas","status":"publish","type":"post","link":"https:\/\/expertosenetica.com\/index.php\/2025\/07\/08\/las-listas-de-espera-para-la-dependencia-crecen-mas-de-286-000-personas-y-casi-un-ano-para-acceder-a-las-ayudas\/","title":{"rendered":"Las listas de espera para la dependencia crecen: m\u00e1s de 286.000 personas y casi un a\u00f1o para acceder a las ayudas"},"content":{"rendered":"\n<p class=\"wp-block-paragraph\">(Ref abc.es)<\/p>\n\n\n\n<h2 class=\"wp-block-heading\">Una de cada once personas con derecho a prestaciones no las reciben. Madrid, Castilla-La Mancha y Cantabria lideran los aumentos en listas de espera y siete comunidades empeoran su situaci\u00f3n en 2025<\/h2>\n\n\n\n<h2 class=\"wp-block-heading\"><a href=\"https:\/\/www.abc.es\/espana\/andalucia\/tiempo-medio-espera-ley-dependencia-andalucia-587-20250426124158-nts.html\">El tiempo medio de espera para la Ley de Dependencia en Andaluc\u00eda, de 587 d\u00edas, el m\u00e1s alto de Espa\u00f1a<\/a><\/h2>\n\n\n\n<p class=\"wp-block-paragraph\">Dieciocho a\u00f1os despu\u00e9s de la aprobaci\u00f3n de la Ley de Promoci\u00f3n de la Autonom\u00eda Personal y Atenci\u00f3n a las Personas en Situaci\u00f3n de&nbsp;<a href=\"https:\/\/www.abc.es\/espana\/andalucia\/tiempo-medio-espera-ley-dependencia-andalucia-587-20250426124158-nts.html\">Dependencia&nbsp;<\/a>, el derecho que consagra sigue sin estar plenamente garantizado. \u00abSupuso uno de los mayores avances en protecci\u00f3n social que ha habido en Espa\u00f1a en las \u00faltimas dos d\u00e9cadas\u00bb, comenta a ABC Jose Manuel Ram\u00edrez, presidente de la Adgss (Asociaci\u00f3n de Directoras y Gerentes en Servicios Sociales). A pesar de haber atendido a casi 3,7 millones de personas desde 2006<strong>, el sistema de atenci\u00f3n a la dependencia arrastra carencias<\/strong>&nbsp;que afectan tanto a su financiaci\u00f3n como a su capacidad real para ofrecer una atenci\u00f3n digna y oportuna.<\/p>\n\n\n\n<p class=\"wp-block-paragraph\">El \u00faltimo informe elaborado por el Observatorio Estatal de la Dependencia pone cifras a este diagn\u00f3stico preocupante: a mitad de 2025,&nbsp;<strong>286.681 personas esperan alg\u00fan tr\u00e1mite del sistema<\/strong>. De ellas, 150.482 ya tienen reconocido el derecho, pero siguen sin recibir prestaci\u00f3n o servicio alguno. Otras 136.009 personas ni siquiera han sido valoradas a\u00fan. En total hay 16.536 personas m\u00e1s que a principios de a\u00f1o en las llamadas&nbsp;<a href=\"https:\/\/www.abc.es\/sociedad\/minutos-muere-persona-lista-espera-dependencia-20240923125636-nt.html\">listas de espera<\/a>. \u00abSalvando las cuatro comunidades donde, junto con Ceuta y Melilla, se cumplen los seis meses para resolver un expediente, en el resto de territorios es un derecho de papel\u00bb, explica Ram\u00edrez.<\/p>\n\n\n\n<p class=\"wp-block-paragraph\">Aunque en 2025 se ha producido un leve aumento de personas atendidas \u2014 44.532 m\u00e1s que a finales de 2024\u2014 el informe denuncia que este crecimiento se apoya en servicios de bajo coste y escasa intensidad, como<strong>&nbsp;la teleasistencia o los cuidados informales en el entorno familiar<\/strong>. Estas f\u00f3rmulas, si bien \u00fatiles, no suplen la necesidad de una red p\u00fablica s\u00f3lida de servicios profesionales.Noticia Relacionada<\/p>\n\n\n\n<figure class=\"wp-block-image\"><a class=\"voc-img-link\" href=\"https:\/\/www.abc.es\/sociedad\/solo-tres-diez-personas-mayores-reciben-ayudas-20240917145759-nt.html#vca=modulo-rel-uno&amp;vso=abc&amp;vmc=noticias-rel&amp;vli=sociedad\"><img decoding=\"async\" src=\"https:\/\/s3.abcstatics.com\/abc\/www\/multimedia\/sociedad\/2024\/09\/17\/yaya-k0nH-U73373522511FKF-366x256@diario_abc.JPG\" alt=\"Solo tres de cada diez personas mayores reciben ayudas a la dependencia\"\/><\/a><\/figure>\n\n\n\n<h3 class=\"wp-block-heading\"><a href=\"https:\/\/www.abc.es\/sociedad\/solo-tres-diez-personas-mayores-reciben-ayudas-20240917145759-nt.html#vca=modulo-rel-uno&amp;vso=abc&amp;vmc=noticias-rel&amp;vli=sociedad\">Solo tres de cada diez personas mayores reciben ayudas a la dependencia<\/a><\/h3>\n\n\n\n<p class=\"wp-block-paragraph\">La financiaci\u00f3n p\u00fablica no llega a cubrir las demandas actuales de la poblaci\u00f3n envejecida, seg\u00fan destaca un informe de la Fundaci\u00f3n IDIS<\/p>\n\n\n\n<p class=\"wp-block-paragraph\">Este modelo, definido en el informe como \u00ablow cost\u00bb, se ha visto reforzado por la&nbsp;<strong>paralizaci\u00f3n del incremento presupuestario en 2024<\/strong>&nbsp;que impuls\u00f3 el Plan de Choque durante los a\u00f1os 2021 a 2023, dotado con 600 millones anuales adicionales. Esta fue una iniciativa del Gobierno aprobada en enero de 2021 con el objetivo de mejorar el Sistema para la Autonom\u00eda y Atenci\u00f3n a la Dependencia (SAAD) y reducir las listas de espera y los tiempos de tramitaci\u00f3n de las solicitudes.<\/p>\n\n\n\n<h3 class=\"wp-block-heading\">Desigualdad territorial<\/h3>\n\n\n\n<p class=\"wp-block-paragraph\">Uno de los puntos m\u00e1s alarmantes del informe es la&nbsp;<a href=\"https:\/\/www.abc.es\/sociedad\/persona-dependencia-fallece-minutos-atendida-sistema-20231102123537-nt.html\">desigualdad&nbsp;<\/a>entre comunidades aut\u00f3nomas. Canarias presenta el mayor porcentaje de personas pendientes de recibir prestaci\u00f3n(35,4%), seguida del Pa\u00eds Vasco (16%) y Catalu\u00f1a (14,5%). Por el contrario, regiones como Arag\u00f3n (1,5%) o Navarra (2,1%) son las que tienen un menor porcentaje.<\/p>\n\n\n\n<p class=\"wp-block-paragraph\">El tiempo medio para resolver un expediente en Espa\u00f1a se sit\u00faa ya en 342 d\u00edas, casi el doble del m\u00e1ximo legal de seis meses y 8 d\u00edas m\u00e1s que al inicio de 2024. En varias comunidades como&nbsp;<strong>Andaluc\u00eda (574 d\u00edas), Murcia (564) y Canarias (521), el tiempo de espera es superior a doce meses<\/strong>&nbsp;frente al de otras como Castilla y Le\u00f3n (113) o el Pa\u00eds Vasco (129).<\/p>\n\n\n\n<p class=\"wp-block-paragraph\">Estas diferencias reflejan, seg\u00fan los autores del informe, la falta de un modelo com\u00fan coordinado desde el Estado y un entramado burocr\u00e1tico que ralentiza gravemente la atenci\u00f3n. La tramitaci\u00f3n implica dos procedimientos administrativos por persona(resoluci\u00f3n del grado de dependencia y resoluci\u00f3n de prestaci\u00f3n o servicio que disfrutar\u00e1 la persona), lo que, unido a la falta de personal t\u00e9cnico, genera demoras que pueden llegar a hacer in\u00fatil el derecho reconocido. \u00ab<strong>Cerca de 900.000 personas han fallecido sin haber recibido las ayudas<\/strong>&nbsp;a las que ten\u00edan derecho\u00bb, explica Jos\u00e9 Manuel Ram\u00edrez.<\/p>\n\n\n\n<h3 class=\"wp-block-heading\">La financiaci\u00f3n, lejos del 50% prometido<\/h3>\n\n\n\n<p class=\"wp-block-paragraph\">A nivel financiero, la&nbsp;<a href=\"https:\/\/www.abc.es\/economia\/muerte-persona-dependiente-cierra-derecho-herederos-percibir-20240411160748-nt.html#vca=modulo-rel-uno&amp;vso=abc&amp;vmc=noticias-rel&amp;vli=sociedad\">aportaci\u00f3n<\/a>&nbsp;estatal al sistema apenas alcanza el 28,6% del gasto total. Adem\u00e1s, entre 2012 y 2021 se acumularon recortes por m\u00e1s de 6.321 millones de euros que, seg\u00fan denuncia el informe, no se han compensado plenamente.<\/p>\n\n\n\n<p class=\"wp-block-paragraph\">Para mejorar la situaci\u00f3n de los sistemas de atenci\u00f3n a la dependencia, Jos\u00e9 Manuel considera que son necesarias cuatro medidas: \u00abQue se incorporen los 600 millones de euros &#8216;ex novo&#8217; que el Plan de Choque hab\u00eda impulsado; llegar al&nbsp;<strong>equilibrio de financiaci\u00f3n entre las autonom\u00edas y el Gobierno<\/strong>, integrar a los ayuntamientos en los procesos de dependencia y, por \u00faltimo, simplificar los procedimientos burocr\u00e1ticos unific\u00e1ndolos\u00bb.<\/p>\n\n\n\n<h3 class=\"wp-block-heading\">M\u00e1s personas, m\u00e1s demoras<\/h3>\n\n\n\n<p class=\"wp-block-paragraph\">En paralelo al aumento de personas atendidas, tambi\u00e9n se incrementan las que se quedan atr\u00e1s. Comunidades como Catalu\u00f1a (+21,8%),&nbsp;<a href=\"https:\/\/www.abc.es\/espana\/madrid\/detenido-hombre-presunta-violacion-sumision-quimica-plena-20250707104231-nt.html\">Madrid<\/a>&nbsp;(+32,8%), Castilla-La Mancha(+63,4%) y Cantabria(+64%) han visto crecer sus listas de espera por encima del 20% en lo que va de a\u00f1o.&nbsp;<strong>Catalu\u00f1a, en t\u00e9rminos absolutos, lidera el aumento<\/strong>&nbsp;con casi 8.000 personas m\u00e1s en lista de espera. Frente a este crecimiento encontramos otras regiones que han logrado reducir su lista de espera de manera significativa como Galicia(-26,1%) y Navarra(-11,6%).<\/p>\n\n\n\n<p class=\"wp-block-paragraph\">El sistema crece, pero no mejora ya que tiene que convivir con procedimientos burocr\u00e1ticos lentos y recursos limitados que limitan la acci\u00f3n del mismo. El informe refleja la necesidad de medidas que permitan salvar la brecha existente entre el derecho legal y el derecho real.<\/p>\n","protected":false},"excerpt":{"rendered":"<p>(Ref abc.es) Una de cada once personas con derecho a prestaciones no las reciben. Madrid, Castilla-La Mancha y Cantabria lideran los aumentos en listas de espera y siete comunidades empeoran su situaci\u00f3n en 2025 El tiempo medio de espera para la Ley de Dependencia en Andaluc\u00eda, de 587 d\u00edas, el m\u00e1s alto de Espa\u00f1a Dieciocho&#8230;<\/p>\n","protected":false},"author":1,"featured_media":1893,"comment_status":"closed","ping_status":"open","sticky":false,"template":"","format":"standard","meta":{"_kadence_starter_templates_imported_post":false,"_kad_post_transparent":"","_kad_post_title":"","_kad_post_layout":"","_kad_post_sidebar_id":"","_kad_post_content_style":"","_kad_post_vertical_padding":"","_kad_post_feature":"","_kad_post_feature_position":"","_kad_post_header":false,"_kad_post_footer":false,"_kad_post_classname":"","_jetpack_newsletter_access":"","_jetpack_dont_email_post_to_subs":false,"_jetpack_newsletter_tier_id":0,"_jetpack_memberships_contains_paywalled_content":false,"_jetpack_memberships_contains_paid_content":false,"footnotes":""},"categories":[1],"tags":[],"class_list":["post-1892","post","type-post","status-publish","format-standard","has-post-thumbnail","hentry","category-uncategorized"],"jetpack_sharing_enabled":true,"jetpack_featured_media_url":"https:\/\/expertosenetica.com\/wp-content\/uploads\/2025\/07\/dependencia2-RWQmbmeIiy2aci4l5bVLieO-1200x840@diario_abc.webp","post_mailing_queue_ids":[],"_links":{"self":[{"href":"https:\/\/expertosenetica.com\/index.php\/wp-json\/wp\/v2\/posts\/1892","targetHints":{"allow":["GET"]}}],"collection":[{"href":"https:\/\/expertosenetica.com\/index.php\/wp-json\/wp\/v2\/posts"}],"about":[{"href":"https:\/\/expertosenetica.com\/index.php\/wp-json\/wp\/v2\/types\/post"}],"author":[{"embeddable":true,"href":"https:\/\/expertosenetica.com\/index.php\/wp-json\/wp\/v2\/users\/1"}],"replies":[{"embeddable":true,"href":"https:\/\/expertosenetica.com\/index.php\/wp-json\/wp\/v2\/comments?post=1892"}],"version-history":[{"count":1,"href":"https:\/\/expertosenetica.com\/index.php\/wp-json\/wp\/v2\/posts\/1892\/revisions"}],"predecessor-version":[{"id":1894,"href":"https:\/\/expertosenetica.com\/index.php\/wp-json\/wp\/v2\/posts\/1892\/revisions\/1894"}],"wp:featuredmedia":[{"embeddable":true,"href":"https:\/\/expertosenetica.com\/index.php\/wp-json\/wp\/v2\/media\/1893"}],"wp:attachment":[{"href":"https:\/\/expertosenetica.com\/index.php\/wp-json\/wp\/v2\/media?parent=1892"}],"wp:term":[{"taxonomy":"category","embeddable":true,"href":"https:\/\/expertosenetica.com\/index.php\/wp-json\/wp\/v2\/categories?post=1892"},{"taxonomy":"post_tag","embeddable":true,"href":"https:\/\/expertosenetica.com\/index.php\/wp-json\/wp\/v2\/tags?post=1892"}],"curies":[{"name":"wp","href":"https:\/\/api.w.org\/{rel}","templated":true}]}}