{"id":1942,"date":"2025-10-21T21:28:54","date_gmt":"2025-10-21T20:28:54","guid":{"rendered":"https:\/\/expertosenetica.com\/?p=1942"},"modified":"2025-10-21T21:28:54","modified_gmt":"2025-10-21T20:28:54","slug":"pablo-siegrist-el-embrion-humano-aunque-sea-en-estado-unicelular-es-un-ser-humano-mas-es-uno-de-nosotros-y-no-podemos-dejarlo-solo","status":"publish","type":"post","link":"https:\/\/expertosenetica.com\/index.php\/2025\/10\/21\/pablo-siegrist-el-embrion-humano-aunque-sea-en-estado-unicelular-es-un-ser-humano-mas-es-uno-de-nosotros-y-no-podemos-dejarlo-solo\/","title":{"rendered":"Pablo Siegrist: \u00abEl embri\u00f3n humano, aunque sea en estado unicelular, es un ser humano m\u00e1s, es \u2018uno de nosotros\u2019, y no podemos dejarlo solo\u00bb"},"content":{"rendered":"\n<p class=\"wp-block-paragraph\">(Ref forumlibertas.com)<\/p>\n\n\n\n<p class=\"wp-block-paragraph\">Entrevista a Pablo Siegrist, Director General de la Fundaci\u00f3n J\u00e9r\u00f4me Lejeune en Espa\u00f1a y Vicepresidente de la Federaci\u00f3n Europea \u00abOne of Us\u00bb<\/p>\n\n\n\n<p class=\"wp-block-paragraph\">A lo largo de la historia, muchos han sido los hombres que, dejando todo atr\u00e1s, se dirigieron con valent\u00eda al campo de batalla, dispuestos a defender los nobles ideales del Bien, la Verdad y la Belleza. Su misi\u00f3n: proteger a los d\u00e9biles, a los indefensos, a aquellos que necesitan nuestra valent\u00eda para darles voz y protecci\u00f3n. Aquellos que no pueden defenderse, ni con la palabra ni con la acci\u00f3n, a quienes se les ha negado todo incluso la posibilidad de vivir. Sin embargo, los caballeros, que no son meros soldados, entienden bien cu\u00e1l es su deber. Los soldados luchan por una paga, pero los caballeros lo hacen por principios m\u00e1s elevados.<\/p>\n\n\n\n<p class=\"wp-block-paragraph\">En esta noble lucha, tuve la fortuna de conocer a alguien que, como Bernardo de G\u00e1lvez, alz\u00f3 una bandera con el grito de \u00ab\u00a1El que tenga honor, que me siga!\u00bb. Hoy, en Bruselas, donde se promulga una legislaci\u00f3n genocida, se encuentra&nbsp;<strong>Pablo Siegrist<\/strong>, un caballero que sabe que donde est\u00e9n los m\u00e1s indefensos, all\u00ed estar\u00e1 \u00e9l.<\/p>\n\n\n\n<p class=\"wp-block-paragraph\">Hoy, en esta batalla desigual que se libra en Bruselas, epicentro de la lucha por la vida, conversamos con&nbsp;<strong>Pablo Siegrist Ridruejo<\/strong>, esposo, padre de familia numerosa,&nbsp;<strong>Director General de la Fundaci\u00f3n J\u00e9r\u00f4me Lejeune en Espa\u00f1a y Vicepresidente de la Federaci\u00f3n Europea \u00abOne of Us\u00bb<\/strong>. Durante esta charla, conoceremos m\u00e1s sobre las dificultades de la defensa de la vida en el contexto de la Uni\u00f3n Europea y la importancia de aumentar la conciencia y acci\u00f3n en favor del regalo que es la vida.<\/p>\n\n\n\n<p class=\"wp-block-paragraph\">Pablo tambi\u00e9n nos hablar\u00e1 de la necesidad de que los j\u00f3venes cuenten con referentes que hayan sabido proteger a los m\u00e1s vulnerables y los inspiren a defender la vida. En sus propias palabras: \u00abEl embri\u00f3n humano, aunque sea en estado unicelular, es un ser humano m\u00e1s, es \u2018uno de nosotros\u2019, y no podemos dejarlo solo\u00bb.<\/p>\n\n\n\n<h4 class=\"wp-block-heading\"><strong>\u00abOne of Us\u00bb es una voz destacada en la defensa de la vida en Europa. \u00bfCu\u00e1les son los principales obst\u00e1culos a los que se enfrentar\u00e1 despu\u00e9s de estas elecciones el movimiento provida en la Uni\u00f3n Europea?<\/strong><\/h4>\n\n\n\n<p class=\"wp-block-paragraph\">Uno de los principales obst\u00e1culos ser\u00e1 la creciente presi\u00f3n de grupos y corrientes pol\u00edticas que buscan consolidar el aborto como un derecho humano dentro de la Uni\u00f3n Europea. Las iniciativas para incluir el aborto en la Carta de Derechos Fundamentales son una amenaza real, no solo a nivel legislativo, sino tambi\u00e9n a nivel cultural, al querer normalizarlo en la mentalidad de los ciudadanos europeos. Adem\u00e1s, el lobby pro-aborto tiene una influencia fuerte en las instituciones europeas, lo que puede dificultar la promoci\u00f3n de pol\u00edticas que respeten y protejan a los seres humanos desde la concepci\u00f3n.<\/p>\n\n\n\n<h4 class=\"wp-block-heading\"><strong>En el contexto de las recientes elecciones al Parlamento Europeo, \u00bfQu\u00e9 medidas espec\u00edficas esperar\u00eda \u00abOne of Us\u00bb que los europarlamentarios y partidos pol\u00edticos adopten para proteger la vida humana?<\/strong><\/h4>\n\n\n\n<p class=\"wp-block-paragraph\">Esperar\u00edamos que los parlamentarios promuevan iniciativas que defiendan el derecho a la vida de todas las personas desde la concepci\u00f3n hasta la muerte natural. Esto incluye rechazar cualquier intento de incluir el aborto como un derecho fundamental, as\u00ed como fomentar pol\u00edticas que apoyen a las mujeres embarazadas, a las familias y a las personas vulnerables. Tambi\u00e9n ser\u00eda fundamental impulsar una mayor transparencia en la financiaci\u00f3n de organizaciones que promuevan el aborto y asegurar que los fondos europeos se utilicen para apoyar a las personas m\u00e1s vulnerables, no para pon\u00e9rselo m\u00e1s dif\u00edcil.<\/p>\n\n\n\n<h4 class=\"wp-block-heading\"><strong>\u00bfC\u00f3mo eval\u00faa usted el papel actual del Parlamento Europeo en temas relacionados con la vida y la dignidad humana? \u00bfHay avances o retrocesos recientes que considere relevantes?<\/strong><\/h4>\n\n\n\n<p class=\"wp-block-paragraph\">Lamentablemente, hemos visto m\u00e1s retrocesos que avances en la \u00faltima legislatura. El Parlamento Europeo ha promovido resoluciones que abogan por el aborto y otras pr\u00e1cticas contrarias a la dignidad humana, bajo la excusa de los \u00abderechos sexuales y reproductivos\u00bb, sin que exista una unanimidad entre los Estados miembros sobre la interpretaci\u00f3n de este concepto. Sin embargo, hay eurodiputados dentro del Parlamento que han resistido estos esfuerzos, pero enfrentan una lucha constante. La realidad es que, en algunos pa\u00edses miembros de la UE, vemos avances en el apoyo a la vida, lo que nos da esperanza.<\/p>\n\n\n\n<h4 class=\"wp-block-heading\"><strong>En su opini\u00f3n, \u00bfC\u00f3mo podemos los ciudadanos europeos influir en nuestros representantes?<\/strong><\/h4>\n\n\n\n<p class=\"wp-block-paragraph\">La participaci\u00f3n ciudadana es crucial. Los ciudadanos pueden influir a trav\u00e9s del voto, eligiendo a representantes que compartan sus valores en defensa de las personas m\u00e1s vulnerables. Adem\u00e1s, el contacto directo con los eurodiputados, enviando cartas o participando en campa\u00f1as de sensibilizaci\u00f3n, es una herramienta poderosa. Es importante que los pol\u00edticos sepan que hay una parte significativa de la poblaci\u00f3n que defiende la vida y que espera que sus intereses sean representados.<\/p>\n\n\n\n<h4 class=\"wp-block-heading\"><strong>Recientemente el parlamento europeo ha aprobado una resoluci\u00f3n para incluir el derecho al aborto en la carta de derechos fundamentales de la Uni\u00f3n Europea \u00bfQu\u00e9 alcance cree que tendr\u00e1 esa resoluci\u00f3n a la hora de asumir cada pa\u00eds el falso derecho al aborto?<\/strong><\/h4>\n\n\n\n<p class=\"wp-block-paragraph\">Si bien la resoluci\u00f3n del Parlamento Europeo no es vinculante, supone una petici\u00f3n a la Comisi\u00f3n Europea para que inicie un proceso legislativo en ese sentido, si bien no existe competencia de la UE en este campo. A pesar de esto, tiene un efecto simb\u00f3lico y de presi\u00f3n sobre los Estados miembros, especialmente en aquellos donde hay corrientes de liberalizaci\u00f3n del aborto. Algunos pa\u00edses pueden sentirse presionados a modificar sus legislaciones para alinearse con esta postura, lo que ser\u00eda un grave retroceso en la protecci\u00f3n de la soberan\u00eda nacional y de la vida. Sin embargo, los Estados miembros de la Uni\u00f3n conservan la soberan\u00eda en esta cuesti\u00f3n, que no ha sido transferida a las instituciones comunitarias, y hay que seguir apoyando a aquellos que defienden una legislaci\u00f3n protectora de la vida humana siempre.<\/p>\n\n\n\n<h4 class=\"wp-block-heading\"><strong>Adem\u00e1s de la defensa de la vida desde la concepci\u00f3n, \u00bfQu\u00e9 otras \u00e1reas prioritarias consideran \u00abOne of Us\u00bb importantes para promover una cultura de vida en Europa?<\/strong><\/h4>\n\n\n\n<p class=\"wp-block-paragraph\">La cuesti\u00f3n de la protecci\u00f3n del ser humano desde su concepci\u00f3n no es una cuesti\u00f3n m\u00e1s. Es el momento en el que la persona es m\u00e1s vulnerable y, si no cuenta con la protecci\u00f3n de sus padres, queda totalmente desamparada. Por eso, One of Us se centra en esta cuesti\u00f3n: el embri\u00f3n humano, aunque sea en estado unicelular, es un ser humano m\u00e1s, es \u201cuno de nosotros\u201d, y no podemos dejarlo solo. Por supuesto, trabajamos para que se defienda la vida de las personas en estado de mayor vulnerabilidad siempre, lo que implica la lucha contra la eutanasia, el apoyo a las personas con discapacidad y la defensa de una investigaci\u00f3n y una atenci\u00f3n m\u00e9dica \u00e9tica. Nuestros socios abogan tambi\u00e9n por pol\u00edticas que fortalezcan a la familia, el pilar b\u00e1sico de la sociedad, y que ofrezcan un apoyo integral a las mujeres embarazadas, para que descubran que el aborto no es la \u00fanica opci\u00f3n y no est\u00e1n solas ante su embarazo.<\/p>\n\n\n\n<h4 class=\"wp-block-heading\"><strong>\u00bfQu\u00e9 estrategias se deber\u00edan implantar en Europa para aumentar la conciencia y el apoyo a la causa provida entre los j\u00f3venes europeos?<\/strong><\/h4>\n\n\n\n<p class=\"wp-block-paragraph\">Es vital llegar a los j\u00f3venes a trav\u00e9s de la educaci\u00f3n y la cultura, con campa\u00f1as que promuevan una visi\u00f3n positiva de la vida y la dignidad humana. El uso de las redes sociales y medios digitales es clave para comunicar de manera efectiva y accesible estos mensajes. Tambi\u00e9n es importante que los j\u00f3venes tengan referentes que han sabido defender a los m\u00e1s vulnerables y que puedan participar en actividades y movimientos que los inspiren a defender la vida. La realidad es que, a menudo, los j\u00f3venes se movilizan cuando comprenden el valor intr\u00ednseco de cada ser humano.<\/p>\n\n\n\n<h4 class=\"wp-block-heading\"><strong>Nos encontramos ante una gran crisis de referentes. \u00bfQu\u00e9 referentes nos recomendar\u00eda como acicate para dar la batalla por lo que realmente importa?<\/strong><\/h4>\n\n\n\n<p class=\"wp-block-paragraph\">Un referente clave es el profesor J\u00e9r\u00f4me Lejeune, cuyo trabajo en la ciencia y la defensa de la vida lo convirti\u00f3 en un aut\u00e9ntico modelo de profesional y hombre \u00edntegro. Fue un m\u00e9dico que luch\u00f3 incansablemente por los m\u00e1s vulnerables, como las personas con discapacidad intelectual, y nunca comprometi\u00f3 sus principios, siempre fiel al juramento Hipocr\u00e1tico. Pero a nuestro alrededor tenemos muchos otros, referentes contempor\u00e1neos que incluyen a personas y familias que, a pesar de las adversidades, han defendido la vida, apoyan a personas en situaci\u00f3n de vulnerabilidad dando su propia vida y muestran que el amor y el apoyo pueden transformar el mundo.<\/p>\n\n\n\n<h4 class=\"wp-block-heading\"><strong>Desde su posici\u00f3n como Director General de la Fundaci\u00f3n J\u00e9r\u00f4me Lejeune, \u00bfC\u00f3mo describir\u00eda la situaci\u00f3n actual en Europa para los ni\u00f1os con s\u00edndrome de Down?<\/strong><\/h4>\n\n\n\n<p class=\"wp-block-paragraph\">La situaci\u00f3n en Europa es preocupante. Como se ha publicado en un estudio reciente, somos el continente en el que, en muchos pa\u00edses, el diagn\u00f3stico prenatal se ha convertido en una manera de sentenciar a los ni\u00f1os con s\u00edndrome de Down, ya que las tasas de aborto tras este diagn\u00f3stico son extremadamente altas. Espa\u00f1a, de hecho, est\u00e1 en una de las peores posiciones seg\u00fan este estudio. Nosotros trabajamos, por el contrario, para cambiar esta mentalidad, mostrando el valor inmenso que tienen estas personas y haciendo ver que, con un acompa\u00f1amiento adecuado, llevan vidas plenas y, normalmente, felices. Es crucial que las pol\u00edticas de salud apoyen a estas familias en lugar de incentivarlas a tomar decisiones que atenten contra la vida de sus hijos, y de las que con frecuencia se arrepienten dolorosamente en el futuro.<\/p>\n","protected":false},"excerpt":{"rendered":"<p>(Ref forumlibertas.com) Entrevista a Pablo Siegrist, Director General de la Fundaci\u00f3n J\u00e9r\u00f4me Lejeune en Espa\u00f1a y Vicepresidente de la Federaci\u00f3n Europea \u00abOne of Us\u00bb A lo largo de la historia, muchos han sido los hombres que, dejando todo atr\u00e1s, se dirigieron con valent\u00eda al campo de batalla, dispuestos a defender los nobles ideales del Bien,&#8230;<\/p>\n","protected":false},"author":1,"featured_media":0,"comment_status":"closed","ping_status":"open","sticky":false,"template":"","format":"standard","meta":{"_kadence_starter_templates_imported_post":false,"_kad_post_transparent":"","_kad_post_title":"","_kad_post_layout":"","_kad_post_sidebar_id":"","_kad_post_content_style":"","_kad_post_vertical_padding":"","_kad_post_feature":"","_kad_post_feature_position":"","_kad_post_header":false,"_kad_post_footer":false,"_kad_post_classname":"","_jetpack_newsletter_access":"","_jetpack_dont_email_post_to_subs":false,"_jetpack_newsletter_tier_id":0,"_jetpack_memberships_contains_paywalled_content":false,"_jetpack_memberships_contains_paid_content":false,"footnotes":""},"categories":[1],"tags":[],"class_list":["post-1942","post","type-post","status-publish","format-standard","hentry","category-uncategorized"],"jetpack_sharing_enabled":true,"jetpack_featured_media_url":"","post_mailing_queue_ids":[],"_links":{"self":[{"href":"https:\/\/expertosenetica.com\/index.php\/wp-json\/wp\/v2\/posts\/1942","targetHints":{"allow":["GET"]}}],"collection":[{"href":"https:\/\/expertosenetica.com\/index.php\/wp-json\/wp\/v2\/posts"}],"about":[{"href":"https:\/\/expertosenetica.com\/index.php\/wp-json\/wp\/v2\/types\/post"}],"author":[{"embeddable":true,"href":"https:\/\/expertosenetica.com\/index.php\/wp-json\/wp\/v2\/users\/1"}],"replies":[{"embeddable":true,"href":"https:\/\/expertosenetica.com\/index.php\/wp-json\/wp\/v2\/comments?post=1942"}],"version-history":[{"count":1,"href":"https:\/\/expertosenetica.com\/index.php\/wp-json\/wp\/v2\/posts\/1942\/revisions"}],"predecessor-version":[{"id":1943,"href":"https:\/\/expertosenetica.com\/index.php\/wp-json\/wp\/v2\/posts\/1942\/revisions\/1943"}],"wp:attachment":[{"href":"https:\/\/expertosenetica.com\/index.php\/wp-json\/wp\/v2\/media?parent=1942"}],"wp:term":[{"taxonomy":"category","embeddable":true,"href":"https:\/\/expertosenetica.com\/index.php\/wp-json\/wp\/v2\/categories?post=1942"},{"taxonomy":"post_tag","embeddable":true,"href":"https:\/\/expertosenetica.com\/index.php\/wp-json\/wp\/v2\/tags?post=1942"}],"curies":[{"name":"wp","href":"https:\/\/api.w.org\/{rel}","templated":true}]}}