{"id":1960,"date":"2025-12-24T15:45:19","date_gmt":"2025-12-24T14:45:19","guid":{"rendered":"https:\/\/expertosenetica.com\/?p=1960"},"modified":"2025-12-24T15:45:19","modified_gmt":"2025-12-24T14:45:19","slug":"los-medicos-espanoles-y-el-siglo-xxi","status":"publish","type":"post","link":"https:\/\/expertosenetica.com\/index.php\/2025\/12\/24\/los-medicos-espanoles-y-el-siglo-xxi\/","title":{"rendered":"Los m\u00e9dicos espa\u00f1oles y el siglo XXI"},"content":{"rendered":"\n<p class=\"wp-block-paragraph\">Tom\u00e1s Cobo<br>Presidente de la Organizaci\u00f3n M\u00e9dica Colegial (OMC)<\/p>\n\n\n\n<p class=\"wp-block-paragraph\">Hace mucho tiempo escrib\u00ed que<strong>&nbsp;los m\u00e9dicos, de alg\u00fan modo, algo hemos hecho mal al explicar a la sociedad en qu\u00e9 consiste realmente nuestra profesi\u00f3n<\/strong>. No hemos sabido transmitir con claridad ese fin\u00edsimo hilo que separa la vida de la muerte ni los instantes \u2014a veces de apenas segundos\u2014 en los que la competencia, la serenidad o la pericia de un m\u00e9dico cambian el destino de una persona. Quiz\u00e1,&nbsp;<strong>si lo hubi\u00e9ramos explicado mejor, hoy no tendr\u00edamos que lamentar el aumento de agresiones ni la incomprensi\u00f3n persistente<\/strong>&nbsp;de muchos responsables pol\u00edticos respecto al papel real del m\u00e9dico dentro del sistema sanitario.<\/p>\n\n\n\n<p class=\"wp-block-paragraph\">Estos d\u00edas, en un pa\u00eds en el que ha habido una&nbsp;<strong>huelga de m\u00e9dicos<\/strong>&nbsp;y en el que ya se ciernen los nubarrones de otra, mientras<strong>&nbsp;la vida asistencial contin\u00faa sostenida por el compromiso de los profesionales<\/strong>, conviene recordar que el sistema sanitario no se sostiene solo sobre hospitales y quir\u00f3fanos. La atenci\u00f3n primaria y la salud p\u00fablica forman una parte esencial de ese engranaje, y en ellas el m\u00e9dico de familia es un pilar de cohesi\u00f3n y justicia social. Sin ese primer nivel fuerte, el modelo universal, p\u00fablico y gratuito \u2014con todas las matizaciones que conlleva la palabra \u201cgratuito\u201d\u2014&nbsp;<strong>pierde estabilidad y sentido.<\/strong><\/p>\n\n\n\n<p class=\"wp-block-paragraph\"><strong>El valor de uso del m\u00e9dico es la utilidad real que aporta a la vida de las personas.<\/strong>&nbsp;Y esa utilidad es inmensa, concreta y tangible. Pensemos en una hemorragia inesperada durante una intervenci\u00f3n. En cuesti\u00f3n de segundos la vida se escapa. La mano experta del cirujano identifica el origen, controla el sangrado y restablece el equilibrio. Ese gesto t\u00e9cnico, aprendido tras a\u00f1os de formaci\u00f3n y sacrificio, es la frontera entre la vida y la tragedia. O imaginemos la decisi\u00f3n cr\u00edtica de un anestesista que debe intubar a un paciente con una v\u00eda a\u00e9rea dif\u00edcil. No hay tiempo, no hay margen. Solo conocimiento, habilidad y serenidad. La vida del paciente depende de ello. Recordemos tambi\u00e9n una parada cardiorrespiratoria: \u00f3rdenes cortas, compresiones firmes, una carrera contrarreloj donde cada segundo cuenta. O la escena silenciosa en la que un onc\u00f3logo infantil comunica a unos padres que su mundo acaba de romperse.<strong>&nbsp;No hay manual que alivie ese momento ni palabras que lo suavicen.<\/strong><\/p>\n\n\n\n<p class=\"wp-block-paragraph\">En cualquiera de estos escenarios \u2014quir\u00f3fano, urgencias, planta, consulta o centro de salud\u2014&nbsp;<strong>el m\u00e9dico sostiene lo esencial: la vida, la dignidad y la esperanza de las personas.<\/strong><\/p>\n\n\n\n<p class=\"wp-block-paragraph\">El valor de coste del m\u00e9dico es enorme. Para poder controlar una hemorragia, intubar un paciente cr\u00edtico, manejar una parada o acompa\u00f1ar en la tragedia,<strong>&nbsp;la sociedad debe formar a un profesional durante m\u00e1s de una d\u00e9cada:<\/strong>&nbsp;carrera universitaria, oposici\u00f3n MIR, a\u00f1os de residencia, guardias interminables, renuncias familiares y una responsabilidad que no desaparece nunca.<\/p>\n\n\n\n<p class=\"wp-block-paragraph\">Es un coste personal, s\u00ed, pero tambi\u00e9n social. Recursos p\u00fablicos, docentes, hospitales, investigaci\u00f3n, supervisi\u00f3n. Una sociedad que presume de&nbsp;<strong>un sistema sanitario s\u00f3lido deber\u00eda proteger esa inversi\u00f3n, no agotarla ni darla por hecha.<\/strong><\/p>\n\n\n\n<p class=\"wp-block-paragraph\">Y es en el valor de cambio \u2014retribuci\u00f3n, estabilidad, reconocimiento\u2014 donde la contradicci\u00f3n se vuelve m\u00e1s evidente. Un m\u00e9dico puede ver cincuenta pacientes al d\u00eda y, si midi\u00e9ramos la remuneraci\u00f3n por acto, no llegar\u00eda al euro. Sin embargo, por cada uno de esos actos respondemos con p\u00f3lizas de responsabilidad civil profesional que cubren hasta tres millones de euros.&nbsp;<strong>Esa es la brecha: responsabilidad inmensa, reconocimiento escaso.<\/strong><\/p>\n\n\n\n<p class=\"wp-block-paragraph\">A esto se suma<strong>&nbsp;una precariedad laboral muy superior a la de otros pa\u00edses europeos<\/strong>, un modelo retributivo obsoleto y una falta cr\u00f3nica de tiempo para la formaci\u00f3n continuada. Y, como si fuera poco, el crecimiento de las agresiones \u2014f\u00edsicas, verbales y tambi\u00e9n administrativas\u2014 que evidencia que algo profundo se est\u00e1 rompiendo.<\/p>\n\n\n\n<p class=\"wp-block-paragraph\"><strong>\u00bfQu\u00e9 significa para un m\u00e9dico llegar a la huelga?<\/strong>&nbsp;Significa haber agotado todas las alternativas. Significa que un profesional que ha dedicado su vida a aliviar el sufrimiento humano se ve obligado a interrumpir parte de su actividad para proteger precisamente aquello que da sentido a su vocaci\u00f3n: la calidad asistencial, la dignidad profesional y la seguridad de los pacientes.<\/p>\n\n\n\n<p class=\"wp-block-paragraph\">Para un m\u00e9dico, ir a la huelga no es un acto de comodidad ni de confrontaci\u00f3n. Es un estado de \u00faltima desesperanza, una decisi\u00f3n que se toma con un nudo en el est\u00f3mago y una carga moral enorme. Nadie que haya jurado proteger la vida humana se siente c\u00f3modo dejando de atender durante unas horas. Lo hacemos porque sabemos que,&nbsp;<strong>si no se corrigen los problemas estructurales, ma\u00f1ana podremos atender peor que hoy. Y eso es inaceptable.<\/strong><\/p>\n\n\n\n<hr class=\"wp-block-separator has-alpha-channel-opacity\"\/>\n\n\n\n<figure class=\"wp-block-table\"><table class=\"has-fixed-layout\"><tbody><tr><td class=\"has-text-align-center\" data-align=\"center\">\u00abLos m\u00e9dicos no somos un eslab\u00f3n m\u00e1s intercambiable dentro del sistema; no por soberbia ni por privilegio, sino porque sobre nosotros recae, de forma directa y \u00faltima, la responsabilidad cl\u00ednica, diagn\u00f3stica y terap\u00e9utica\u00bb<\/td><\/tr><\/tbody><\/table><\/figure>\n\n\n\n<hr class=\"wp-block-separator has-alpha-channel-opacity\"\/>\n\n\n\n<p class=\"wp-block-paragraph\">En pleno siglo XXI, quien no entienda que la atenci\u00f3n al paciente debe ser multidisciplinar no ha entendido nada. Pero quien no comprenda que esa acci\u00f3n multidisciplinar debe estar liderada por el m\u00e9dico, tampoco. Y es precisamente aqu\u00ed donde muchos m\u00e9dicos estamos profundamente cansados. Cansados del incesante empe\u00f1o por alcanzar atribuciones sin tener las competencias necesarias para ejercerlas. Cansados de la confusi\u00f3n deliberada entre colaboraci\u00f3n profesional y sustituci\u00f3n irresponsable. Y cansados, tambi\u00e9n, de que se nos diluya en un&nbsp;<strong>concepto gen\u00e9rico de \u201ctrabajadores sanitarios\u201d que borra la especificidad, la responsabilidad y la exigencia extrema que conlleva ser m\u00e9dico.<\/strong><\/p>\n\n\n\n<p class=\"wp-block-paragraph\">Los m\u00e9dicos no somos un eslab\u00f3n m\u00e1s intercambiable dentro del sistema. No por soberbia ni por privilegio, sino porque sobre nosotros recae, de forma directa y \u00faltima, la responsabilidad cl\u00ednica, diagn\u00f3stica y terap\u00e9utica. La decisi\u00f3n que no admite error.<strong>&nbsp;La firma que responde ante la vida, ante el paciente y ante la sociedad.<\/strong>&nbsp;Confundir competencias no es modernizar el sistema: es poner en riesgo la seguridad cl\u00ednica.<\/p>\n\n\n\n<p class=\"wp-block-paragraph\">La colaboraci\u00f3n entre profesionales es imprescindible. La usurpaci\u00f3n de funciones, no. Y la dignidad profesional empieza por llamar a cada cosa por su nombre: somos m\u00e9dicos.&nbsp;<strong>Y ejercer la medicina implica una formaci\u00f3n, unas competencias y una responsabilidad que no se improvisan ni se delegan.<\/strong><\/p>\n\n\n\n<p class=\"wp-block-paragraph\">Por eso reclamamos un estatuto marco que reconozca las particularidades y la especificidad del ejercicio profesional m\u00e9dico, que ordene con claridad nuestras funciones y responsabilidades y que garantice un marco estable para desarrollar una labor que, en&nbsp;<strong>cada decisi\u00f3n cr\u00edtica, implica la vida y la dignidad de las personas.<\/strong>&nbsp;Y esto no es una ventaja corporativista. Muy al contrario, responde a una responsabilidad que se deriva de nuestro conocimiento y nuestras competencias y que tiene un \u00fanico objetivo: la seguridad cl\u00ednica.<\/p>\n\n\n\n<p class=\"wp-block-paragraph\"><strong>Pedimos a los responsables pol\u00edticos una mirada larga, no electoral.<\/strong>&nbsp;Les pedimos que cuiden a quienes cuidan. Que fortalezcan el sistema en su conjunto \u2014hospitales, atenci\u00f3n primaria, salud p\u00fablica\u2014 y devuelvan dignidad a los profesionales.<\/p>\n\n\n\n<p class=\"wp-block-paragraph\">Pero, llegado a este punto, sigo reconociendo aquello que dije hace a\u00f1os y que hoy cobra m\u00e1s sentido que nunca: algo hemos hecho mal. Algo no hemos sabido explicar. La sociedad no ha comprendido del todo que nuestra \u00fanica vocaci\u00f3n \u2014la que nos llev\u00f3 a muchos con apenas 18 a\u00f1os a elegir este camino\u2014 es ayudar a los dem\u00e1s hasta el l\u00edmite de nuestros conocimientos y de nuestras competencias.&nbsp;<strong>Todo lo que somos, todo lo que aprendemos, toda nuestra formaci\u00f3n y todo nuestro esfuerzo est\u00e1n puestos al servicio de una sola idea: que cada enfermo est\u00e9 seguro en nuestras manos.<\/strong><\/p>\n\n\n\n<p class=\"wp-block-paragraph\">Porque ser m\u00e9dico no es solo una profesi\u00f3n. Es un compromiso que atraviesa toda una vida. Un compromiso con el conocimiento, con la prudencia, con la compasi\u00f3n y con la responsabilidad \u00faltima sobre el ser humano vulnerable que conf\u00eda en nosotros.<strong>&nbsp;Como escribi\u00f3 Hip\u00f3crates hace m\u00e1s de dos mil a\u00f1os: \u00abDonde hay amor por la humanidad, hay amor por el arte de la medicina\u00bb<\/strong>. Y ese amor \u2014exigente, responsable y profundamente humano\u2014 es el que hoy nos obliga a alzar la voz, no para defender privilegios, sino para proteger a los pacientes y la esencia misma de la medicina.<\/p>\n","protected":false},"excerpt":{"rendered":"<p>Tom\u00e1s CoboPresidente de la Organizaci\u00f3n M\u00e9dica Colegial (OMC) Hace mucho tiempo escrib\u00ed que&nbsp;los m\u00e9dicos, de alg\u00fan modo, algo hemos hecho mal al explicar a la sociedad en qu\u00e9 consiste realmente nuestra profesi\u00f3n. No hemos sabido transmitir con claridad ese fin\u00edsimo hilo que separa la vida de la muerte ni los instantes \u2014a veces de apenas&#8230;<\/p>\n","protected":false},"author":1,"featured_media":1961,"comment_status":"closed","ping_status":"open","sticky":false,"template":"","format":"standard","meta":{"_kadence_starter_templates_imported_post":false,"_kad_post_transparent":"","_kad_post_title":"","_kad_post_layout":"","_kad_post_sidebar_id":"","_kad_post_content_style":"","_kad_post_vertical_padding":"","_kad_post_feature":"","_kad_post_feature_position":"","_kad_post_header":false,"_kad_post_footer":false,"_kad_post_classname":"","_jetpack_newsletter_access":"","_jetpack_dont_email_post_to_subs":false,"_jetpack_newsletter_tier_id":0,"_jetpack_memberships_contains_paywalled_content":false,"_jetpack_memberships_contains_paid_content":false,"footnotes":""},"categories":[1],"tags":[],"class_list":["post-1960","post","type-post","status-publish","format-standard","has-post-thumbnail","hentry","category-uncategorized"],"jetpack_sharing_enabled":true,"jetpack_featured_media_url":"https:\/\/expertosenetica.com\/wp-content\/uploads\/2025\/12\/tomas-cobo-primer-medico-presidente-de-la-union-profesional-7779_620x368.webp","post_mailing_queue_ids":[],"_links":{"self":[{"href":"https:\/\/expertosenetica.com\/index.php\/wp-json\/wp\/v2\/posts\/1960","targetHints":{"allow":["GET"]}}],"collection":[{"href":"https:\/\/expertosenetica.com\/index.php\/wp-json\/wp\/v2\/posts"}],"about":[{"href":"https:\/\/expertosenetica.com\/index.php\/wp-json\/wp\/v2\/types\/post"}],"author":[{"embeddable":true,"href":"https:\/\/expertosenetica.com\/index.php\/wp-json\/wp\/v2\/users\/1"}],"replies":[{"embeddable":true,"href":"https:\/\/expertosenetica.com\/index.php\/wp-json\/wp\/v2\/comments?post=1960"}],"version-history":[{"count":1,"href":"https:\/\/expertosenetica.com\/index.php\/wp-json\/wp\/v2\/posts\/1960\/revisions"}],"predecessor-version":[{"id":1962,"href":"https:\/\/expertosenetica.com\/index.php\/wp-json\/wp\/v2\/posts\/1960\/revisions\/1962"}],"wp:featuredmedia":[{"embeddable":true,"href":"https:\/\/expertosenetica.com\/index.php\/wp-json\/wp\/v2\/media\/1961"}],"wp:attachment":[{"href":"https:\/\/expertosenetica.com\/index.php\/wp-json\/wp\/v2\/media?parent=1960"}],"wp:term":[{"taxonomy":"category","embeddable":true,"href":"https:\/\/expertosenetica.com\/index.php\/wp-json\/wp\/v2\/categories?post=1960"},{"taxonomy":"post_tag","embeddable":true,"href":"https:\/\/expertosenetica.com\/index.php\/wp-json\/wp\/v2\/tags?post=1960"}],"curies":[{"name":"wp","href":"https:\/\/api.w.org\/{rel}","templated":true}]}}