{"id":1994,"date":"2026-05-07T19:28:21","date_gmt":"2026-05-07T18:28:21","guid":{"rendered":"https:\/\/expertosenetica.com\/?p=1994"},"modified":"2026-05-07T19:28:21","modified_gmt":"2026-05-07T18:28:21","slug":"comunicado-de-secpal-sobre-la-necesidad-de-una-leyestatal-de-cuidados-paliativos","status":"publish","type":"post","link":"https:\/\/expertosenetica.com\/index.php\/2026\/05\/07\/comunicado-de-secpal-sobre-la-necesidad-de-una-leyestatal-de-cuidados-paliativos\/","title":{"rendered":"Comunicado de SECPAL sobre la necesidad de una leyestatal de cuidados paliativos"},"content":{"rendered":"\n<p class=\"wp-block-paragraph\">Madrid, 7 de abril de 2026.- Ante el debate generado en los \u00faltimos d\u00edas a ra\u00edz de las<br>declaraciones p\u00fablicas de distintos representantes pol\u00edticos en relaci\u00f3n con la situaci\u00f3n de<br>los cuidados paliativos en Espa\u00f1a y la necesidad de una ley estatal que los regule, desde la<br>Sociedad Espa\u00f1ola de Cuidados Paliativos (SECPAL) consideramos necesario realizar las<br>siguientes aclaraciones:<\/p>\n\n\n\n<p class=\"wp-block-paragraph\">En primer lugar, creemos conveniente se\u00f1alar que es err\u00f3neo e inadecuado plantear una ley<br>de cuidados paliativos como contraposici\u00f3n a la ley de eutanasia, argumentando la necesidad<br>de una norma estatal para evitar \u201cque la opci\u00f3n de morirse\u00bb sea \u201cla \u00fanica\u201d. Desde SECPAL<br>hemos insistido en m\u00faltiples ocasiones en que no es apropiado situar la atenci\u00f3n paliativa y<br>la eutanasia en el mismo plano conceptual ni presentarlas como un dilema en el que ambas<br>opciones son comparables, contrarias o excluyentes entre s\u00ed.<\/p>\n\n\n\n<p class=\"wp-block-paragraph\">Si bien siempre hemos defendido que lo adecuado y oportuno habr\u00eda sido garantizar<br>previamente el acceso universal a los cuidados paliativos para dar respuesta a las<br>necesidades de la inmensa mayor\u00eda de la poblaci\u00f3n, plantearlos como alternativa opuesta a<br>la eutanasia genera confusi\u00f3n y puede aumentar la desprotecci\u00f3n de los pacientes y<br>sus familias.<\/p>\n\n\n\n<p class=\"wp-block-paragraph\">Dicho esto, reiteramos que no existir\u00e1 nunca el libre derecho a decidir ni se dignificar\u00e1 el<br>proceso de morir mientras las personas que sufren al final de su vida no tengan garantizado<br>un acompa\u00f1amiento integral y de calidad que alivie su dolor f\u00edsico, emocional, social y<br>espiritual, siendo los cuidados paliativos un derecho reconocido, pero no una realidad<br>para todos los ciudadanos que los necesitan en nuestro pa\u00eds.<\/p>\n\n\n\n<p class=\"wp-block-paragraph\">Por ello, como sociedad cient\u00edfica, entre nuestros objetivos principales destaca el de lograr<br>un adecuado desarrollo de los cuidados paliativos en Espa\u00f1a, su completo engarce en el<br>sistema sanitario y la homogeneizaci\u00f3n de la prestaci\u00f3n de servicios entre las diferentes<br>comunidades aut\u00f3nomas.<\/p>\n\n\n\n<p class=\"wp-block-paragraph\">Sin embargo, la situaci\u00f3n real en nuestro pa\u00eds dista mucho de ser ideal. A menudo la atenci\u00f3n<br>paliativa llega tarde (cuando llega), su integraci\u00f3n en el sistema sanitario no es completa y<br>existe una gran heterogeneidad entre CCAA, incluso a veces dentro de un mismo<br>territorio.<\/p>\n\n\n\n<p class=\"wp-block-paragraph\">En los \u00faltimos a\u00f1os, el desarrollo de los cuidados paliativos en Espa\u00f1a ha sido lento,<br>incompleto y ha generado numerosas desigualdades entre los ciudadanos. Existen<br>comunidades aut\u00f3nomas con mejores recursos y otras con carencias muy significativas, lo<br>que se traduce en inequidades, especialmente acusadas en algunos casos, en el acceso a<br>esta prestaci\u00f3n esencial para garantizar una atenci\u00f3n adecuada ante la enfermedad<br>avanzada y los procesos de final de vida.<\/p>\n\n\n\n<p class=\"wp-block-paragraph\">En una sociedad como la actual, donde la inmensa mayor\u00eda de la poblaci\u00f3n morir\u00e1 como<br>consecuencia de enfermedades progresivas e incurables, es necesario y urgente apostar por<br>un desarrollo adecuado de los cuidados paliativos, y creemos que una ley estatal podr\u00eda<br>ser \u00fatil para homogeneizar su implantaci\u00f3n.<\/p>\n\n\n\n<p class=\"wp-block-paragraph\">Aunque en redes sociales se est\u00e1 difundiendo err\u00f3neamente la existencia de dicha norma,<br>actualmente no existe una ley nacional de cuidados paliativos en Espa\u00f1a. En estos<br>momentos, 11 comunidades aut\u00f3nomas disponen de legislaci\u00f3n espec\u00edfica sobre la materia:<br>Andaluc\u00eda (2010), Arag\u00f3n (2011), Navarra (2011), Canarias (2015), Baleares (2015), Galicia<br>(2015), Pa\u00eds Vasco (2016), Comunidad de Madrid (2017), Asturias (2018), Comunidad<br>Valenciana (2018) y La Rioja (2025). Adem\u00e1s, contamos con una Estrategia Nacional de<br>Cuidados Paliativos cuya aplicaci\u00f3n no ha sido suficiente para evitar que las desigualdades<br>y diferencias en el acceso a esta prestaci\u00f3n persistan.<\/p>\n\n\n\n<p class=\"wp-block-paragraph\">La realidad es clara a este respecto: miles de personas en Espa\u00f1a no tienen acceso a una<br>atenci\u00f3n paliativa adecuada y a tiempo. Como venimos advirtiendo reiteradamente, las<br>diferentes normativas y los planes actualmente vigentes no garantizan en la pr\u00e1ctica los<br>cuidados paliativos integrales a todos los pacientes con enfermedad avanzada,<br>independientemente de su patolog\u00eda.<\/p>\n\n\n\n<p class=\"wp-block-paragraph\">Los datos as\u00ed lo evidencian: menos de la mitad de las personas que necesitan cuidados<br>paliativos espec\u00edficos los reciben. La dotaci\u00f3n de recursos es insuficiente en la mayor\u00eda de los casos y claramente inaceptable en muchos otros, y esta prestaci\u00f3n ni siquiera se<br>contempla en muchas enfermedades incurables y progresivas.<\/p>\n\n\n\n<p class=\"wp-block-paragraph\">En este escenario, la promulgaci\u00f3n de una ley nacional de cuidados paliativos ha sido una<br>reivindicaci\u00f3n hist\u00f3rica de SECPAL para regular y garantizar un derecho que no tiene nada<br>que ver con ideolog\u00edas ni colores pol\u00edticos, una demanda que nuestra sociedad cient\u00edfica ha<br>hecho llegar a todos los partidos, sin que se haya materializado una respuesta efectiva hasta<br>el momento.<\/p>\n\n\n\n<p class=\"wp-block-paragraph\">Pese a todo, estamos convencidos de que todas las fuerzas pol\u00edticas entienden y comparten<br>que los cuidados paliativos constituyen un derecho universal que debe ser garantizado a toda<br>la ciudadan\u00eda, con independencia de su lugar de residencia, situaci\u00f3n socioecon\u00f3mica o<br>condici\u00f3n cl\u00ednica. Aunque puedan existir diferencias entre ellas respecto a las f\u00f3rmulas para<br>desarrollarlos, existe una base com\u00fan sobre la que construir acuerdos.<\/p>\n\n\n\n<p class=\"wp-block-paragraph\">En este sentido, consideramos que resulta fundamental avanzar hacia un consenso amplio<br>que trascienda las posiciones partidistas y permita establecer unos m\u00ednimos<br>compartidos que aseguren la equidad en el acceso, la calidad de la atenci\u00f3n y la dignidad<br>de las personas que afrontan enfermedades avanzadas o el final de su vida.<\/p>\n\n\n\n<p class=\"wp-block-paragraph\">Tal y como recogemos en nuestro Dec\u00e1logo para el desarrollo de los cuidados paliativos en<br>Espa\u00f1a, consideramos que una norma estatal podr\u00eda ser conveniente y oportuna, no solo<br>para reconocer derechos, sino para garantizar su cumplimiento efectivo y armonizar las<br>diferencias existentes entre comunidades aut\u00f3nomas, poniendo fin a las actuales<br>desigualdades territoriales. Dicha ley debe estar convenientemente dotada y contemplar la<br>prestaci\u00f3n de cuidados paliativos en todos los niveles asistenciales, desde la Atenci\u00f3n<br>Primaria \u2014garantizando que los profesionales dispongan de una adecuada formaci\u00f3n y del<br>tiempo necesario para dar respuesta a las necesidades paliativas\u2014 hasta los equipos<br>especializados de cuidados paliativos para situaciones que, por su complejidad, requieren<br>intervenciones espec\u00edficas.<\/p>\n\n\n\n<p class=\"wp-block-paragraph\">Desde SECPAL insistimos en que no es posible hablar de una atenci\u00f3n digna al final de la<br>vida mientras no se garantice que todas las personas puedan decidir d\u00f3nde, c\u00f3mo y junto a<br>qui\u00e9n desean vivir el proceso de morir, y no \u00fanicamente el d\u00eda el que quieren hacerlo. Porque el derecho a morir con dignidad requiere un abordaje integral que atienda en esta etapa todas<br>las dimensiones de la persona: f\u00edsica, psicol\u00f3gica, espiritual y social. Solo as\u00ed podr\u00e1<br>alcanzarse un verdadero \u00abbuen morir\u00bb. En consecuencia, asegurar una muerte digna pasa<br>indiscutiblemente por garantizar el acceso universal a cuidados paliativos.<\/p>\n","protected":false},"excerpt":{"rendered":"<p>Madrid, 7 de abril de 2026.- Ante el debate generado en los \u00faltimos d\u00edas a ra\u00edz de lasdeclaraciones p\u00fablicas de distintos representantes pol\u00edticos en relaci\u00f3n con la situaci\u00f3n delos cuidados paliativos en Espa\u00f1a y la necesidad de una ley estatal que los regule, desde laSociedad Espa\u00f1ola de Cuidados Paliativos (SECPAL) consideramos necesario realizar lassiguientes aclaraciones:&#8230;<\/p>\n","protected":false},"author":1,"featured_media":1995,"comment_status":"closed","ping_status":"open","sticky":false,"template":"","format":"standard","meta":{"_kadence_starter_templates_imported_post":false,"_kad_post_transparent":"","_kad_post_title":"","_kad_post_layout":"","_kad_post_sidebar_id":"","_kad_post_content_style":"","_kad_post_vertical_padding":"","_kad_post_feature":"","_kad_post_feature_position":"","_kad_post_header":false,"_kad_post_footer":false,"_kad_post_classname":"","_jetpack_newsletter_access":"","_jetpack_dont_email_post_to_subs":false,"_jetpack_newsletter_tier_id":0,"_jetpack_memberships_contains_paywalled_content":false,"_jetpack_memberships_contains_paid_content":false,"footnotes":""},"categories":[1],"tags":[],"class_list":["post-1994","post","type-post","status-publish","format-standard","has-post-thumbnail","hentry","category-uncategorized"],"jetpack_sharing_enabled":true,"jetpack_featured_media_url":"https:\/\/expertosenetica.com\/wp-content\/uploads\/2026\/05\/Secpal-Logo-Color.png","post_mailing_queue_ids":[],"_links":{"self":[{"href":"https:\/\/expertosenetica.com\/index.php\/wp-json\/wp\/v2\/posts\/1994","targetHints":{"allow":["GET"]}}],"collection":[{"href":"https:\/\/expertosenetica.com\/index.php\/wp-json\/wp\/v2\/posts"}],"about":[{"href":"https:\/\/expertosenetica.com\/index.php\/wp-json\/wp\/v2\/types\/post"}],"author":[{"embeddable":true,"href":"https:\/\/expertosenetica.com\/index.php\/wp-json\/wp\/v2\/users\/1"}],"replies":[{"embeddable":true,"href":"https:\/\/expertosenetica.com\/index.php\/wp-json\/wp\/v2\/comments?post=1994"}],"version-history":[{"count":1,"href":"https:\/\/expertosenetica.com\/index.php\/wp-json\/wp\/v2\/posts\/1994\/revisions"}],"predecessor-version":[{"id":1996,"href":"https:\/\/expertosenetica.com\/index.php\/wp-json\/wp\/v2\/posts\/1994\/revisions\/1996"}],"wp:featuredmedia":[{"embeddable":true,"href":"https:\/\/expertosenetica.com\/index.php\/wp-json\/wp\/v2\/media\/1995"}],"wp:attachment":[{"href":"https:\/\/expertosenetica.com\/index.php\/wp-json\/wp\/v2\/media?parent=1994"}],"wp:term":[{"taxonomy":"category","embeddable":true,"href":"https:\/\/expertosenetica.com\/index.php\/wp-json\/wp\/v2\/categories?post=1994"},{"taxonomy":"post_tag","embeddable":true,"href":"https:\/\/expertosenetica.com\/index.php\/wp-json\/wp\/v2\/tags?post=1994"}],"curies":[{"name":"wp","href":"https:\/\/api.w.org\/{rel}","templated":true}]}}