{"id":2001,"date":"2026-05-20T13:31:03","date_gmt":"2026-05-20T12:31:03","guid":{"rendered":"https:\/\/expertosenetica.com\/?p=2001"},"modified":"2026-05-20T13:31:03","modified_gmt":"2026-05-20T12:31:03","slug":"humanizar-nuestra-atencion-cuando-mas-importa","status":"publish","type":"post","link":"https:\/\/expertosenetica.com\/index.php\/2026\/05\/20\/humanizar-nuestra-atencion-cuando-mas-importa\/","title":{"rendered":"Humanizar nuestra atenci\u00f3n cuando m\u00e1s importa"},"content":{"rendered":"\n<p class=\"wp-block-paragraph\">(Ref eldebate.com)<\/p>\n\n\n\n<p class=\"wp-block-paragraph\">Cuando nacemos no somos conscientes de lo que comienza a ocurrir; cuando vivimos estamos pendientes de lo que nos agobia cada d\u00eda, nuestras relaciones, nuestro trabajo, nuestro futuro, etc., pero cuando los a\u00f1os pasan o cuando nos anuncian una enfermedad que condicionar\u00e1 nuestra dependencia, nuestra autonom\u00eda o lo que es peor, la enfermedad que aproximar\u00e1 en breve nuestro final, es entonces cuando somos conscientes de que necesitamos el acercamiento humano de las personas, de los profesionales que nos atienden. Es en esa etapa final de la vida cuando comprobamos lo importante que es que humanicen nuestra atenci\u00f3n, cuando queremos comprobar el sentido que hemos dado a nuestra vida, cuando valoramos a la familia, a los amigos, cuando necesitamos que alguien nos ayude a dar respuestas a los interrogantes m\u00e1s profundos de la vida.<\/p>\n\n\n\n<p class=\"wp-block-paragraph\">Esta es una reflexi\u00f3n personal que comparto porque estoy en el tercio final de mi vida por edad y por las limitaciones propias de mis a\u00f1os. Pero en este art\u00edculo deseo compartir, sobre todo, algunas reflexiones que nos puedan ayudar a los que cuidamos y acompa\u00f1amos a personas vulnerables, dependientes, sufrientes, a cuidarles mejor.<\/p>\n\n\n\n<p class=\"wp-block-paragraph\">No tengo ninguna duda de que conocemos muy bien la dimensi\u00f3n objetiva de la enfermedad. Pero \u00bfconocemos a quien la padece?, \u00bfconocemos sus valores? \u00bfsus deseos?, \u00bfsus expectativas? Sobre todo, cuando hemos comprendido que ya no podemos curar sus enfermedades, tenemos que poner m\u00e1s empe\u00f1o en humanizar nuestra atenci\u00f3n por interesarnos por aquello que les preocupa, en acompa\u00f1arlos a su mismo ritmo, en preservar su dignidad desde su concepto de dignidad no desde el nuestro. Preguntar por una foto nueva en su habitaci\u00f3n o por la intervenci\u00f3n quir\u00fargica a la que se iba a someter un familiar y de la que nos hab\u00eda anunciado el d\u00eda anterior, no son preguntas cl\u00ednicas, pero, sin duda, son cuidados humanos terap\u00e9uticos. Escuchar sin prisas, sentados junto a \u00e9l, permitir\u00e1 conocer sus valores, sus deseos de c\u00f3mo quiere ser cuidado. Responder a sus preguntas con respuestas veraces, delicadas y entendibles. Acompa\u00f1ar desde la compasi\u00f3n que le demuestre que nos hacemos cargo de su sufrimiento y que comenzamos a trabajar para alivi\u00e1rselo. Acciones como estas s\u00ed podemos realizar, aunque no podamos curar.<\/p>\n\n\n\n<p class=\"wp-block-paragraph\">Si seguimos pregunt\u00e1ndonos c\u00f3mo humanizar nuestra atenci\u00f3n en los momentos que m\u00e1s importan tendr\u00edamos que tener presente en primer lugar que nuestra ciencia deber\u00e1 estar acompa\u00f1ada de nuestro acercamiento humano. Los profesionales sanitarios, sobre todo en Cuidados Paliativos, que no expresen ninguna emoci\u00f3n en su comportamiento sino solo su destreza t\u00e9cnica, tal vez no puedan ofrecer lo que m\u00e1s necesitan las personas en esos momentos.<\/p>\n\n\n\n<p class=\"wp-block-paragraph\">Tambi\u00e9n debemos preservar su dignidad durante toda nuestra atenci\u00f3n. No hay que esperar al final para hacerlo. S\u00ed, poseemos competencia profesional, sin duda; los avances de la medicina en el diagn\u00f3stico y en el tratamiento de las enfermedades son numerosos, estamos en la era de la salud digital y de la inteligencia artificial, pero el enfermo desea que empleemos nuestra ciencia para curarle o para aliviarle si no le podemos curar, pero nos pide que lo hagamos con nuestro acercamiento humano para aliviar su sufrimiento y preservar su dignidad.<\/p>\n\n\n\n<p class=\"wp-block-paragraph\">Desde la \u00e9tica tambi\u00e9n podemos humanizar nuestra atenci\u00f3n. Buscar el m\u00e1ximo beneficio para el enfermo contin\u00faa siendo el motor b\u00e1sico de la pr\u00e1ctica m\u00e9dica, pero su voluntad determina ahora la direcci\u00f3n correcta y su l\u00edmite. El m\u00e9dico aporta su conocimiento cient\u00edfico, valora la situaci\u00f3n y la concreta en una indicaci\u00f3n o un tratamiento. Y el enfermo aporta su escala de valores, la forma de construir su futuro y su concepto peculiar de salud y de calidad de vida; y esto lo concretar\u00e1 ponderando la indicaci\u00f3n m\u00e9dica, acept\u00e1ndola o rechaz\u00e1ndola. Facilitar la autonom\u00eda compartida ser\u00e1 ofrecer una atenci\u00f3n \u00e9tica prudente y humanizadora.<\/p>\n\n\n\n<p class=\"wp-block-paragraph\">No olvidemos que para humanizar la asistencia a la persona que sufre necesitamos no solo aptitudes, sino tambi\u00e9n actitudes para que la persona se sienta bien atendida. Necesita competencia y sensibilidad para cuidar con eficacia y con empat\u00eda cuando m\u00e1s importa.<\/p>\n","protected":false},"excerpt":{"rendered":"<p>(Ref eldebate.com) Cuando nacemos no somos conscientes de lo que comienza a ocurrir; cuando vivimos estamos pendientes de lo que nos agobia cada d\u00eda, nuestras relaciones, nuestro trabajo, nuestro futuro, etc., pero cuando los a\u00f1os pasan o cuando nos anuncian una enfermedad que condicionar\u00e1 nuestra dependencia, nuestra autonom\u00eda o lo que es peor, la enfermedad&#8230;<\/p>\n","protected":false},"author":1,"featured_media":2002,"comment_status":"closed","ping_status":"open","sticky":false,"template":"","format":"standard","meta":{"_kadence_starter_templates_imported_post":false,"_kad_post_transparent":"","_kad_post_title":"","_kad_post_layout":"","_kad_post_sidebar_id":"","_kad_post_content_style":"","_kad_post_vertical_padding":"","_kad_post_feature":"","_kad_post_feature_position":"","_kad_post_header":false,"_kad_post_footer":false,"_kad_post_classname":"","_jetpack_newsletter_access":"","_jetpack_dont_email_post_to_subs":false,"_jetpack_newsletter_tier_id":0,"_jetpack_memberships_contains_paywalled_content":false,"_jetpack_memberships_contains_paid_content":false,"footnotes":""},"categories":[1],"tags":[],"class_list":["post-2001","post","type-post","status-publish","format-standard","has-post-thumbnail","hentry","category-uncategorized"],"jetpack_sharing_enabled":true,"jetpack_featured_media_url":"https:\/\/expertosenetica.com\/wp-content\/uploads\/2026\/05\/noun-attention-2526771-EF4134.webp","post_mailing_queue_ids":[],"_links":{"self":[{"href":"https:\/\/expertosenetica.com\/index.php\/wp-json\/wp\/v2\/posts\/2001","targetHints":{"allow":["GET"]}}],"collection":[{"href":"https:\/\/expertosenetica.com\/index.php\/wp-json\/wp\/v2\/posts"}],"about":[{"href":"https:\/\/expertosenetica.com\/index.php\/wp-json\/wp\/v2\/types\/post"}],"author":[{"embeddable":true,"href":"https:\/\/expertosenetica.com\/index.php\/wp-json\/wp\/v2\/users\/1"}],"replies":[{"embeddable":true,"href":"https:\/\/expertosenetica.com\/index.php\/wp-json\/wp\/v2\/comments?post=2001"}],"version-history":[{"count":1,"href":"https:\/\/expertosenetica.com\/index.php\/wp-json\/wp\/v2\/posts\/2001\/revisions"}],"predecessor-version":[{"id":2003,"href":"https:\/\/expertosenetica.com\/index.php\/wp-json\/wp\/v2\/posts\/2001\/revisions\/2003"}],"wp:featuredmedia":[{"embeddable":true,"href":"https:\/\/expertosenetica.com\/index.php\/wp-json\/wp\/v2\/media\/2002"}],"wp:attachment":[{"href":"https:\/\/expertosenetica.com\/index.php\/wp-json\/wp\/v2\/media?parent=2001"}],"wp:term":[{"taxonomy":"category","embeddable":true,"href":"https:\/\/expertosenetica.com\/index.php\/wp-json\/wp\/v2\/categories?post=2001"},{"taxonomy":"post_tag","embeddable":true,"href":"https:\/\/expertosenetica.com\/index.php\/wp-json\/wp\/v2\/tags?post=2001"}],"curies":[{"name":"wp","href":"https:\/\/api.w.org\/{rel}","templated":true}]}}