{"id":206,"date":"2016-04-20T10:44:48","date_gmt":"2016-04-20T10:44:48","guid":{"rendered":"https:\/\/expertosenetica.com\/?p=206"},"modified":"2016-04-20T10:44:48","modified_gmt":"2016-04-20T10:44:48","slug":"dr-ismael-herruzo-el-metodo-deliberativo-en-la-resolucion-de-los-dilemas-eticos-en-medicina","status":"publish","type":"post","link":"https:\/\/expertosenetica.com\/index.php\/2016\/04\/20\/dr-ismael-herruzo-el-metodo-deliberativo-en-la-resolucion-de-los-dilemas-eticos-en-medicina\/","title":{"rendered":"Dr. Ismael Herruzo: \u00abEl m\u00e9todo deliberativo en la resoluci\u00f3n de los dilemas \u00e9ticos\u00bb en Medicina"},"content":{"rendered":"<figure id=\"attachment_207\" aria-describedby=\"caption-attachment-207\" style=\"width: 311px\" class=\"wp-caption alignleft\"><a href=\"https:\/\/expertosenetica.com\/wp-content\/uploads\/2016\/04\/FOTO-1-DR.-HERRUZO.jpg\" rel=\"attachment wp-att-207\"><img loading=\"lazy\" decoding=\"async\" class=\" wp-image-207\" src=\"https:\/\/expertosenetica.com\/wp-content\/uploads\/2016\/04\/FOTO-1-DR.-HERRUZO-300x225.jpg\" alt=\"El Dr. Herruzo durante su intervenci\u00f3n\" width=\"311\" height=\"233\" srcset=\"https:\/\/expertosenetica.com\/wp-content\/uploads\/2016\/04\/FOTO-1-DR.-HERRUZO-300x225.jpg 300w, https:\/\/expertosenetica.com\/wp-content\/uploads\/2016\/04\/FOTO-1-DR.-HERRUZO-1024x768.jpg 1024w, https:\/\/expertosenetica.com\/wp-content\/uploads\/2016\/04\/FOTO-1-DR.-HERRUZO-768x576.jpg 768w, https:\/\/expertosenetica.com\/wp-content\/uploads\/2016\/04\/FOTO-1-DR.-HERRUZO-1536x1152.jpg 1536w, https:\/\/expertosenetica.com\/wp-content\/uploads\/2016\/04\/FOTO-1-DR.-HERRUZO.jpg 1600w\" sizes=\"auto, (max-width: 311px) 100vw, 311px\" \/><\/a><figcaption id=\"caption-attachment-207\" class=\"wp-caption-text\">El Dr. Herruzo durante su intervenci\u00f3n<\/figcaption><\/figure>\n<p>El pasado 7 de abril, tuvimos el privilegio de escuchar al Dr. Ismael Herruzo, Jefe de Servicio de Oncolog\u00eda Radioter\u00e1pica del Hospital Regional Universitario de M\u00e1laga y Profesor en la Facultad de Medicina de la Universidad de M\u00e1laga.<\/p>\n<p>Su intervenci\u00f3n vers\u00f3 sobre \u201c<strong>EL METODO DELIBERATIVO EN LA RESOLUCION DE DILEMAS ETICOS\u201d <\/strong>en Medicina.<\/p>\n<p>El hilo conductor de su exposici\u00f3n fue el an\u00e1lisis del m\u00e9todo deliberativo como instrumento para la resoluci\u00f3n de casos, especialmente en el seno de comit\u00e9s de \u00e9tica hospitalarios.<\/p>\n<p>El m\u00e9todo deliberativo es principialista, basa sus premisas en el abordaje de \u201cdilemas\u201d en que entran en juego los principios \u00e9ticos b\u00e1sicos en bio\u00e9tica. Este tipo de conflictos se suelen examinar en dos niveles distintos:<\/p>\n<p>El <strong>nivel p\u00fablico, integrado <\/strong>por los principios de <strong>no-maleficencia <\/strong>y <strong>justicia<\/strong>, propios de una \u201c\u00e9tica de m\u00ednimos\u201d y es exigible coercitivamente.<\/p>\n<p>El <strong>nivel privado <\/strong>compuesto por los principios de <strong>autonom\u00eda <\/strong>y <strong>beneficencia<\/strong>, propios de una \u201c\u00e9tica de m\u00e1ximos\u201d, y que variar\u00e1n en funci\u00f3n del sistema moral de cada individuo.<\/p>\n<p>Fue el fil\u00f3sofo R. Dworkin quien propuso la aplicaci\u00f3n del m\u00e9todo deliberativo (en principio, empleado en el debate pol\u00edtico y social) a la bio\u00e9tica. \u00ab<em>La \u00e9tica en general, y la bio\u00e9tica muy en particular <\/em>\u2013dice Dworkin-<em>, tienen y no pueden no tener por m\u00e9todo la deliberaci\u00f3n. La bio\u00e9tica es deliberativa. O mejor a\u00fan, la bio\u00e9tica es, debe de ser, tiene que ser una escuela de deliberaci\u00f3n<\/em>\u00bb.<\/p>\n<p>Por su parte, el profesor D. Gracia considera que la <strong>deliberaci\u00f3n<\/strong>, busca analizar los problemas en toda su complejidad, ponderando tanto los principios y valores implicados como las circunstancias y consecuencias del caso; y tratando de identificar todos o, al menos, la mayor\u00eda de los <strong>cursos de acci\u00f3n posibles, entre los cursos extremos<\/strong>, para proponer un <strong>curso \u00f3ptimo <\/strong>de acci\u00f3n, que \u00a0no est\u00e1 en los extremos, sino en el medio o cercano a \u00e9l, siguiendo el concepto aristot\u00e9lico de virtud o prudencia, como punto medio entre extremos.<\/p>\n<p><strong>La deliberaci\u00f3n<\/strong> es un m\u00e9todo, un procedimiento que opera en distintas fases cuando se afronta la discusi\u00f3n de los casos:<\/p>\n<ol>\n<li>Presentaci\u00f3n del caso por la persona responsable de tomar la decisi\u00f3n.<\/li>\n<li>Discusi\u00f3n de los aspectos cl\u00ednicos de la historia.<\/li>\n<li>Identificaci\u00f3n de los problemas morales que presenta.<\/li>\n<li>Elecci\u00f3n por la persona responsable del caso del problema central que a \u00e9l le preocupa y quiere que se analice.<\/li>\n<li>Identificaci\u00f3n de los valores en conflicto.<\/li>\n<li>Identificaci\u00f3n de los cursos extremos de acci\u00f3n.<\/li>\n<li>B\u00fasqueda de los cursos intermedios.<\/li>\n<li>An\u00e1lisis del curso de acci\u00f3n \u00f3ptimo.<\/li>\n<li>Decisi\u00f3n final.<\/li>\n<li>Comprobaci\u00f3n de la consistencia de la decisi\u00f3n tomada, someti\u00e9ndola a:<\/li>\n<li>\u201cDecisi\u00f3n final del responsable del caso cl\u00ednico\u201d, que consulto al comit\u00e9.<\/li>\n<\/ol>\n<p>El Dr. Herruzo dedic\u00f3 la a segunda parte de su intervenci\u00f3n al an\u00e1lisis del funcionamiento del m\u00e9todo deliberativo en 5 \u00abescenarios\u00bb que plantean muchos pacientes que se encuentran en la fase terminal de su enfermedad: la eutanasia, la limitaci\u00f3n del esfuerzo terap\u00e9utico, los posibles rehazos de tratamientos; la sedaci\u00f3n paliativa y la suspensi\u00f3n de determinados cuidados b\u00e1sicos, como la alimentaci\u00f3n y la hidrataci\u00f3n.<\/p>\n<p>&nbsp;<\/p>\n","protected":false},"excerpt":{"rendered":"<p>El pasado 7 de abril, tuvimos el privilegio de escuchar al Dr. Ismael Herruzo, Jefe de Servicio de Oncolog\u00eda Radioter\u00e1pica del Hospital Regional Universitario de M\u00e1laga y Profesor en la Facultad de Medicina de la Universidad de M\u00e1laga. Su intervenci\u00f3n vers\u00f3 sobre \u201cEL METODO DELIBERATIVO EN LA RESOLUCION DE DILEMAS ETICOS\u201d en Medicina. El hilo&#8230;<\/p>\n","protected":false},"author":1,"featured_media":0,"comment_status":"closed","ping_status":"open","sticky":false,"template":"","format":"standard","meta":{"_kadence_starter_templates_imported_post":false,"_kad_post_transparent":"","_kad_post_title":"","_kad_post_layout":"","_kad_post_sidebar_id":"","_kad_post_content_style":"","_kad_post_vertical_padding":"","_kad_post_feature":"","_kad_post_feature_position":"","_kad_post_header":false,"_kad_post_footer":false,"_kad_post_classname":"","_jetpack_newsletter_access":"","_jetpack_dont_email_post_to_subs":false,"_jetpack_newsletter_tier_id":0,"_jetpack_memberships_contains_paywalled_content":false,"_jetpack_memberships_contains_paid_content":false,"footnotes":""},"categories":[9],"tags":[],"class_list":["post-206","post","type-post","status-publish","format-standard","hentry","category-etica-medica"],"jetpack_sharing_enabled":true,"jetpack_featured_media_url":"","post_mailing_queue_ids":[],"_links":{"self":[{"href":"https:\/\/expertosenetica.com\/index.php\/wp-json\/wp\/v2\/posts\/206","targetHints":{"allow":["GET"]}}],"collection":[{"href":"https:\/\/expertosenetica.com\/index.php\/wp-json\/wp\/v2\/posts"}],"about":[{"href":"https:\/\/expertosenetica.com\/index.php\/wp-json\/wp\/v2\/types\/post"}],"author":[{"embeddable":true,"href":"https:\/\/expertosenetica.com\/index.php\/wp-json\/wp\/v2\/users\/1"}],"replies":[{"embeddable":true,"href":"https:\/\/expertosenetica.com\/index.php\/wp-json\/wp\/v2\/comments?post=206"}],"version-history":[{"count":0,"href":"https:\/\/expertosenetica.com\/index.php\/wp-json\/wp\/v2\/posts\/206\/revisions"}],"wp:attachment":[{"href":"https:\/\/expertosenetica.com\/index.php\/wp-json\/wp\/v2\/media?parent=206"}],"wp:term":[{"taxonomy":"category","embeddable":true,"href":"https:\/\/expertosenetica.com\/index.php\/wp-json\/wp\/v2\/categories?post=206"},{"taxonomy":"post_tag","embeddable":true,"href":"https:\/\/expertosenetica.com\/index.php\/wp-json\/wp\/v2\/tags?post=206"}],"curies":[{"name":"wp","href":"https:\/\/api.w.org\/{rel}","templated":true}]}}