{"id":212,"date":"2016-05-03T17:06:21","date_gmt":"2016-05-03T17:06:21","guid":{"rendered":"https:\/\/expertosenetica.com\/?p=212"},"modified":"2016-05-03T17:06:21","modified_gmt":"2016-05-03T17:06:21","slug":"dr-j-a-trujillo-la-medicina-se-desangra-la-economia-ha-conseguido-que-los-medicos-no-nos-ocupemos-de-la-medicina","status":"publish","type":"post","link":"https:\/\/expertosenetica.com\/index.php\/2016\/05\/03\/dr-j-a-trujillo-la-medicina-se-desangra-la-economia-ha-conseguido-que-los-medicos-no-nos-ocupemos-de-la-medicina\/","title":{"rendered":"Dr. J.A. Trujillo: La medicina se desangra. La econom\u00eda ha conseguido que los m\u00e9dicos no nos ocupemos de la medicina."},"content":{"rendered":"<figure id=\"attachment_225\" aria-describedby=\"caption-attachment-225\" style=\"width: 1573px\" class=\"wp-caption alignleft\"><a href=\"https:\/\/expertosenetica.com\/wp-content\/uploads\/2016\/05\/IMG-20160428-WA0002.jpg\" rel=\"attachment wp-att-225\"><img loading=\"lazy\" decoding=\"async\" class=\"size-full wp-image-225\" src=\"https:\/\/expertosenetica.com\/wp-content\/uploads\/2016\/05\/IMG-20160428-WA0002.jpg\" alt=\"Los Dres. Trujillo y Fern\u00e1ndez Crehuet, junto cn Jose Antonio D\u00edez al finalizar la conferencia\" width=\"1573\" height=\"1573\" srcset=\"https:\/\/expertosenetica.com\/wp-content\/uploads\/2016\/05\/IMG-20160428-WA0002.jpg 1573w, https:\/\/expertosenetica.com\/wp-content\/uploads\/2016\/05\/IMG-20160428-WA0002-300x300.jpg 300w, https:\/\/expertosenetica.com\/wp-content\/uploads\/2016\/05\/IMG-20160428-WA0002-1024x1024.jpg 1024w, https:\/\/expertosenetica.com\/wp-content\/uploads\/2016\/05\/IMG-20160428-WA0002-150x150.jpg 150w, https:\/\/expertosenetica.com\/wp-content\/uploads\/2016\/05\/IMG-20160428-WA0002-768x768.jpg 768w, https:\/\/expertosenetica.com\/wp-content\/uploads\/2016\/05\/IMG-20160428-WA0002-1536x1536.jpg 1536w\" sizes=\"auto, (max-width: 1573px) 100vw, 1573px\" \/><\/a><figcaption id=\"caption-attachment-225\" class=\"wp-caption-text\">Los Dres. Trujillo y Fern\u00e1ndez Crehuet, junto cn Jose Antonio D\u00edez al finalizar la conferencia<\/figcaption><\/figure>\n<p>El pasado d\u00eda 5, se celebr\u00f3 la \u00faltima de las sesiones acad\u00e9micas ordinarias del Curso de Expertos en \u00c9tica M\u00e9dica. Esta conferencia final no pudo contar con mejor ponente: el Dr. Jos\u00e9 Antonio Trujillo, m\u00e9dico de familia, novelista y, ex Director m\u00e9dico del Hospital Carlos Haya, entre 2002 y 2010.<\/p>\n<p>Su intervenci\u00f3n const\u00f3 de tres partes. En la primera desarroll\u00f3 el tema<a href=\"http:\/\/www.amazon.com\/Medicina-Humanismo-Spanish-Antonio-Trujillo-ebook\/dp\/B00BBOHEZ8\"> \u201cLa medicina basada en el humanismo\u201d<\/a>; posteriormente hizo una breve s\u00edntesis del libro del mismo t\u00edtulo que acaba de publicar . Para finalizar, hubo un animado debate sobre las cuestiones m\u00e9dicas m\u00e1s candentes en que se manifiesta esa necesidad de un mayor empe\u00f1o y formaci\u00f3n human\u00edstica en el ejercicio del quehacer m\u00e9dico.<\/p>\n<p>Para el Dr. Trujillo: \u201cLa civilizaci\u00f3n occidental nos ha regalado el humanismo, ese ideal de integralidad objetiva e integridad subjetiva, de superabundancia enriquecedora de s\u00ed mismo y de los dem\u00e1s, y no quiere perder su oportunidad en estos momentos de desorientaci\u00f3n generalizada.<br \/>\nLa Medicina basada en el Humanismo es la Medicina con alma. Petronio nos dej\u00f3 escrito: \u00abMedicus enim nihil aliud est quam animi consolatio\u00bb (El m\u00e9dico no es otra cosa que el consuelo del alma).<br \/>\nSer m\u00e9dico humanista es una forma de estar en sociedad. No es un a\u00f1adido circunstancial. Es una opci\u00f3n personal y profesional de mostrarse a las personas que acuden a \u00e9l. No es cosm\u00e9tica con color de cultura y aroma de esnobismo. Es compromiso con las personas y apuesta radical por una forma de entender al hombre y la vida. El m\u00e9dico humanista no percibe el legado recibido como bisuter\u00eda intelectual sino como carga que debe cuidar y transmitir. Apostar por el humanismo es apostar por una forma de vida que se construye desde los valores y con la intenci\u00f3n de que nuestras vidas dejen poso en la historia\u201d.<\/p>\n<p>Como s\u00edntesis pr\u00e1ctica de los presupuestos humanistas que deben alimentar a la medicina, propuso un <strong>Dec\u00e1logo del M\u00e9dico humanista:<\/strong><\/p>\n<p>I. Respetar la vida humana, velar por la dignidad de la persona y cuidar la salud del individuo y la comunidad, son sus deberes primordiales.<\/p>\n<p>II. Su primera obligaci\u00f3n moral es la de ser competente cient\u00edficamente en el arte de la Medicina.<br \/>\nIII. La libertad, la dignidad, la justicia y la bondad ser\u00e1n los principios \u00e9ticos que informen su labor diaria.<br \/>\nIV. Al modo humano de enfermar se le exigir\u00e1 un trato tambi\u00e9n humano con los pacientes.<br \/>\nV. Deber\u00e1 poseer ideas, valores y modos de expresi\u00f3n provenientes del Humanismo. Tendr\u00e1 predilecci\u00f3n por el uso y cuidado de las palabras.<br \/>\nVI. Se relacionar\u00e1 con el paciente con respeto, con af\u00e1n de empatizar con \u00e9l y le mostrar\u00e1 un nuevo marco de encuentro de mayor igualdad, donde puedan tomarse decisiones de forma compartida.<br \/>\nVII. Deber\u00e1 ser consciente de sus deberes con la comunidad, y apostar\u00e1 por la salud p\u00fablica y la sostenibilidad de los sistemas sanitarios.<br \/>\nVIII. Tratar\u00e1 a sus colegas con la debida deferencia, respeto y lealtad, sea cual fuere la relaci\u00f3n jer\u00e1rquica que exista entre ellos, a la vez que compartir\u00e1 su saber de una forma generosa.<br \/>\nIX. Reconocer\u00e1 en la Salud 3.0 una nueva oportunidad de encuentro con los nuevos e-pacientes y e-profesionales, y fomentar\u00e1 el uso de sus herramientas tecnol\u00f3gicas con la intenci\u00f3n de crecer compartiendo.<br \/>\nX. Tendr\u00e1 el derecho a objetar cient\u00edficamente o en conciencia a las demandas irracionales o antihumanas de sus pacientes u otros profesionales de la salud u organismos sanitarios.<\/p>\n<p>&nbsp;<\/p>\n<p>&nbsp;<\/p>\n","protected":false},"excerpt":{"rendered":"<p>El pasado d\u00eda 5, se celebr\u00f3 la \u00faltima de las sesiones acad\u00e9micas ordinarias del Curso de Expertos en \u00c9tica M\u00e9dica. Esta conferencia final no pudo contar con mejor ponente: el Dr. Jos\u00e9 Antonio Trujillo, m\u00e9dico de familia, novelista y, ex Director m\u00e9dico del Hospital Carlos Haya, entre 2002 y 2010. Su intervenci\u00f3n const\u00f3 de tres&#8230;<\/p>\n","protected":false},"author":1,"featured_media":0,"comment_status":"closed","ping_status":"open","sticky":false,"template":"","format":"standard","meta":{"_kadence_starter_templates_imported_post":false,"_kad_post_transparent":"","_kad_post_title":"","_kad_post_layout":"","_kad_post_sidebar_id":"","_kad_post_content_style":"","_kad_post_vertical_padding":"","_kad_post_feature":"","_kad_post_feature_position":"","_kad_post_header":false,"_kad_post_footer":false,"_kad_post_classname":"","_jetpack_newsletter_access":"","_jetpack_dont_email_post_to_subs":false,"_jetpack_newsletter_tier_id":0,"_jetpack_memberships_contains_paywalled_content":false,"_jetpack_memberships_contains_paid_content":false,"footnotes":""},"categories":[9],"tags":[],"class_list":["post-212","post","type-post","status-publish","format-standard","hentry","category-etica-medica"],"jetpack_sharing_enabled":true,"jetpack_featured_media_url":"","post_mailing_queue_ids":[],"_links":{"self":[{"href":"https:\/\/expertosenetica.com\/index.php\/wp-json\/wp\/v2\/posts\/212","targetHints":{"allow":["GET"]}}],"collection":[{"href":"https:\/\/expertosenetica.com\/index.php\/wp-json\/wp\/v2\/posts"}],"about":[{"href":"https:\/\/expertosenetica.com\/index.php\/wp-json\/wp\/v2\/types\/post"}],"author":[{"embeddable":true,"href":"https:\/\/expertosenetica.com\/index.php\/wp-json\/wp\/v2\/users\/1"}],"replies":[{"embeddable":true,"href":"https:\/\/expertosenetica.com\/index.php\/wp-json\/wp\/v2\/comments?post=212"}],"version-history":[{"count":0,"href":"https:\/\/expertosenetica.com\/index.php\/wp-json\/wp\/v2\/posts\/212\/revisions"}],"wp:attachment":[{"href":"https:\/\/expertosenetica.com\/index.php\/wp-json\/wp\/v2\/media?parent=212"}],"wp:term":[{"taxonomy":"category","embeddable":true,"href":"https:\/\/expertosenetica.com\/index.php\/wp-json\/wp\/v2\/categories?post=212"},{"taxonomy":"post_tag","embeddable":true,"href":"https:\/\/expertosenetica.com\/index.php\/wp-json\/wp\/v2\/tags?post=212"}],"curies":[{"name":"wp","href":"https:\/\/api.w.org\/{rel}","templated":true}]}}