{"id":242,"date":"2016-05-17T18:53:03","date_gmt":"2016-05-17T18:53:03","guid":{"rendered":"https:\/\/expertosenetica.com\/?p=242"},"modified":"2016-05-17T18:53:03","modified_gmt":"2016-05-17T18:53:03","slug":"duras-criticas-de-la-omc-y-la-secpal-a-los-politicos-por-ser-incapaces-de-legislar-los-cuidados-paliativos","status":"publish","type":"post","link":"https:\/\/expertosenetica.com\/index.php\/2016\/05\/17\/duras-criticas-de-la-omc-y-la-secpal-a-los-politicos-por-ser-incapaces-de-legislar-los-cuidados-paliativos\/","title":{"rendered":"Duras cr\u00edticas de la OMC y la SECPAL a los pol\u00edticos por ser incapaces de legislar los cuidados paliativos"},"content":{"rendered":"<div>\n<p>Duras cr\u00edticas a los pol\u00edticos por ser incapaces de legislar los cuidados paliativos<br \/>\n<a href=\"https:\/\/expertosenetica.com\/wp-content\/uploads\/2016\/05\/cuidados-paliativos.jpg\" rel=\"attachment wp-att-245\"><img loading=\"lazy\" decoding=\"async\" class=\"alignleft size-full wp-image-245\" src=\"https:\/\/expertosenetica.com\/wp-content\/uploads\/2016\/05\/cuidados-paliativos.jpg\" alt=\"cuidados paliativos\" width=\"500\" height=\"500\" srcset=\"https:\/\/expertosenetica.com\/wp-content\/uploads\/2016\/05\/cuidados-paliativos.jpg 500w, https:\/\/expertosenetica.com\/wp-content\/uploads\/2016\/05\/cuidados-paliativos-300x300.jpg 300w, https:\/\/expertosenetica.com\/wp-content\/uploads\/2016\/05\/cuidados-paliativos-150x150.jpg 150w\" sizes=\"auto, (max-width: 500px) 100vw, 500px\" \/><\/a><br \/>\n13 May. (EUROPA PRESS) &#8211; La Organizaci\u00f3n M\u00e9dica Colegial y la Sociedad Espa\u00f1ola de Cuidados Paliativos han publicado un duro documento donde piden, exigen los partidos pol\u00edticos que se esfuercen por \u00abestudiar y conocer\u00bb las necesidades de la poblaci\u00f3n en un \u00e1rea de Cuidados Paliativos, \u00abdonde tanto sufrimiento se puede aliviar con una peque\u00f1a inversi\u00f3n de recursos\u00bb. A su juicio, &#8230;<\/p>\n<p>Leer mas: <a href=\"http:\/\/www.infosalus.com\/actualidad\/noticia-duras-palabras-contra-politicos-ser-incapaces-legislar-cuidados-paliativos-20160513132643.html\">http:\/\/www.infosalus.com\/actualidad\/noticia-duras-palabras-contra-politicos-ser-incapaces-legislar-cuidados-paliativos-20160513132643.html<\/a><\/p>\n<p>.<\/p>\n<\/div>\n","protected":false},"excerpt":{"rendered":"<p>Duras cr\u00edticas a los pol\u00edticos por ser incapaces de legislar los cuidados paliativos 13 May. (EUROPA PRESS) &#8211; La Organizaci\u00f3n M\u00e9dica Colegial y la Sociedad Espa\u00f1ola de Cuidados Paliativos han publicado un duro documento donde piden, exigen los partidos pol\u00edticos que se esfuercen por \u00abestudiar y conocer\u00bb las necesidades de la poblaci\u00f3n en un \u00e1rea&#8230;<\/p>\n","protected":false},"author":1,"featured_media":0,"comment_status":"closed","ping_status":"open","sticky":false,"template":"","format":"standard","meta":{"_kadence_starter_templates_imported_post":false,"_kad_post_transparent":"","_kad_post_title":"","_kad_post_layout":"","_kad_post_sidebar_id":"","_kad_post_content_style":"","_kad_post_vertical_padding":"","_kad_post_feature":"","_kad_post_feature_position":"","_kad_post_header":false,"_kad_post_footer":false,"_kad_post_classname":"","_jetpack_newsletter_access":"","_jetpack_dont_email_post_to_subs":false,"_jetpack_newsletter_tier_id":0,"_jetpack_memberships_contains_paywalled_content":false,"_jetpack_memberships_contains_paid_content":false,"footnotes":""},"categories":[4],"tags":[],"class_list":["post-242","post","type-post","status-publish","format-standard","hentry","category-cuidados-paliativos"],"jetpack_sharing_enabled":true,"jetpack_featured_media_url":"","post_mailing_queue_ids":[],"_links":{"self":[{"href":"https:\/\/expertosenetica.com\/index.php\/wp-json\/wp\/v2\/posts\/242","targetHints":{"allow":["GET"]}}],"collection":[{"href":"https:\/\/expertosenetica.com\/index.php\/wp-json\/wp\/v2\/posts"}],"about":[{"href":"https:\/\/expertosenetica.com\/index.php\/wp-json\/wp\/v2\/types\/post"}],"author":[{"embeddable":true,"href":"https:\/\/expertosenetica.com\/index.php\/wp-json\/wp\/v2\/users\/1"}],"replies":[{"embeddable":true,"href":"https:\/\/expertosenetica.com\/index.php\/wp-json\/wp\/v2\/comments?post=242"}],"version-history":[{"count":0,"href":"https:\/\/expertosenetica.com\/index.php\/wp-json\/wp\/v2\/posts\/242\/revisions"}],"wp:attachment":[{"href":"https:\/\/expertosenetica.com\/index.php\/wp-json\/wp\/v2\/media?parent=242"}],"wp:term":[{"taxonomy":"category","embeddable":true,"href":"https:\/\/expertosenetica.com\/index.php\/wp-json\/wp\/v2\/categories?post=242"},{"taxonomy":"post_tag","embeddable":true,"href":"https:\/\/expertosenetica.com\/index.php\/wp-json\/wp\/v2\/tags?post=242"}],"curies":[{"name":"wp","href":"https:\/\/api.w.org\/{rel}","templated":true}]}}