{"id":247,"date":"2016-05-19T11:42:44","date_gmt":"2016-05-19T11:42:44","guid":{"rendered":"https:\/\/expertosenetica.com\/?p=247"},"modified":"2016-05-19T11:42:44","modified_gmt":"2016-05-19T11:42:44","slug":"jornada-en-hospital-el-angel-para-favorecer-la-deteccion-de-donantes-de-organos-en-centros-privados","status":"publish","type":"post","link":"https:\/\/expertosenetica.com\/index.php\/2016\/05\/19\/jornada-en-hospital-el-angel-para-favorecer-la-deteccion-de-donantes-de-organos-en-centros-privados\/","title":{"rendered":"JORNADA EN HOSPITAL EL \u00c1NGEL PARA FAVORECER LA DETECCI\u00d3N DE DONANTES DE \u00d3RGANOS EN CENTROS PRIVADOS"},"content":{"rendered":"<p><strong>\u00a0<a href=\"https:\/\/expertosenetica.com\/wp-content\/uploads\/2016\/05\/logo-hospital-El-Angel.jpg\" rel=\"attachment wp-att-248\"><img loading=\"lazy\" decoding=\"async\" class=\"alignleft size-full wp-image-248\" src=\"https:\/\/expertosenetica.com\/wp-content\/uploads\/2016\/05\/logo-hospital-El-Angel.jpg\" alt=\"logo hospital El Angel\" width=\"151\" height=\"55\" \/><\/a><\/strong><\/p>\n<p>&nbsp;<\/p>\n<p><strong>JORNADA EN HOSPITAL EL \u00c1NGEL PARA FAVORECER LA DETECCI\u00d3N DE DONANTES DE \u00d3RGANOS EN CENTROS PRIVADOS<\/strong><\/p>\n<p><strong>NOTA DE PRENSA<br \/>\n<\/strong><\/p>\n<p><strong>El Dr. Domingo Daga \u2014Coordinador de Trasplantes del Sector M\u00e1laga\u2014 modera una jornada de coordinaci\u00f3n con profesionales de las \u00e1reas quir\u00fargica y de UCI de El \u00c1ngel, acerca de los \u00faltimos avances y tendencias en el \u00e1mbito de los transplantes, para promover la detecci\u00f3n de posibles donantes.<\/strong><\/p>\n<figure id=\"attachment_249\" aria-describedby=\"caption-attachment-249\" style=\"width: 2200px\" class=\"wp-caption alignleft\"><a href=\"https:\/\/expertosenetica.com\/wp-content\/uploads\/2016\/05\/Dr.-Daga-durante-la-charla.jpg\" rel=\"attachment wp-att-249\"><img loading=\"lazy\" decoding=\"async\" class=\"size-full wp-image-249\" src=\"https:\/\/expertosenetica.com\/wp-content\/uploads\/2016\/05\/Dr.-Daga-durante-la-charla.jpg\" alt=\"El Dr. Daga durante la charla (foto Carlos Torres)\" width=\"2200\" height=\"1467\" srcset=\"https:\/\/expertosenetica.com\/wp-content\/uploads\/2016\/05\/Dr.-Daga-durante-la-charla.jpg 2200w, https:\/\/expertosenetica.com\/wp-content\/uploads\/2016\/05\/Dr.-Daga-durante-la-charla-300x200.jpg 300w, https:\/\/expertosenetica.com\/wp-content\/uploads\/2016\/05\/Dr.-Daga-durante-la-charla-1024x683.jpg 1024w, https:\/\/expertosenetica.com\/wp-content\/uploads\/2016\/05\/Dr.-Daga-durante-la-charla-768x512.jpg 768w, https:\/\/expertosenetica.com\/wp-content\/uploads\/2016\/05\/Dr.-Daga-durante-la-charla-1536x1024.jpg 1536w, https:\/\/expertosenetica.com\/wp-content\/uploads\/2016\/05\/Dr.-Daga-durante-la-charla-2048x1366.jpg 2048w\" sizes=\"auto, (max-width: 2200px) 100vw, 2200px\" \/><\/a><figcaption id=\"caption-attachment-249\" class=\"wp-caption-text\">El Dr. Daga durante la charla<\/figcaption><\/figure>\n<p>Quienes se dedican a salvar vidas deben vivir con la filosof\u00eda de estar siempre actualizados. Los avances de la ciencia y las labores de investigaci\u00f3n constantes dan lugar a nuevos m\u00e9todos. Adem\u00e1s, el cambio de nuestros h\u00e1bitos de vida influye en los ritmos de envejecimiento, la duraci\u00f3n de las patolog\u00edas y la esperanza de vida.<\/p>\n<p>Todo esto se pone de manifiesto en la jornada <strong>\u201cNuevos modelos de donaci\u00f3n de \u00f3rganos y tejidos en el s.XXI\u201d<\/strong>. Con este nombre, el Dr. Domingo Daga modera una jornada te\u00f3rico-pr\u00e1ctica centrada en la coordinaci\u00f3n entre profesionales sanitarios. Concretamente, el pasado mi\u00e9rcoles mantuvieron este encuentro en el Hospital El \u00c1ngel los responsables m\u00e9dicos, y coordinadores de personal auxiliar y de enfermer\u00eda, adem\u00e1s de otros integrantes de las \u00e1reas quir\u00fargica y de cuidados intensivos.<\/p>\n<p>Ante la coordinaci\u00f3n interna del Dr. Miguel Fern\u00e1ndez \u2014Jefe de la Unidad de Cuidados Intensivos de El \u00c1ngel\u2014, este equipo de profesionales ha profundizado sobre nuevos procesos de donaci\u00f3n. \u201cSi bien antes una comisi\u00f3n de trasplantes se ve\u00eda obligada a denegar numerosos casos, hoy d\u00eda se tienen en consideraci\u00f3n una mayor cantidad de pacientes. Los avances han mejorado mucho las previsiones en listas de espera, ya que los nuevos procesos permiten optimizar m\u00e1s y mejores \u00f3rganos y tejidos, y en los centros privados podemos aportar a esta cadena de donaci\u00f3n para salvar vidas\u201d, asegur\u00f3 el Dr. Fern\u00e1ndez.<\/p>\n<p>Como el propio Dr. Daga apunta, es necesaria una \u201ccolaboraci\u00f3n estrecha\u201d entre los sectores p\u00fablico y privado, para sacar el m\u00e1ximo partido de los casos de donantes potenciales. Actualmente la obtenci\u00f3n de \u00f3rganos y tejidos v\u00e1lidos procedentes de un donante es cada vez mayor. El SAS promueve con esta iniciativa \u201ccrear una red de comunicaci\u00f3n de la UCI y el \u00c1rea de Urgencias de El \u00c1ngel con aquellos hospitales p\u00fablicos que est\u00e1n autorizados a llevar a cabo transplantes\u201d, tal y como explic\u00f3 Daga.<\/p>\n<p>Durante el desarrollo de la jornada, la charla ha incidido sobre temas como: la Patolog\u00eda Neurol\u00f3gica grave; el Proceso de Donaci\u00f3n en Muerte Encef\u00e1lica; la donaci\u00f3n en Parada Cardiocirculatoria: \u201cViejos donantes para nuevos tiempos\u201d; y Donantes Multitejidos: \u201cUn problema de memoria\u201d. Cada bloque te\u00f3rico fue acompa\u00f1ado de un caso pr\u00e1ctico con el que poner en relieve las particularidades de estos nuevos m\u00e9todos.<\/p>\n<p>Por su parte, el Dr. Manuel Viola \u2014Director M\u00e9dico de El \u00c1ngel\u2014, afirm\u00f3 que \u201cla formaci\u00f3n constante de los profesionales del Hospital es una m\u00e1xima en la evoluci\u00f3n del centro. Este tipo de iniciativas nos ayudan a mantenernos a la cabeza de la sanidad privada en algunas de nuestras \u00e1reas de mayor alcance y complejidad, como el bloque quir\u00fargico y la UCI\u201d.<\/p>\n<p>M\u00e1laga, 18 de mayo de 2016<\/p>\n","protected":false},"excerpt":{"rendered":"<p>\u00a0 &nbsp; JORNADA EN HOSPITAL EL \u00c1NGEL PARA FAVORECER LA DETECCI\u00d3N DE DONANTES DE \u00d3RGANOS EN CENTROS PRIVADOS NOTA DE PRENSA El Dr. Domingo Daga \u2014Coordinador de Trasplantes del Sector M\u00e1laga\u2014 modera una jornada de coordinaci\u00f3n con profesionales de las \u00e1reas quir\u00fargica y de UCI de El \u00c1ngel, acerca de los \u00faltimos avances y tendencias&#8230;<\/p>\n","protected":false},"author":1,"featured_media":0,"comment_status":"closed","ping_status":"open","sticky":false,"template":"","format":"standard","meta":{"_kadence_starter_templates_imported_post":false,"_kad_post_transparent":"","_kad_post_title":"","_kad_post_layout":"","_kad_post_sidebar_id":"","_kad_post_content_style":"","_kad_post_vertical_padding":"","_kad_post_feature":"","_kad_post_feature_position":"","_kad_post_header":false,"_kad_post_footer":false,"_kad_post_classname":"","_jetpack_newsletter_access":"","_jetpack_dont_email_post_to_subs":false,"_jetpack_newsletter_tier_id":0,"_jetpack_memberships_contains_paywalled_content":false,"_jetpack_memberships_contains_paid_content":false,"footnotes":""},"categories":[8],"tags":[],"class_list":["post-247","post","type-post","status-publish","format-standard","hentry","category-investigacion"],"jetpack_sharing_enabled":true,"jetpack_featured_media_url":"","post_mailing_queue_ids":[],"_links":{"self":[{"href":"https:\/\/expertosenetica.com\/index.php\/wp-json\/wp\/v2\/posts\/247","targetHints":{"allow":["GET"]}}],"collection":[{"href":"https:\/\/expertosenetica.com\/index.php\/wp-json\/wp\/v2\/posts"}],"about":[{"href":"https:\/\/expertosenetica.com\/index.php\/wp-json\/wp\/v2\/types\/post"}],"author":[{"embeddable":true,"href":"https:\/\/expertosenetica.com\/index.php\/wp-json\/wp\/v2\/users\/1"}],"replies":[{"embeddable":true,"href":"https:\/\/expertosenetica.com\/index.php\/wp-json\/wp\/v2\/comments?post=247"}],"version-history":[{"count":0,"href":"https:\/\/expertosenetica.com\/index.php\/wp-json\/wp\/v2\/posts\/247\/revisions"}],"wp:attachment":[{"href":"https:\/\/expertosenetica.com\/index.php\/wp-json\/wp\/v2\/media?parent=247"}],"wp:term":[{"taxonomy":"category","embeddable":true,"href":"https:\/\/expertosenetica.com\/index.php\/wp-json\/wp\/v2\/categories?post=247"},{"taxonomy":"post_tag","embeddable":true,"href":"https:\/\/expertosenetica.com\/index.php\/wp-json\/wp\/v2\/tags?post=247"}],"curies":[{"name":"wp","href":"https:\/\/api.w.org\/{rel}","templated":true}]}}