{"id":257,"date":"2016-05-25T07:40:13","date_gmt":"2016-05-25T07:40:13","guid":{"rendered":"https:\/\/expertosenetica.com\/?p=257"},"modified":"2016-05-25T07:40:13","modified_gmt":"2016-05-25T07:40:13","slug":"el-director-de-la-catedra-de-etica-medica-hospital-el-angel-participo-en-en-iv-congreso-nacional-de-deontologia-medica","status":"publish","type":"post","link":"https:\/\/expertosenetica.com\/index.php\/2016\/05\/25\/el-director-de-la-catedra-de-etica-medica-hospital-el-angel-participo-en-en-iv-congreso-nacional-de-deontologia-medica\/","title":{"rendered":"El Director de la C\u00e1tedra de \u00c9tica M\u00e9dica Hospital El \u00c1ngel particip\u00f3 en en III  Congreso Nacional de Deontolog\u00eda M\u00e9dica"},"content":{"rendered":"<figure id=\"attachment_258\" aria-describedby=\"caption-attachment-258\" style=\"width: 4592px\" class=\"wp-caption alignleft\"><a href=\"https:\/\/expertosenetica.com\/wp-content\/uploads\/2016\/05\/congreso-deontologia-medica-foto.jpg\" rel=\"attachment wp-att-258\"><img loading=\"lazy\" decoding=\"async\" class=\"size-full wp-image-258\" src=\"https:\/\/expertosenetica.com\/wp-content\/uploads\/2016\/05\/congreso-deontologia-medica-foto.jpg\" alt=\"Clausura del IV Congreso Nacional de \u00c9tica M\u00e9dica en Alicante.\" width=\"4592\" height=\"3056\" \/><\/a><figcaption id=\"caption-attachment-258\" class=\"wp-caption-text\">Clausura del III Congreso Nacional de \u00c9tica M\u00e9dica en Alicante.<\/figcaption><\/figure>\n<p>Los d\u00edas 19-20 y 21 de Mayo se ha celebrado en Alicante el III Congreso Nacional de Deontologia m\u00e9dica. \u00abLa Deontologia nuestra esencia y gu\u00eda\u00bb ha sido el hilo conductor del Congreso,<\/p>\n<p>En el acto de clausura el Dr. joaquin Fern\u00e1ndez-Crehuet Director de la C\u00e1tedra de \u00e9tica M\u00e9dica \u00abHospital El Angel\u00bb present\u00f3 el IV Congreso Nacional \u00a0que se celebrar\u00e1 en M\u00e1laga en abril de a\u00f1o pr\u00f3ximo. En su presentaci\u00f3n, el Dr. FC, adelant\u00f3 que el motivo fundamental versar\u00e1 sobre el humanismo ante los nuevos retos de la Medicina.<\/p>\n<p>Adaptar la \u00e9tica m\u00e9dica a la \u201cexcelencia\u201d que exige actualmente la sociedad, definir las competencias entre m\u00e9dicos, otros profesionales y los colegios para evitar conflictos y que los colegios profesionales cumplan su funci\u00f3n social ejerciendo la vigilancia deontol\u00f3gica con rigor y credibilidad para lo cual deben asumir el liderazgo \u00e9tico que les corresponde, han sido algunas de las propuestas expresadas en el III Congreso de Deontolog\u00eda M\u00e9dica que ha reunido en Alicante a 150 profesionales de colegios de toda Espa\u00f1a.<\/p>\n<p>Valores de la \u00e9tica m\u00e9dica<\/p>\n<p>El anfitri\u00f3n, Dr. Jos\u00e9 Pastor, presidente del Colegio de M\u00e9dicos de Alicante, fue precisamente quien puso de manifiesto que es preciso adaptar la pujanza de la \u00e9tica m\u00e9dica a los nuevos tiempos, porque \u201cla sociedad demanda una excelencia que debe ser respondida\u201d. Los valores de la \u00e9tica profesional, seg\u00fan puso de manifiesto, \u201chan debido conjugarse con nuevos valores\u201d y, de esta forma, \u201cla beneficencia y no maleficencia han sido superados porque la sociedad exige excelencia en nuestra labor\u201d.<\/p>\n<p>El Dr. Juan Jos\u00e9 Rodr\u00edguez Send\u00edn, presidente de la Organizaci\u00f3n M\u00e9dica Colegial (OMC), reconoci\u00f3 su satisfacci\u00f3n porque la Deontolog\u00eda \u201chaya pasado de pertenecer a unos cuantos ilustrados a impregnar lo m\u00e1s cotidiano de la actividad m\u00e9dica\u201d y, por este motivo, celebr\u00f3 que la investigaci\u00f3n y estudio de la \u00e9tica est\u00e9n cada vez m\u00e1s presentes en la vida diaria de los colegios, aunque reconoci\u00f3 que \u201chay que hacer un esfuerzo para incorporarla al quehacer diario\u201d<\/p>\n<h6><span style=\"font-size: medium;\">Liderazgo de los colegios<\/span><\/h6>\n<p>Los colegios deben ejercer el liderazgo de la \u00e9tica m\u00e9dica de manera inexcusable, seg\u00fan puso de manifiesto el Dr. Rogelio Altisent, uno de los mayores referentes de \u00e9tica y deontolog\u00eda en Espa\u00f1a, actual director de proyectos acad\u00e9micos de la C\u00e1tedra de Profesionalismo y \u00c9tica Cl\u00ednica de la Universidad de Zaragoza. Para \u00e9l, el concepto de \u00c9tica M\u00e9dica es un \u201cconjunto de valores y normas que definen la buena pr\u00e1ctica profesional y que es lo que se denomina \u201cprofesionalismo\u201d, que abarca la \u00e9tica del ejercicio profesional y la Deontolog\u00eda.<\/p>\n<h6><span style=\"font-size: medium;\">No basta con cumplir la ley<\/span><\/h6>\n<p>Para Altisent, la trascendencia que tiene la atenci\u00f3n sanitaria en la sociedad obliga a reflexionar en que \u201cno es suficiente cumplir la Ley para ser un buen m\u00e9dico\u201d y en que la adhesi\u00f3n a un C\u00f3digo de Deontolog\u00eda supone un compromiso mayor del que exige la legislaci\u00f3n y dijo que \u201ceste modelo est\u00e1 supeditado a que los colegios profesionales cumplan su funci\u00f3n social ejerciendo la vigilancia deontol\u00f3gica con rigor y credibilidad\u201d, es decir, que \u201cejerzan el liderazgo de la \u00c9tica M\u00e9dica\u201d.<\/p>\n<p>La \u00e9tica en la gesti\u00f3n de los recursos sanitarios fue otro de los temas abordados en el Congreso en el que se puso de manifiesto que los pilares de la profesi\u00f3n m\u00e9dica no solo son la ciencia y la \u00e9tica, sino que hay que tener tambi\u00e9n en cuenta la pol\u00edtica sanitaria, aquella que \u201cpromueve el bien sin discriminaci\u00f3n\u201d y la econom\u00eda desde el punto de vista de la sostenibilidad, algo que, en opini\u00f3n del Dr. Rodriguez Sendin, conlleva que \u201cser \u00e9tico es ser eficiente y no es \u00e9tico ser ineficiente\u201d.<\/p>\n<p>Cuestiones deontol\u00f3gicas en torno a las vacunas; la relaci\u00f3n asistencial con los pacientes menores teniendo en cuenta los nuevos cambios legislativos, la deontolog\u00eda de lo cotidiano; consideraciones \u00e9tico deontol\u00f3gicas de la mediaci\u00f3n sanitaria, y el \u201cincierto\u201d futuro de la medicina basada en la hegemon\u00eda de la ciencia y el mercado, fueron otros de los temas abordados en este Congreso.<\/p>\n","protected":false},"excerpt":{"rendered":"<p>Los d\u00edas 19-20 y 21 de Mayo se ha celebrado en Alicante el III Congreso Nacional de Deontologia m\u00e9dica. \u00abLa Deontologia nuestra esencia y gu\u00eda\u00bb ha sido el hilo conductor del Congreso, En el acto de clausura el Dr. joaquin Fern\u00e1ndez-Crehuet Director de la C\u00e1tedra de \u00e9tica M\u00e9dica \u00abHospital El Angel\u00bb present\u00f3 el IV Congreso&#8230;<\/p>\n","protected":false},"author":1,"featured_media":0,"comment_status":"closed","ping_status":"open","sticky":false,"template":"","format":"standard","meta":{"_kadence_starter_templates_imported_post":false,"_kad_post_transparent":"","_kad_post_title":"","_kad_post_layout":"","_kad_post_sidebar_id":"","_kad_post_content_style":"","_kad_post_vertical_padding":"","_kad_post_feature":"","_kad_post_feature_position":"","_kad_post_header":false,"_kad_post_footer":false,"_kad_post_classname":"","_jetpack_newsletter_access":"","_jetpack_dont_email_post_to_subs":false,"_jetpack_newsletter_tier_id":0,"_jetpack_memberships_contains_paywalled_content":false,"_jetpack_memberships_contains_paid_content":false,"footnotes":""},"categories":[9],"tags":[],"class_list":["post-257","post","type-post","status-publish","format-standard","hentry","category-etica-medica"],"jetpack_sharing_enabled":true,"jetpack_featured_media_url":"","post_mailing_queue_ids":[],"_links":{"self":[{"href":"https:\/\/expertosenetica.com\/index.php\/wp-json\/wp\/v2\/posts\/257","targetHints":{"allow":["GET"]}}],"collection":[{"href":"https:\/\/expertosenetica.com\/index.php\/wp-json\/wp\/v2\/posts"}],"about":[{"href":"https:\/\/expertosenetica.com\/index.php\/wp-json\/wp\/v2\/types\/post"}],"author":[{"embeddable":true,"href":"https:\/\/expertosenetica.com\/index.php\/wp-json\/wp\/v2\/users\/1"}],"replies":[{"embeddable":true,"href":"https:\/\/expertosenetica.com\/index.php\/wp-json\/wp\/v2\/comments?post=257"}],"version-history":[{"count":0,"href":"https:\/\/expertosenetica.com\/index.php\/wp-json\/wp\/v2\/posts\/257\/revisions"}],"wp:attachment":[{"href":"https:\/\/expertosenetica.com\/index.php\/wp-json\/wp\/v2\/media?parent=257"}],"wp:term":[{"taxonomy":"category","embeddable":true,"href":"https:\/\/expertosenetica.com\/index.php\/wp-json\/wp\/v2\/categories?post=257"},{"taxonomy":"post_tag","embeddable":true,"href":"https:\/\/expertosenetica.com\/index.php\/wp-json\/wp\/v2\/tags?post=257"}],"curies":[{"name":"wp","href":"https:\/\/api.w.org\/{rel}","templated":true}]}}