{"id":29,"date":"2015-12-18T19:49:46","date_gmt":"2015-12-18T19:49:46","guid":{"rendered":"https:\/\/expertosenetica.com\/?p=29"},"modified":"2015-12-18T19:49:46","modified_gmt":"2015-12-18T19:49:46","slug":"adolfo-suarez-illana-hay-que-afrontar-el-cancer-con-dignidad","status":"publish","type":"post","link":"https:\/\/expertosenetica.com\/index.php\/2015\/12\/18\/adolfo-suarez-illana-hay-que-afrontar-el-cancer-con-dignidad\/","title":{"rendered":"Adolfo Suarez Illana: \u00abHay que afrontar el c\u00e1ncer con dignidad\u00bb"},"content":{"rendered":"<blockquote><p><span class=\"caja-ppal-noticia clear\"><span class=\"col-ABC\">El hijo del fallecido ex presidente del gobierno relata su experiencia con una enfermedad que le ha golpeado con dureza a \u00e9l y a buena parte de su familia.<\/span><\/span><\/p>\n<figure id=\"attachment_30\" aria-describedby=\"caption-attachment-30\" style=\"width: 300px\" class=\"wp-caption alignnone\"><a href=\"https:\/\/expertosenetica.com\/wp-content\/uploads\/2015\/12\/adolfo-suarez-620x349.jpg\" rel=\"attachment wp-att-30\"><img loading=\"lazy\" decoding=\"async\" class=\"wp-image-30 size-medium\" src=\"https:\/\/expertosenetica.com\/wp-content\/uploads\/2015\/12\/adolfo-suarez-620x349-300x169.jpg\" alt=\"adolfo-suarez--620x349\" width=\"300\" height=\"169\" \/><\/a><figcaption id=\"caption-attachment-30\" class=\"wp-caption-text\">Adolfo Su\u00e1rez junto al doctor Jes\u00fas Garc\u00eda-Foncillas, sus hermanas Sonsoles y Laura, y su esposa Isabel &#8211; J.R. Ladra<\/figcaption><\/figure>\n<div><\/div>\n<\/blockquote>\n<div>\n<p>ABC, 16 de diciembre de 2015<\/p>\n<p>Ayer fue un d\u00eda muy especial para los hijos de <a href=\"http:\/\/www.abc.es\/espana\/20140321\/abci-suarez-biografia-201403181857.html\">Adolfo Su\u00e1rez <\/a><strong>y Amparo Illana<\/strong>. Con una emoci\u00f3n contenida, <strong>Adolfo Su\u00e1rez Illana<\/strong>, su mujer <strong>Isabel Flores<\/strong> y sus hermanas <strong>Laura y Sonsoles <\/strong>acudieron al acto de presentaci\u00f3n de <strong>Oncohealth Institute<\/strong>, nueva \u00e1rea de Oncolog\u00eda abierta en la Fundaci\u00f3n Jim\u00e9nez D\u00edaz y dirigida por el <strong>doctor Jes\u00fas Garc\u00eda-Foncillas<\/strong>. El hijo del primer presidente de Gobierno de la democracia relat\u00f3 su experiencia en este centro, donde hace un a\u00f1o y medio fue tratado de un c\u00e1ncer de cuello.<\/p>\n<\/div>\n<div><\/div>\n<div>\n<p>Recordando un cl\u00e1sico de su padre, comenz\u00f3 su intervenci\u00f3n diciendo que <strong>\u00ables puedo asegurar y les aseguro que el m\u00e1s feliz soy yo<\/strong>, porque despu\u00e9s del diagn\u00f3stico que me dieron, no habr\u00eda apostado que hoy estar\u00eda aqu\u00ed\u00bb.<\/p>\n<\/div>\n<div>\n<p>En primera fila se acomod\u00f3 su familia y en el resto de las bancadas estuvieron todos los especialistas que integran el equipo que le trat\u00f3. <strong>\u00abDebo agradecer el trato recibido durante el dif\u00edcil camino del c\u00e1ncer a absolutamente todos<\/strong>: desde los m\u00e9dicos a las enfermeras o las se\u00f1oras de limpieza\u00bb, a\u00f1adi\u00f3.<\/p>\n<div id=\"roba_cintillo-id\"><\/div>\n<h2>Curiosidad morbosa<\/h2>\n<p>Una familia como la suya, tan castigada por el c\u00e1ncer, sabe que reveses como estos hay que afrontarlos <strong>\u00abcon dignidad y alegr\u00eda\u00bb<\/strong>. \u00abMi experiencia<strong> me ha permitido aprender mucho sobre la enfermedad y los tratamientos<\/strong>. Reconozco que ten\u00eda una curiosidad morbosa y tengo que agradecer al doctor Garc\u00eda Foncillas por su paciencia a la hora de explicarme todo al detalle\u00bb, a\u00f1adi\u00f3.<\/p>\n<p>Adolfo Su\u00e1rez Illana sigui\u00f3 hablando sin tapujos sobre su caso y se\u00f1al\u00f3 la importante labor de los m\u00e9dicos. <strong>\u00abSaber acompa\u00f1ar es la tarea m\u00e1s dif\u00edcil del m\u00e9dico en un final que a todos nos aguarda<\/strong>. Los que profesamos la fe cat\u00f3lica sacamos una cabecita de ventaja al resto. Por eso creo que la enfermedad puede ser una fuente de alegr\u00eda, si eres capaz de encararla con la actitud adecuada. Si alguien hubiera visto a mi familia por el ojo de una cerradura habr\u00eda pensado que est\u00e1bamos locos, porque <strong>nos hemos re\u00eddo, nos hemos acompa\u00f1ado, hemos tenido momentos felices&#8230;<\/strong> Creo que, al final, todo se basa en tener un sentido trascendente de la vida. Y dado que la vas a perder, <strong>lo m\u00e1s sensato es prepararte bien pronto para algo que ser\u00e1 inevitable<\/strong> y que debe hacerse con dignidad. Eso es algo que mis padres siempre me ense\u00f1aron\u00bb, cont\u00f3.<\/p>\n<p>Su\u00e1rez, quien insisti\u00f3 en la necesidad de seguir investigando, cerr\u00f3 su intervenci\u00f3n asegurando que \u00abla enfermedad nos arrancar\u00e1 la vida a todos, <strong>pero hay dos cosas que no nos puede quitar: la alegr\u00eda y la dignidad<\/strong>\u00bb.<\/p>\n<\/div>\n","protected":false},"excerpt":{"rendered":"<p>El hijo del fallecido ex presidente del gobierno relata su experiencia con una enfermedad que le ha golpeado con dureza a \u00e9l y a buena parte de su familia. ABC, 16 de diciembre de 2015 Ayer fue un d\u00eda muy especial para los hijos de Adolfo Su\u00e1rez y Amparo Illana. Con una emoci\u00f3n contenida, Adolfo&#8230;<\/p>\n","protected":false},"author":1,"featured_media":0,"comment_status":"closed","ping_status":"open","sticky":false,"template":"","format":"standard","meta":{"_kadence_starter_templates_imported_post":false,"_kad_post_transparent":"","_kad_post_title":"","_kad_post_layout":"","_kad_post_sidebar_id":"","_kad_post_content_style":"","_kad_post_vertical_padding":"","_kad_post_feature":"","_kad_post_feature_position":"","_kad_post_header":false,"_kad_post_footer":false,"_kad_post_classname":"","_jetpack_newsletter_access":"","_jetpack_dont_email_post_to_subs":false,"_jetpack_newsletter_tier_id":0,"_jetpack_memberships_contains_paywalled_content":false,"_jetpack_memberships_contains_paid_content":false,"footnotes":""},"categories":[3],"tags":[],"class_list":["post-29","post","type-post","status-publish","format-standard","hentry","category-sin-categoria"],"jetpack_sharing_enabled":true,"jetpack_featured_media_url":"","post_mailing_queue_ids":[],"_links":{"self":[{"href":"https:\/\/expertosenetica.com\/index.php\/wp-json\/wp\/v2\/posts\/29","targetHints":{"allow":["GET"]}}],"collection":[{"href":"https:\/\/expertosenetica.com\/index.php\/wp-json\/wp\/v2\/posts"}],"about":[{"href":"https:\/\/expertosenetica.com\/index.php\/wp-json\/wp\/v2\/types\/post"}],"author":[{"embeddable":true,"href":"https:\/\/expertosenetica.com\/index.php\/wp-json\/wp\/v2\/users\/1"}],"replies":[{"embeddable":true,"href":"https:\/\/expertosenetica.com\/index.php\/wp-json\/wp\/v2\/comments?post=29"}],"version-history":[{"count":0,"href":"https:\/\/expertosenetica.com\/index.php\/wp-json\/wp\/v2\/posts\/29\/revisions"}],"wp:attachment":[{"href":"https:\/\/expertosenetica.com\/index.php\/wp-json\/wp\/v2\/media?parent=29"}],"wp:term":[{"taxonomy":"category","embeddable":true,"href":"https:\/\/expertosenetica.com\/index.php\/wp-json\/wp\/v2\/categories?post=29"},{"taxonomy":"post_tag","embeddable":true,"href":"https:\/\/expertosenetica.com\/index.php\/wp-json\/wp\/v2\/tags?post=29"}],"curies":[{"name":"wp","href":"https:\/\/api.w.org\/{rel}","templated":true}]}}