{"id":316,"date":"2016-10-29T16:26:03","date_gmt":"2016-10-29T16:26:03","guid":{"rendered":"https:\/\/expertosenetica.com\/?p=316"},"modified":"2016-10-29T16:26:03","modified_gmt":"2016-10-29T16:26:03","slug":"conferencia-del-prof-tomas-melendo-antropologia-y-etica","status":"publish","type":"post","link":"https:\/\/expertosenetica.com\/index.php\/2016\/10\/29\/conferencia-del-prof-tomas-melendo-antropologia-y-etica\/","title":{"rendered":"Conferencia del Prof. Tom\u00e1s Melendo: \u00abAntropolog\u00eda y \u00e9tica\u00bb"},"content":{"rendered":"<figure id=\"attachment_317\" aria-describedby=\"caption-attachment-317\" style=\"width: 1600px\" class=\"wp-caption alignleft\"><a href=\"https:\/\/expertosenetica.com\/wp-content\/uploads\/2016\/10\/011.jpg\"><img loading=\"lazy\" decoding=\"async\" class=\"size-full wp-image-317\" src=\"https:\/\/expertosenetica.com\/wp-content\/uploads\/2016\/10\/011.jpg\" alt=\"El prof. Melendo con los alumnos asistentes al Curso.\" width=\"1600\" height=\"1200\" srcset=\"https:\/\/expertosenetica.com\/wp-content\/uploads\/2016\/10\/011.jpg 1600w, https:\/\/expertosenetica.com\/wp-content\/uploads\/2016\/10\/011-300x225.jpg 300w, https:\/\/expertosenetica.com\/wp-content\/uploads\/2016\/10\/011-1024x768.jpg 1024w, https:\/\/expertosenetica.com\/wp-content\/uploads\/2016\/10\/011-768x576.jpg 768w, https:\/\/expertosenetica.com\/wp-content\/uploads\/2016\/10\/011-1536x1152.jpg 1536w\" sizes=\"auto, (max-width: 1600px) 100vw, 1600px\" \/><\/a><figcaption id=\"caption-attachment-317\" class=\"wp-caption-text\">El prof. Melendo con los alumnos asistentes al Curso.<\/figcaption><\/figure>\n<p>La\u00a0 sesi\u00f3n del pasado jueves, 20 de octubre, dirigida por el Prof. Melendo, tuvo como \u201chilo conductor\u201d el concepto de dignidad humana. Analiz\u00f3 las propiedades fundamentales de la persona, enraizadas en ese atributo de la dignidad. Mejor que el t\u00e9rmino \u201cdignidad\u201d (bastante \u201cbaqueteado\u201d por el uso un tanto ambiguo con que aparece en textos legales y filos\u00f3ficos), Melendo prefiere hablar de sublimidad, eminencia, grandeza del ser humano.<\/p>\n<p>En la conceptualizaci\u00f3n del concepto \u00abpersona humana\u00bb, la antropolog\u00eda distingue tres \u00abmomentos\u00bb:<\/p>\n<ul>\n<li>El hombre, superior a toda realidad material (diversas \u201ccategor\u00edas\u201d de seres humanos)<\/li>\n<li>El hombre como persona (\u00a1todos de valor absoluto o infinito!)<\/li>\n<li>Persona humana femenina: mujer; y persona humana masculina: var\u00f3n (distintos y complementarios)<\/li>\n<\/ul>\n<p>Los t\u00e9rminos \u201chomo\u201d y \u201c\u00e1nthropos\u201d son insuficientes para designar la identidad esencial del ser humano. Para el Prof. Melendo lo m\u00e1s propio y original del ser humano es que es un \u201cser-que-responde\u201d, capaz de responder a una situaci\u00f3n de modo congruente con lo que la realidad \u201cpide\u201d. Capaz de emplear su conocimiento, en aquellas realidades que \u201cmerecen\u201d ser conocidas, de promover el bien y de apreciar la belleza.<\/p>\n<p>Al abordar el concepto \u201cpersona\u201d, expuso, en primer lugar, la distinci\u00f3n entre hombre y persona, diferenciando entre \u00ablo designado\u00bb y \u00ablo connotado\u00bb con cada t\u00e9rmino.<\/p>\n<p>\u201cPersona\u201d <strong>significa<\/strong> directamente un modo de ser, pero <strong>no indica tanto un modo de ser sino un rango superior<\/strong>. En ese sentido, se puede afirmar que persona es el nombre de la dignidad \u00abPersona est nomen dignitatis\u00bb.<\/p>\n<p>La superioridad del ser humano respecto al resto de los seres se manifiesta mediante dos atributos fundamentales:<\/p>\n<ul>\n<li><strong>Superioridad en el ser (valor-val\u00eda) o dignidad<\/strong><\/li>\n<li><strong>Superioridad en la singularidad = Singularidad extrema. <\/strong><\/li>\n<\/ul>\n<p>La primera alude a su <strong>bondad constitutiva, a su valor-val\u00eda, categor\u00eda, grandeza, sublimidad. La segunda a que esa singularidad hace de cada persona alguien \u00fanico e irrepetible, insustituible e incomparable.<\/strong><\/p>\n<p>Situ\u00e1ndose ya en el \u00e1mbito de los fines del obrar humano (del obrar \u201c\u00e9tico\u201d), trajo a colaci\u00f3n una conocida afirmaci\u00f3n de E. Kant, a prop\u00f3sito de la distinci\u00f3n entre \u201cvalor\u201d y \u201cprecio\u201d: <strong><em>\u201cEn el reino de los fines todo tiene o un \u201cprecio\u201d o una \u201cdigni\u00addad\u201d. Aquello que tiene precio puede ser sustituido por algo equivalente; en cambio, lo que se halla por encima de todo precio y, por tanto, no admite nada equivalente, eso tiene una dignidad\u201d<\/em><\/strong><\/p>\n<p>Cuando se habla de que todos los seres humanos son iguales en su dignidad, hay que evitar la comparaci\u00f3n entre personas porque las comparaciones son siempre lesivas, pues pueden implicar la negaci\u00f3n de la singularidad. Melendo record\u00f3 las c\u00e9lebres palabras de Unamuno: \u201cNo te creas m\u00e1s, ni menos, ni <strong><em>igual<\/em><\/strong> que otro cualquiera, que no somos los hombres cantidades. Cada cual es \u00fanico e insustituible; en serlo a conciencia pon todo tu empe\u00f1o\u201d. En ese sentido, concluy\u00f3, cabe afirmar que cada uno \u201cdebe compararse con su mejor versi\u00f3n\u201d, con aquello que est\u00e1 llamado a ser.<\/p>\n<p>&nbsp;<\/p>\n<p>&nbsp;<\/p>\n","protected":false},"excerpt":{"rendered":"<p>La\u00a0 sesi\u00f3n del pasado jueves, 20 de octubre, dirigida por el Prof. Melendo, tuvo como \u201chilo conductor\u201d el concepto de dignidad humana. Analiz\u00f3 las propiedades fundamentales de la persona, enraizadas en ese atributo de la dignidad. Mejor que el t\u00e9rmino \u201cdignidad\u201d (bastante \u201cbaqueteado\u201d por el uso un tanto ambiguo con que aparece en textos legales&#8230;<\/p>\n","protected":false},"author":1,"featured_media":0,"comment_status":"closed","ping_status":"open","sticky":false,"template":"","format":"standard","meta":{"_kadence_starter_templates_imported_post":false,"_kad_post_transparent":"","_kad_post_title":"","_kad_post_layout":"","_kad_post_sidebar_id":"","_kad_post_content_style":"","_kad_post_vertical_padding":"","_kad_post_feature":"","_kad_post_feature_position":"","_kad_post_header":false,"_kad_post_footer":false,"_kad_post_classname":"","_jetpack_newsletter_access":"","_jetpack_dont_email_post_to_subs":false,"_jetpack_newsletter_tier_id":0,"_jetpack_memberships_contains_paywalled_content":false,"_jetpack_memberships_contains_paid_content":false,"footnotes":""},"categories":[12],"tags":[],"class_list":["post-316","post","type-post","status-publish","format-standard","hentry","category-etica-general"],"jetpack_sharing_enabled":true,"jetpack_featured_media_url":"","post_mailing_queue_ids":[],"_links":{"self":[{"href":"https:\/\/expertosenetica.com\/index.php\/wp-json\/wp\/v2\/posts\/316","targetHints":{"allow":["GET"]}}],"collection":[{"href":"https:\/\/expertosenetica.com\/index.php\/wp-json\/wp\/v2\/posts"}],"about":[{"href":"https:\/\/expertosenetica.com\/index.php\/wp-json\/wp\/v2\/types\/post"}],"author":[{"embeddable":true,"href":"https:\/\/expertosenetica.com\/index.php\/wp-json\/wp\/v2\/users\/1"}],"replies":[{"embeddable":true,"href":"https:\/\/expertosenetica.com\/index.php\/wp-json\/wp\/v2\/comments?post=316"}],"version-history":[{"count":0,"href":"https:\/\/expertosenetica.com\/index.php\/wp-json\/wp\/v2\/posts\/316\/revisions"}],"wp:attachment":[{"href":"https:\/\/expertosenetica.com\/index.php\/wp-json\/wp\/v2\/media?parent=316"}],"wp:term":[{"taxonomy":"category","embeddable":true,"href":"https:\/\/expertosenetica.com\/index.php\/wp-json\/wp\/v2\/categories?post=316"},{"taxonomy":"post_tag","embeddable":true,"href":"https:\/\/expertosenetica.com\/index.php\/wp-json\/wp\/v2\/tags?post=316"}],"curies":[{"name":"wp","href":"https:\/\/api.w.org\/{rel}","templated":true}]}}