{"id":327,"date":"2016-11-07T17:14:27","date_gmt":"2016-11-07T17:14:27","guid":{"rendered":"https:\/\/expertosenetica.com\/?p=327"},"modified":"2016-11-07T17:14:27","modified_gmt":"2016-11-07T17:14:27","slug":"inauguracion-del-curso-de-experto-universitario-en-etica-para-sanitarios","status":"publish","type":"post","link":"https:\/\/expertosenetica.com\/index.php\/2016\/11\/07\/inauguracion-del-curso-de-experto-universitario-en-etica-para-sanitarios\/","title":{"rendered":"Inauguraci\u00f3n del Curso de Experto Universitario en \u00c9tica para Sanitarios"},"content":{"rendered":"<p><i>El Decano de la Facultad de Medicina, el Dr. Pablo Lara, preside el acto inaugural en el que diferentes representantes de la UMA y el Hospital El \u00c1ngel dan comienzo a la segundo curso acad\u00e9mico de funcionamiento de la C\u00e1tedra.<\/i><\/p>\n<figure id=\"attachment_331\" aria-describedby=\"caption-attachment-331\" style=\"width: 4856px\" class=\"wp-caption alignleft\"><a href=\"https:\/\/expertosenetica.com\/wp-content\/uploads\/2016\/11\/IMG_2445.jpg\"><img loading=\"lazy\" decoding=\"async\" class=\"size-full wp-image-331\" src=\"https:\/\/expertosenetica.com\/wp-content\/uploads\/2016\/11\/IMG_2445.jpg\" alt=\"Dres. Mora, N\u00fa\u00f1ez de Castro, Lara (Decano de Medicina), Fdez.-Crehuet y Viola.\" width=\"4856\" height=\"3237\" \/><\/a><figcaption id=\"caption-attachment-331\" class=\"wp-caption-text\">Dres. Mora, N\u00fa\u00f1ez de Castro, Lara (Decano de Medicina), Fdez.-Crehuet y Viola.<\/figcaption><\/figure>\n<p>La C\u00e1tedra de \u00c9tica M\u00e9dica Hospital El \u00c1ngel promueve un marco formativo en el que se convocan a todas las profesiones sanitarias unidas en el v\u00ednculo com\u00fan de la \u00e9tica, entendida como disciplina transversal de las profesiones que tienen entre sus objetivos el cuidado de los pacientes.<\/p>\n<p>Estos cursos de expertos representan una oportunidad excepcional para proporcionar referencias \u00e9ticas, deontol\u00f3gicas y legales para la toma de decisiones en la actividad habitual de las diferentes profesiones sanitarias. Entre sus objetivos el curso trata de proporcionar argumentos que ayuden a los profesionales\u00a0 sanitarios a mantener actitudes y conductas irreprochables\u00a0 acordes con las expectativas de la comunidad<\/p>\n<p>El Dr. N\u00fa\u00f1ez de Castro, ponente invitado de la jornada, insisti\u00f3 en que donde existe la filotecnia \u2014amor a la t\u00e9cnica\u2014, debe existir inequ\u00edvocamente la filantrop\u00eda \u2014amor al hombre\u2014, y que por tanto el avance de la medicina ha de centrar sus esfuerzos en la t\u00e9cnica, pero tambi\u00e9n en discernir c\u00f3mo debe ser aplicada respetando y amando al ser humano. En ese equilibrio reside la \u00e9tica m\u00e9dica.<\/p>\n<figure id=\"attachment_329\" aria-describedby=\"caption-attachment-329\" style=\"width: 3264px\" class=\"wp-caption alignleft\"><a href=\"https:\/\/expertosenetica.com\/wp-content\/uploads\/2016\/11\/IMG_0486.jpg\"><img loading=\"lazy\" decoding=\"async\" class=\"size-full wp-image-329\" src=\"https:\/\/expertosenetica.com\/wp-content\/uploads\/2016\/11\/IMG_0486.jpg\" alt=\"El Dr. Nu\u00f1ez de Castro durante su intervenci\u00f3n\" width=\"3264\" height=\"2448\" \/><\/a><figcaption id=\"caption-attachment-329\" class=\"wp-caption-text\">El Dr. Nu\u00f1ez de Castro durante su intervenci\u00f3n<\/figcaption><\/figure>\n<p>El Director de la C\u00e1tedra, Dr. Joaqu\u00edn Fern\u00e1ndez-Crehuet, aprovech\u00f3 su intervenci\u00f3n para agradecer al Hospital El \u00c1ngel en la persona de su Director Dr. Viola Figueras, como Instituci\u00f3n apadrinadora de la C\u00e1tedra, al Decano de la Facultad de Medicina y a los alumnos asistentes. En su intervenci\u00f3n, resalt\u00f3 la importancia de la \u00e9tica como fundamento de un nuevo humanismo m\u00e9dico que tiene que estar presente en todas las actividades sanitarias. Los pacientes no son mecanismos que no funcionan, sin personas que necesitan ser atendidas de acuerdo a la dignidad que posen por el hecho de ser personas,<\/p>\n<p>El Subdirector Acad\u00e9mico, el Dr. Juan Antonio Mora M\u00e9rida agradeci\u00f3 especialmente a los alumnos el inter\u00e9s que manifiestan por el aprendizaje de la \u00e9tica y resalt\u00f3 que el curso oferta un espacio de reflexi\u00f3n y debate\u00a0 que es fundamental para la formaci\u00f3n de buenos profesionales.<\/p>\n<p><a href=\"https:\/\/expertosenetica.com\/wp-content\/uploads\/2016\/11\/asistentes-conferencia-inaugural.jpg\"><img loading=\"lazy\" decoding=\"async\" class=\"alignleft size-full wp-image-336\" src=\"https:\/\/expertosenetica.com\/wp-content\/uploads\/2016\/11\/asistentes-conferencia-inaugural.jpg\" alt=\"asistentes-conferencia-inaugural\" width=\"1600\" height=\"1200\" srcset=\"https:\/\/expertosenetica.com\/wp-content\/uploads\/2016\/11\/asistentes-conferencia-inaugural.jpg 1600w, https:\/\/expertosenetica.com\/wp-content\/uploads\/2016\/11\/asistentes-conferencia-inaugural-300x225.jpg 300w, https:\/\/expertosenetica.com\/wp-content\/uploads\/2016\/11\/asistentes-conferencia-inaugural-1024x768.jpg 1024w, https:\/\/expertosenetica.com\/wp-content\/uploads\/2016\/11\/asistentes-conferencia-inaugural-768x576.jpg 768w, https:\/\/expertosenetica.com\/wp-content\/uploads\/2016\/11\/asistentes-conferencia-inaugural-1536x1152.jpg 1536w\" sizes=\"auto, (max-width: 1600px) 100vw, 1600px\" \/><\/a><\/p>\n<p>Por \u00faltimo, cerr\u00f3 el acto el Dr. Pablo Lara, quien quiso reconocer la necesidad de este foco de estudio en torno a la \u00e9tica, como dimensi\u00f3n esencial en la medicina. Adem\u00e1s quiso aprovechar para elogiar al centro hospitalario que da nombre al proyecto, \u201cno solo por su papel esencial al ser patrocinadores de la C\u00e1tedra, con lo que esa aportaci\u00f3n supone para su desarrollo, sino tambi\u00e9n por su acuerdo marco de colaboraci\u00f3n con la UMA, a trav\u00e9s del cual los alumnos de medicina pueden recibir en las instalaciones del Grupo HLA la tan necesaria formaci\u00f3n pr\u00e1ctica universitaria\u201d.<\/p>\n","protected":false},"excerpt":{"rendered":"<p>El Decano de la Facultad de Medicina, el Dr. Pablo Lara, preside el acto inaugural en el que diferentes representantes de la UMA y el Hospital El \u00c1ngel dan comienzo a la segundo curso acad\u00e9mico de funcionamiento de la C\u00e1tedra. La C\u00e1tedra de \u00c9tica M\u00e9dica Hospital El \u00c1ngel promueve un marco formativo en el que&#8230;<\/p>\n","protected":false},"author":1,"featured_media":0,"comment_status":"closed","ping_status":"open","sticky":false,"template":"","format":"standard","meta":{"_kadence_starter_templates_imported_post":false,"_kad_post_transparent":"","_kad_post_title":"","_kad_post_layout":"","_kad_post_sidebar_id":"","_kad_post_content_style":"","_kad_post_vertical_padding":"","_kad_post_feature":"","_kad_post_feature_position":"","_kad_post_header":false,"_kad_post_footer":false,"_kad_post_classname":"","_jetpack_newsletter_access":"","_jetpack_dont_email_post_to_subs":false,"_jetpack_newsletter_tier_id":0,"_jetpack_memberships_contains_paywalled_content":false,"_jetpack_memberships_contains_paid_content":false,"footnotes":""},"categories":[9],"tags":[],"class_list":["post-327","post","type-post","status-publish","format-standard","hentry","category-etica-medica"],"jetpack_sharing_enabled":true,"jetpack_featured_media_url":"","post_mailing_queue_ids":[],"_links":{"self":[{"href":"https:\/\/expertosenetica.com\/index.php\/wp-json\/wp\/v2\/posts\/327","targetHints":{"allow":["GET"]}}],"collection":[{"href":"https:\/\/expertosenetica.com\/index.php\/wp-json\/wp\/v2\/posts"}],"about":[{"href":"https:\/\/expertosenetica.com\/index.php\/wp-json\/wp\/v2\/types\/post"}],"author":[{"embeddable":true,"href":"https:\/\/expertosenetica.com\/index.php\/wp-json\/wp\/v2\/users\/1"}],"replies":[{"embeddable":true,"href":"https:\/\/expertosenetica.com\/index.php\/wp-json\/wp\/v2\/comments?post=327"}],"version-history":[{"count":0,"href":"https:\/\/expertosenetica.com\/index.php\/wp-json\/wp\/v2\/posts\/327\/revisions"}],"wp:attachment":[{"href":"https:\/\/expertosenetica.com\/index.php\/wp-json\/wp\/v2\/media?parent=327"}],"wp:term":[{"taxonomy":"category","embeddable":true,"href":"https:\/\/expertosenetica.com\/index.php\/wp-json\/wp\/v2\/categories?post=327"},{"taxonomy":"post_tag","embeddable":true,"href":"https:\/\/expertosenetica.com\/index.php\/wp-json\/wp\/v2\/tags?post=327"}],"curies":[{"name":"wp","href":"https:\/\/api.w.org\/{rel}","templated":true}]}}