{"id":331,"date":"2015-12-15T20:11:02","date_gmt":"2015-12-15T20:11:02","guid":{"rendered":"https:\/\/expertosenetica.com\/?p=5"},"modified":"2015-12-15T20:11:02","modified_gmt":"2015-12-15T20:11:02","slug":"el-dilema-etico-del-caso-de-la-nina-gallega","status":"publish","type":"post","link":"https:\/\/expertosenetica.com\/index.php\/2015\/12\/15\/el-dilema-etico-del-caso-de-la-nina-gallega\/","title":{"rendered":"El dilema \u00e9tico del caso de la ni\u00f1a gallega"},"content":{"rendered":"<p>Diario, El Sur (M\u00e1laga) 3 octubre 201512:47<\/p>\n<figure id=\"attachment_11\" aria-describedby=\"caption-attachment-11\" style=\"width: 300px\" class=\"wp-caption alignnone\"><a href=\"https:\/\/expertosenetica.com\/wp-content\/uploads\/2015\/12\/crehuet1.jpg\" rel=\"attachment wp-att-11\"><img loading=\"lazy\" decoding=\"async\" class=\"size-medium wp-image-11\" src=\"https:\/\/expertosenetica.com\/wp-content\/uploads\/2015\/12\/crehuet1-300x286.jpg\" alt=\"SONY DSC\" width=\"300\" height=\"286\" \/><\/a><figcaption id=\"caption-attachment-11\" class=\"wp-caption-text\">Dr. Fern\u00e1ndez-Crehuet<\/figcaption><\/figure>\n<p>Me imagino el \u2018calvario\u2019 que estar\u00e1n pasando los pediatras del Hospital Cl\u00ednico de Santiago que atienden a la ni\u00f1a gallega cuyos padres le piden reiteradamente que dejen morir a su hija. Por si esto fuera poco, el Comit\u00e9 de Etica Asistencial del Hospital ha dictaminado a favor de quitar la sonda nasog\u00e1strica y dejar morir a la paciente. Adem\u00e1s al rebufo de este dilema \u00e9tico, con un claro oportunismo, algunos \u2018pol\u00edticos\u2019 aprovechan para declarar solemnemente que cuando ellos lleguen al poder cambiar\u00e1n la legislaci\u00f3n sobre la eutanasia y estos asuntos dejaran de ser problema.<\/p>\n<p>Me preocupa que la opini\u00f3n p\u00fablica se intoxique con la idea de que estos m\u00e9dicos est\u00e1n ejerciendo una mala praxis al enrocarse en una perversa obstinaci\u00f3n terap\u00e9utica, prefiero pensar que tendr\u00e1n sus razones t\u00e9cnicas y \u00e9ticas que justifiquen su actitud.<\/p>\n<p>No conozco a mis colegas del Hospital Cl\u00ednico de Santiago y tampoco tengo noticias detalladas del cuadro cl\u00ednico que padece esta paciente pero s\u00ed estoy seguro que cuando los pediatras responsables mantienen la postura de resistir la presi\u00f3n medi\u00e1tica y no obedecer la recomendaci\u00f3n del Comit\u00e9 de \u00c9tica Asistencial (en ning\u00fan caso vinculante) es por razones que solo ellos conocen y que ser\u00e1n el resultado de una reflexi\u00f3n meditada.<\/p>\n<p>Me preocupa que en este debate se haya perdido la confianza en el equipo m\u00e9dico que es sin duda, el pilar fundamental en el que se apoya una buena praxis m\u00e9dica. Resulta evidente que ya no hay simbiosis de intereses mutuos entre el m\u00e9dico y la familia tal como contempla muy bien el C\u00f3digo de Deontolog\u00eda M\u00e9dica cuando apunta que \u00abLa asistencia m\u00e9dica exige una relaci\u00f3n plena de entendimiento y confianza entre el m\u00e9dico y el paciente\u00bb. (art.8.2).<\/p>\n<p>Conviene que la opini\u00f3n p\u00fablica sepa que la \u00e9tica m\u00e9dica ante los enfermos incurables o terminales nunca los abandona sino que recomienda como buena praxis si no es posible curar, hay que cuidar, adem\u00e1s de consolar y acompa\u00f1ar. Para esto existen las unidades de Cuidados Paliativos en donde se van limitando las estrategias de tratamiento hasta llegar a establecer una adecuaci\u00f3n din\u00e1mica del esfuerzo terap\u00e9utico seg\u00fan la evoluci\u00f3n del paciente.<\/p>\n<p>En este situaci\u00f3n nos encontramos cada d\u00eda en cualquier hospital donde se retiran, o se ajustan e incluso no se instauran tratamientos cuando se presume que no van a mejorar el pron\u00f3stico del enfermo. Esto en modo alguno es una pr\u00e1ctica eutan\u00e1sica sino todo lo contrario, son actos repletos de ciencia, de prudencia y rigor cient\u00edfico que fundamentan una buena pr\u00e1ctica m\u00e9dica. En estos casos, me parece incluso m\u00e1s acertado abandonar el t\u00e9rmino de \u00ablimitaci\u00f3n del esfuerzo terap\u00e9utico\u00bb ya que no se trata de ninguna limitaci\u00f3n de tratamientos sino de una adecuaci\u00f3n de los mismos a la situaci\u00f3n cl\u00ednica del paciente.<\/p>\n<p>En este orden de cosas es en el que hay que situar el n\u00facleo del dilema \u00e9tico del caso que nos ocupa ya que algunos piden retirar la alimentaci\u00f3n artificial por sonda y no es f\u00e1cil decidir si esta es una medida proporcionada y ordinaria o es al contrario desproporcionada y futil.<\/p>\n<p>Entiendo perfectamente que los m\u00e9dicos puedan dudar y opinar de forma contraria, pero prefiero quedarme con el criterio de los profesionales que atienden a la ni\u00f1a ya que posiblemente durante un tiempo la alimentaci\u00f3n por sonda ha sido un medio ordinario de soporte b\u00e1sico, pero en cualquier momento puede dejar de serlo cuando se agrave la enfermedad en cuyo caso la sonda para alimentar puede ser una medida extraordinaria de muy dudosa recomendaci\u00f3n.<\/p>\n<p>Por todo ello, me arriesgo a apostar por la rectitud de los colegas del Hospital Cl\u00ednico entendiendo, en raz\u00f3n a lo que he le\u00eddo, que no hay una obstinaci\u00f3n terap\u00e9utica mientras no se mantengan medidas futiles, desproporcionadas o extraordinarias.<\/p>\n<p>Al final parece que ser\u00e1 un juez el que dictamine que hacer en este caso, pero personalmente-si yo fuera el responsable de este asunto har\u00eda valida la idea de Felipe Gonz\u00e1lez Vic\u00e9n cuando dice \u00abNo hay un fundamento \u00e9tico para la obediencia al derecho y si un fundamento \u00e9tico absoluto para desobedecerlo\u00bb.<\/p>\n","protected":false},"excerpt":{"rendered":"<p>Diario, El Sur (M\u00e1laga) 3 octubre 201512:47 Me imagino el \u2018calvario\u2019 que estar\u00e1n pasando los pediatras del Hospital Cl\u00ednico de Santiago que atienden a la ni\u00f1a gallega cuyos padres le piden reiteradamente que dejen morir a su hija. Por si esto fuera poco, el Comit\u00e9 de Etica Asistencial del Hospital ha dictaminado a favor de&#8230;<\/p>\n","protected":false},"author":1,"featured_media":0,"comment_status":"closed","ping_status":"open","sticky":false,"template":"","format":"standard","meta":{"_kadence_starter_templates_imported_post":false,"_kad_post_transparent":"","_kad_post_title":"","_kad_post_layout":"","_kad_post_sidebar_id":"","_kad_post_content_style":"","_kad_post_vertical_padding":"","_kad_post_feature":"","_kad_post_feature_position":"","_kad_post_header":false,"_kad_post_footer":false,"_kad_post_classname":"","_jetpack_newsletter_access":"","_jetpack_dont_email_post_to_subs":false,"_jetpack_newsletter_tier_id":0,"_jetpack_memberships_contains_paywalled_content":false,"_jetpack_memberships_contains_paid_content":false,"footnotes":""},"categories":[3],"tags":[],"class_list":["post-331","post","type-post","status-publish","format-standard","hentry","category-sin-categoria"],"jetpack_sharing_enabled":true,"jetpack_featured_media_url":"","post_mailing_queue_ids":[],"_links":{"self":[{"href":"https:\/\/expertosenetica.com\/index.php\/wp-json\/wp\/v2\/posts\/331","targetHints":{"allow":["GET"]}}],"collection":[{"href":"https:\/\/expertosenetica.com\/index.php\/wp-json\/wp\/v2\/posts"}],"about":[{"href":"https:\/\/expertosenetica.com\/index.php\/wp-json\/wp\/v2\/types\/post"}],"author":[{"embeddable":true,"href":"https:\/\/expertosenetica.com\/index.php\/wp-json\/wp\/v2\/users\/1"}],"replies":[{"embeddable":true,"href":"https:\/\/expertosenetica.com\/index.php\/wp-json\/wp\/v2\/comments?post=331"}],"version-history":[{"count":0,"href":"https:\/\/expertosenetica.com\/index.php\/wp-json\/wp\/v2\/posts\/331\/revisions"}],"wp:attachment":[{"href":"https:\/\/expertosenetica.com\/index.php\/wp-json\/wp\/v2\/media?parent=331"}],"wp:term":[{"taxonomy":"category","embeddable":true,"href":"https:\/\/expertosenetica.com\/index.php\/wp-json\/wp\/v2\/categories?post=331"},{"taxonomy":"post_tag","embeddable":true,"href":"https:\/\/expertosenetica.com\/index.php\/wp-json\/wp\/v2\/tags?post=331"}],"curies":[{"name":"wp","href":"https:\/\/api.w.org\/{rel}","templated":true}]}}