{"id":372,"date":"2017-01-30T12:43:30","date_gmt":"2017-01-30T12:43:30","guid":{"rendered":"https:\/\/expertosenetica.com\/?p=372"},"modified":"2017-01-30T12:43:30","modified_gmt":"2017-01-30T12:43:30","slug":"hacia-donde-va-la-profesion-medica-conferencia-del-prof-villanueva-en-el-curso-de-expertos","status":"publish","type":"post","link":"https:\/\/expertosenetica.com\/index.php\/2017\/01\/30\/hacia-donde-va-la-profesion-medica-conferencia-del-prof-villanueva-en-el-curso-de-expertos\/","title":{"rendered":"\u00ab\u00bfHacia d\u00f3nde va la profesi\u00f3n m\u00e9dica?\u00bb. Conferencia del Prof. Villanueva en el Curso de Expertos."},"content":{"rendered":"<figure id=\"attachment_373\" aria-describedby=\"caption-attachment-373\" style=\"width: 1600px\" class=\"wp-caption alignleft\"><a href=\"https:\/\/expertosenetica.com\/wp-content\/uploads\/2017\/01\/12-01-17-FOTO-1CONFERENCIANTES-Y-COORDINADORES.jpg\"><img loading=\"lazy\" decoding=\"async\" class=\"size-full wp-image-373\" src=\"https:\/\/expertosenetica.com\/wp-content\/uploads\/2017\/01\/12-01-17-FOTO-1CONFERENCIANTES-Y-COORDINADORES.jpg\" alt=\"El Prof. Mora y los Dres. Fern\u00e1ndez-Crehuet, Castellano, Villanueva y Viola, antes de la sesi\u00f3n\" width=\"1600\" height=\"1200\" srcset=\"https:\/\/expertosenetica.com\/wp-content\/uploads\/2017\/01\/12-01-17-FOTO-1CONFERENCIANTES-Y-COORDINADORES.jpg 1600w, https:\/\/expertosenetica.com\/wp-content\/uploads\/2017\/01\/12-01-17-FOTO-1CONFERENCIANTES-Y-COORDINADORES-300x225.jpg 300w, https:\/\/expertosenetica.com\/wp-content\/uploads\/2017\/01\/12-01-17-FOTO-1CONFERENCIANTES-Y-COORDINADORES-1024x768.jpg 1024w, https:\/\/expertosenetica.com\/wp-content\/uploads\/2017\/01\/12-01-17-FOTO-1CONFERENCIANTES-Y-COORDINADORES-768x576.jpg 768w, https:\/\/expertosenetica.com\/wp-content\/uploads\/2017\/01\/12-01-17-FOTO-1CONFERENCIANTES-Y-COORDINADORES-1536x1152.jpg 1536w\" sizes=\"auto, (max-width: 1600px) 100vw, 1600px\" \/><\/a><figcaption id=\"caption-attachment-373\" class=\"wp-caption-text\">El Prof. Mora y los Dres. Fern\u00e1ndez-Crehuet, Castellano, Villanueva y Viola, antes de la sesi\u00f3n<\/figcaption><\/figure>\n<p>Al principio de su intervenci\u00f3n, el Prof. Villanueva se hac\u00eda una pregunta, aparentemente ret\u00f3rica, pero que expresaba bien la inquietud de muchos profesionales sobre el futuro de la medicina y de su propia profesi\u00f3n: \u00ab\u00bfHacia d\u00f3nde vas m\u00e9dico?\u00bb<\/p>\n<p>Hasta el presente, la profesi\u00f3n m\u00e9dica ha estado presidida por la ciencia y el amor al paciente. El t\u00edtulo, dec\u00eda el Dr. Villanueva, nos lo da la Universidad, pero \u201cla calidad de m\u00e9dico\u201d nuestros pacientes.<\/p>\n<p>Las relaci\u00f3n entre medico y paciente ha sufrido grandes transformaciones en los \u00faltimos a\u00f1os; esos cambios nos llevan a cuestionarnos el propio sentido de la profesi\u00f3n m\u00e9dica, a preguntarnos si el modelo de m\u00e9dico que hemos conocido hasta ahora no est\u00e1 evolucionando hacia un \u201ct\u00e9cnico\u201d en Medicina que se limita a attender, en lo posible, las demandas de sus pacientes. El medico podr\u00e1 curar, pero corre el riesgo de dejar de ser medico.<\/p>\n<p>Como dir\u00e1 Robert M. Veatch (2009), los m\u00e9dicos \u00abya no tienen que determinar lo que va a beneficiar a sus pacientes. Es el propio paciente el\u00a0 que, en <strong>el mundo de la nueva medicina<\/strong>, tienen que hacerse cargo de su tratamiento\u00bb. \u00a0Los pacientes tienen que asumir toda la decisi\u00f3n. El papel del m\u00e9dico es solo diagnosticar. Lo dem\u00e1s son juicios de valor, que s\u00f3lo competen al paciente<strong>. El concepto de informar ha de cambiar. En suma, <\/strong><strong>\u00a1El principio de beneficencia ha quedado definitivamente enterrado y con \u00e9l el arte m\u00e9dico. La nueva medicina ser\u00e1 s\u00f3lo ciencia!<\/strong><\/p>\n<p>La medicina actual, condicionada, en parte, por estos \u201cnuevos aires\u201d, ha llevado, de una parte, a que se deteriore la relacion entre m\u00e9dico paciente, al aumento exponencial de denuncias por mala praxis, incluso, a numerosos episodios de violencia contra los m\u00e9dicos.<\/p>\n<p>Ante estas situaci\u00f3n, Villanueva aboga por una comprensi\u00f3n m\u00e1s profunda y actual del principio de autonom\u00eda del paciente, manifestado en un uso responsable del consentimiento informado, que legitima el acto m\u00e9dico. El m\u00e9dico ya no habla desde una posici\u00f3n de superioridad, no se impone, pero asume una posici\u00f3n de garante (ley autonom\u00eda, art. 9), que posibilita la confianza del paciente, y deja a salvo, en lo fundamental, el principio de beneficencia.<\/p>\n<p>Tan importante es insistir y garantizar los derechos del paciente, como los del medico. En este sentido, se extendi\u00f3 en tres derechos fundamentals de los medicos: de una pafrte, la libertad de m\u00e9todo y la libertad de prescripci\u00f3n y, de otra -como ultimo recurso- la objeci\u00f3n de conciencia.<\/p>\n<p>&nbsp;<\/p>\n","protected":false},"excerpt":{"rendered":"<p>Al principio de su intervenci\u00f3n, el Prof. Villanueva se hac\u00eda una pregunta, aparentemente ret\u00f3rica, pero que expresaba bien la inquietud de muchos profesionales sobre el futuro de la medicina y de su propia profesi\u00f3n: \u00ab\u00bfHacia d\u00f3nde vas m\u00e9dico?\u00bb Hasta el presente, la profesi\u00f3n m\u00e9dica ha estado presidida por la ciencia y el amor al paciente&#8230;.<\/p>\n","protected":false},"author":1,"featured_media":0,"comment_status":"closed","ping_status":"open","sticky":false,"template":"","format":"standard","meta":{"_kadence_starter_templates_imported_post":false,"_kad_post_transparent":"","_kad_post_title":"","_kad_post_layout":"","_kad_post_sidebar_id":"","_kad_post_content_style":"","_kad_post_vertical_padding":"","_kad_post_feature":"","_kad_post_feature_position":"","_kad_post_header":false,"_kad_post_footer":false,"_kad_post_classname":"","_jetpack_newsletter_access":"","_jetpack_dont_email_post_to_subs":false,"_jetpack_newsletter_tier_id":0,"_jetpack_memberships_contains_paywalled_content":false,"_jetpack_memberships_contains_paid_content":false,"footnotes":""},"categories":[11],"tags":[],"class_list":["post-372","post","type-post","status-publish","format-standard","hentry","category-deontologia"],"jetpack_sharing_enabled":true,"jetpack_featured_media_url":"","post_mailing_queue_ids":[],"_links":{"self":[{"href":"https:\/\/expertosenetica.com\/index.php\/wp-json\/wp\/v2\/posts\/372","targetHints":{"allow":["GET"]}}],"collection":[{"href":"https:\/\/expertosenetica.com\/index.php\/wp-json\/wp\/v2\/posts"}],"about":[{"href":"https:\/\/expertosenetica.com\/index.php\/wp-json\/wp\/v2\/types\/post"}],"author":[{"embeddable":true,"href":"https:\/\/expertosenetica.com\/index.php\/wp-json\/wp\/v2\/users\/1"}],"replies":[{"embeddable":true,"href":"https:\/\/expertosenetica.com\/index.php\/wp-json\/wp\/v2\/comments?post=372"}],"version-history":[{"count":0,"href":"https:\/\/expertosenetica.com\/index.php\/wp-json\/wp\/v2\/posts\/372\/revisions"}],"wp:attachment":[{"href":"https:\/\/expertosenetica.com\/index.php\/wp-json\/wp\/v2\/media?parent=372"}],"wp:term":[{"taxonomy":"category","embeddable":true,"href":"https:\/\/expertosenetica.com\/index.php\/wp-json\/wp\/v2\/categories?post=372"},{"taxonomy":"post_tag","embeddable":true,"href":"https:\/\/expertosenetica.com\/index.php\/wp-json\/wp\/v2\/tags?post=372"}],"curies":[{"name":"wp","href":"https:\/\/api.w.org\/{rel}","templated":true}]}}