{"id":384,"date":"2017-02-11T13:08:07","date_gmt":"2017-02-11T13:08:07","guid":{"rendered":"https:\/\/expertosenetica.com\/?p=384"},"modified":"2017-02-11T13:08:07","modified_gmt":"2017-02-11T13:08:07","slug":"vientres-de-alquiler-y-dignidad-humana-dr-joaquin-fernandez-crehuet","status":"publish","type":"post","link":"https:\/\/expertosenetica.com\/index.php\/2017\/02\/11\/vientres-de-alquiler-y-dignidad-humana-dr-joaquin-fernandez-crehuet\/","title":{"rendered":"Vientres de alquiler y dignidad humana (Dr. Joaqu\u00edn Fern\u00e1ndez-Crehuet)"},"content":{"rendered":"<p><a href=\"https:\/\/expertosenetica.com\/wp-content\/uploads\/2017\/02\/nuevo-logo-SUR.jpg\"><img loading=\"lazy\" decoding=\"async\" class=\"alignleft  wp-image-385\" src=\"https:\/\/expertosenetica.com\/wp-content\/uploads\/2017\/02\/nuevo-logo-SUR-1024x352.jpg\" alt=\"nuevo-logo-SUR\" width=\"550\" height=\"189\" srcset=\"https:\/\/expertosenetica.com\/wp-content\/uploads\/2017\/02\/nuevo-logo-SUR-1024x352.jpg 1024w, https:\/\/expertosenetica.com\/wp-content\/uploads\/2017\/02\/nuevo-logo-SUR-300x103.jpg 300w, https:\/\/expertosenetica.com\/wp-content\/uploads\/2017\/02\/nuevo-logo-SUR-768x264.jpg 768w, https:\/\/expertosenetica.com\/wp-content\/uploads\/2017\/02\/nuevo-logo-SUR.jpg 1308w\" sizes=\"auto, (max-width: 550px) 100vw, 550px\" \/><\/a><\/p>\n<p>&nbsp;<\/p>\n<p>&nbsp;<\/p>\n<p>&nbsp;<\/p>\n<div class=\"offset1\">\n<div class=\"byline\">\n<div class=\"datos\">\n<p class=\"autor\">JOAQU\u00cdN FERN\u00c1NDEZ-CREHUET NAVAJAS. Director de la C\u00e1tedra de \u00c9tica M\u00e9dica Hospital del \u00c1ngel.<\/p>\n<\/div>\n<p class=\"date\"><time datetime=\"2017-02-11 09:58:50\">Diario Sur. M\u00e1laga, 11 febrero 2017 <\/time><\/p>\n<\/div>\n<\/div>\n<div id=\"colC\"><\/div>\n<div id=\"news_social_network-sticky-wrapper\" class=\"sticky-wrapper is-sticky\"><a href=\"https:\/\/expertosenetica.com\/wp-content\/uploads\/2017\/02\/subrogancy.jpg\"><img loading=\"lazy\" decoding=\"async\" class=\"alignleft  wp-image-386\" src=\"https:\/\/expertosenetica.com\/wp-content\/uploads\/2017\/02\/subrogancy.jpg\" alt=\"subrogancy\" width=\"450\" height=\"304\" srcset=\"https:\/\/expertosenetica.com\/wp-content\/uploads\/2017\/02\/subrogancy.jpg 400w, https:\/\/expertosenetica.com\/wp-content\/uploads\/2017\/02\/subrogancy-300x203.jpg 300w\" sizes=\"auto, (max-width: 450px) 100vw, 450px\" \/><\/a><\/div>\n<section class=\"offset1 contenido\">\n<div id=\"ccronica\">\n<p>Desde el punto de vista \u00e9tico, me postulo claramente en contra de la maternidad subrogada, a la que algunos ya presentan como una t\u00e9cnica novedosa de reproducci\u00f3n asistida, considerando al \u00fatero como una especie de &#8216;asistente&#8217; que ayuda a concebir un hijo. En esta situaci\u00f3n, la mujer alquilada como asistente, se transforma siempre en un medio manipulable para dejar de ser considerada como una realidad digna por s\u00ed misma.<\/p>\n<p>Los avances cient\u00edficos actuales tienen una capacidad inmensa para hacer y experimentar sobre las fuentes mismas de la vida, hoy m\u00e1s que nunca la humanidad est\u00e1 en una encrucijada entre dos grandes posibilidades: una es la de poner la ciencia al servicio de las personas desde el respeto a su dignidad y otra es utilizarla sin ninguna limitaci\u00f3n \u00e9tica, solo buscando la utilidad de los resultados.<\/p>\n<p>De una forma simplista, podemos resumir que en Medicina, hay dos tendencias \u00e9ticas que a veces se enfrentan. La deontol\u00f3gica que parte de unos principios previos que hay que respetar, al entender que cualquier acto tiene un valor intr\u00ednseco que debe ser valorado, y la corriente utilitarista que entiende que la eticidad se mide por las consecuencias y defiende que toda acci\u00f3n capaz de hacer el bien para el mayor n\u00famero de personas, es siempre correcta. En medio nace el proporcionalismo que trata de buscar una soluci\u00f3n amigable entre ambas, justificando conductas que por estar intencionalmente dirigidas a un fin bueno, permitan leg\u00edtimamente aceptar que se den ciertos males en el proceso. El problema de esta opci\u00f3n es caer en el &#8216;buenismo&#8217; que ocurre cuando por razones compasivas y de mucha carga afectiva, se violenta alg\u00fan valor fundamental que deben ser siempre irrenunciable como es el caso de la dignidad humana.<\/p>\n<div id=\"roba_cintillo\"><\/div>\n<p>La \u00e9tica m\u00e9dica espa\u00f1ola, trata de hacer equilibrios en sus C\u00f3digo de Deontolog\u00eda no siendo radical de una ni otra tendencia aunque propone como principio b\u00e1sico que la dignidad es algo que no debe violentarse. (El Art\u00edculo 5 del vigente C\u00f3digo deontolog\u00eda, indica que la profesi\u00f3n m\u00e9dica est\u00e1 al servicio del ser humano y de la sociedad y respetar la vida humana, la dignidad de la persona son los deberes primordiales del m\u00e9dico).<\/p>\n<p>El caso de la maternidad subrogada o vientre de alquiler, a mi juicio, violenta la dignidad de los dos actores principales, la madre y el hijo concebido y por, extensi\u00f3n, a los que participan en el proceso, aunque en todos ellos prevalezca la mejor de las intenciones.<\/p>\n<p>No hay duda de que la violencia a la dignidad de la mujer radica en el hecho de ser tratada como un objeto, instrumento de uso. Kant en su Metaf\u00edsica de las costumbres lo fundamenta de forma palmaria \u00ab. el hombre no puede ser tratado por ning\u00fan hombre (ni por otro, ni siquiera por s\u00ed mismo) como un simple instrumento, sino siempre, a la vez, como un fin; y en ello estriba su dignidad\u00bb. Por ello transformar a alguien en simple instrumento, es mancillar su grandeza constitutiva, considerando a la persona (alguien) como cosa (algo).<\/p>\n<p>En cualquier caso, la mujer que presta su \u00fatero no es una vasija, tal como defiende acertadamente un manifiesto feminista. La doctora Natalia L\u00f3pez Moratalla, catedr\u00e1tica de Bioqu\u00edmica ha estudiado con gran rigor el apego materno filial desde el comienzo del embarazo, demostrando la existencia de un aut\u00e9ntico v\u00ednculo. El v\u00ednculo se produce tanto a nivel celular como en el apego afectivo, cuyo centro neuronal est\u00e1 en el cerebro. La progenitora y su ni\u00f1o desarrollan as\u00ed un nexo que tiene una fuerte base biol\u00f3gica desde las primeras semanas de la gestaci\u00f3n. Adem\u00e1s, se produce una continua comunicaci\u00f3n materno-filial en el embarazo: \u00abDesde el inicio, y mientras el embri\u00f3n atraviesa las trompas de Falopio maternas, env\u00eda avisos moleculares y la madre responde, estableci\u00e9ndose un di\u00e1logo molecular por el que el embri\u00f3n recibe &#8216;energ\u00edas&#8217; para vivir y ambos se preparan a pasar esos 9 meses de vida en simbiosis\u00bb.<\/p>\n<p>Conociendo estas realidades biol\u00f3gicas, se entiende la subrogaci\u00f3n gestacional como una autentica instrumentalizaci\u00f3n de la mujer como una ofensa grave contra su dignidad, m\u00e1s todav\u00eda si consideramos que, en la mayor\u00eda de los casos, se trata de mujeres que cobran por dicho sometimiento contractual. Pero ni siquiera en los casos de altruismo absoluto (que, de hecho, se dan rara vez), esta pr\u00e1ctica no se convierte en \u00e9tica aunque vaya adornada por un &#8216;buenismo&#8217; estremecedor ya que los riesgos del embarazo no se minimizan por ello. La posible ces\u00e1rea como forma habitual de terminar estos embarazos, los peligros de una gestaci\u00f3n m\u00faltiple junto con las restricciones y cuidados durante el embarazo entre otras, son razones suficientes a tener en cuenta a la hora de valorar la dimensi\u00f3n \u00e9tica del problema.<\/p>\n<p>El antropocentrismo actual exalta la libertad desvinculada de la ley natural y con ello aspira a conseguir unos nuevos derechos sociales desvinculados de la naturaleza moral del ser humano. Algunos quieren presentar el asunto del vientre de alquiler como un avance progresista cuando en realidad no es m\u00e1s que un retroceso en materia de derechos humanos fundado en el relativismo \u00e9tico que impregna nuestra cultura.<\/p>\n<p>En estos d\u00edas se discute en reuniones de grupos pol\u00edticos este tema y se acuerda dejar a los parlamentarios libertad de conciencia para decidir. Yo les recomiendo a sus se\u00f1or\u00edas que antes de decidir tengan buena conciencia para discernir con rectitud sobre su hipot\u00e9tica legalizaci\u00f3n. Para ello recuerden lo que indic\u00f3 el Parlamento Europeo en diciembre de 2015: \u00abLa pr\u00e1ctica de la maternidad subrogada es incompatible con una sociedad civilizada\u00bb.<\/p>\n<\/div>\n<\/section>\n","protected":false},"excerpt":{"rendered":"<p>&nbsp; &nbsp; &nbsp; JOAQU\u00cdN FERN\u00c1NDEZ-CREHUET NAVAJAS. Director de la C\u00e1tedra de \u00c9tica M\u00e9dica Hospital del \u00c1ngel. Diario Sur. M\u00e1laga, 11 febrero 2017 Desde el punto de vista \u00e9tico, me postulo claramente en contra de la maternidad subrogada, a la que algunos ya presentan como una t\u00e9cnica novedosa de reproducci\u00f3n asistida, considerando al \u00fatero como una&#8230;<\/p>\n","protected":false},"author":1,"featured_media":0,"comment_status":"closed","ping_status":"open","sticky":false,"template":"","format":"standard","meta":{"_kadence_starter_templates_imported_post":false,"_kad_post_transparent":"","_kad_post_title":"","_kad_post_layout":"","_kad_post_sidebar_id":"","_kad_post_content_style":"","_kad_post_vertical_padding":"","_kad_post_feature":"","_kad_post_feature_position":"","_kad_post_header":false,"_kad_post_footer":false,"_kad_post_classname":"","_jetpack_newsletter_access":"","_jetpack_dont_email_post_to_subs":false,"_jetpack_newsletter_tier_id":0,"_jetpack_memberships_contains_paywalled_content":false,"_jetpack_memberships_contains_paid_content":false,"footnotes":""},"categories":[9],"tags":[],"class_list":["post-384","post","type-post","status-publish","format-standard","hentry","category-etica-medica"],"jetpack_sharing_enabled":true,"jetpack_featured_media_url":"","post_mailing_queue_ids":[],"_links":{"self":[{"href":"https:\/\/expertosenetica.com\/index.php\/wp-json\/wp\/v2\/posts\/384","targetHints":{"allow":["GET"]}}],"collection":[{"href":"https:\/\/expertosenetica.com\/index.php\/wp-json\/wp\/v2\/posts"}],"about":[{"href":"https:\/\/expertosenetica.com\/index.php\/wp-json\/wp\/v2\/types\/post"}],"author":[{"embeddable":true,"href":"https:\/\/expertosenetica.com\/index.php\/wp-json\/wp\/v2\/users\/1"}],"replies":[{"embeddable":true,"href":"https:\/\/expertosenetica.com\/index.php\/wp-json\/wp\/v2\/comments?post=384"}],"version-history":[{"count":0,"href":"https:\/\/expertosenetica.com\/index.php\/wp-json\/wp\/v2\/posts\/384\/revisions"}],"wp:attachment":[{"href":"https:\/\/expertosenetica.com\/index.php\/wp-json\/wp\/v2\/media?parent=384"}],"wp:term":[{"taxonomy":"category","embeddable":true,"href":"https:\/\/expertosenetica.com\/index.php\/wp-json\/wp\/v2\/categories?post=384"},{"taxonomy":"post_tag","embeddable":true,"href":"https:\/\/expertosenetica.com\/index.php\/wp-json\/wp\/v2\/tags?post=384"}],"curies":[{"name":"wp","href":"https:\/\/api.w.org\/{rel}","templated":true}]}}