{"id":388,"date":"2017-02-17T11:08:06","date_gmt":"2017-02-17T11:08:06","guid":{"rendered":"https:\/\/expertosenetica.com\/?p=388"},"modified":"2017-02-17T11:08:06","modified_gmt":"2017-02-17T11:08:06","slug":"conferencia-de-prfa-eloisa-fernandez-multiculturalidad-y-eticidad-en-las-ciencias-de-la-salud","status":"publish","type":"post","link":"https:\/\/expertosenetica.com\/index.php\/2017\/02\/17\/conferencia-de-prfa-eloisa-fernandez-multiculturalidad-y-eticidad-en-las-ciencias-de-la-salud\/","title":{"rendered":"Conferencia de Prfa. Eloisa Fern\u00e1ndez: \u00abMulticulturalidad y eticidad en las Ciencias de la Salud\u00bb."},"content":{"rendered":"<p>Resumen de su intervenci\u00f3n (9 de febrero de 2017).<\/p>\n<p>Vivimos en un mundo cada vez mas interrelacionado mediante v\u00ednculos econ\u00f3micos, pol\u00edticos y sociales gracias a las tecnolog\u00edas de la informaci\u00f3n y la comunicaci\u00f3n, lo que da lugar a potentes redes de interdependencia entre todas las regiones del mundo en lo que se ha denominado \u201caldea global\u201d.<\/p>\n<p><a href=\"https:\/\/expertosenetica.com\/wp-content\/uploads\/2017\/02\/09-02-17-FOTO-1-CONFERENCIANTES-Y-ASISTENTES-1.jpg\"><img loading=\"lazy\" decoding=\"async\" class=\"alignleft size-large wp-image-390\" src=\"https:\/\/expertosenetica.com\/wp-content\/uploads\/2017\/02\/09-02-17-FOTO-1-CONFERENCIANTES-Y-ASISTENTES-1-1024x768.jpg\" alt=\"09-02-17 FOTO 1 CONFERENCIANTES Y ASISTENTES\" width=\"474\" height=\"356\" srcset=\"https:\/\/expertosenetica.com\/wp-content\/uploads\/2017\/02\/09-02-17-FOTO-1-CONFERENCIANTES-Y-ASISTENTES-1-1024x768.jpg 1024w, https:\/\/expertosenetica.com\/wp-content\/uploads\/2017\/02\/09-02-17-FOTO-1-CONFERENCIANTES-Y-ASISTENTES-1-300x225.jpg 300w, https:\/\/expertosenetica.com\/wp-content\/uploads\/2017\/02\/09-02-17-FOTO-1-CONFERENCIANTES-Y-ASISTENTES-1-768x576.jpg 768w, https:\/\/expertosenetica.com\/wp-content\/uploads\/2017\/02\/09-02-17-FOTO-1-CONFERENCIANTES-Y-ASISTENTES-1-1536x1152.jpg 1536w, https:\/\/expertosenetica.com\/wp-content\/uploads\/2017\/02\/09-02-17-FOTO-1-CONFERENCIANTES-Y-ASISTENTES-1.jpg 1600w\" sizes=\"auto, (max-width: 474px) 100vw, 474px\" \/><\/a><\/p>\n<p>Estos cambios producen flujos migratorios importantes, que han originado la llegada masiva de inmigrantes a nuestro pa\u00eds procedentes de Sudam\u00e9rica, El Magreb, \u00c1frica Subsahariana, Asia y Europa del Este. Esta poblaci\u00f3n es mayoritariamente joven, laboralmente activa y con tasas de fecundidad m\u00e1s altas que la poblaci\u00f3n aut\u00f3ctona.<\/p>\n<p>Esta realidad incide en los profesionales de la salud, que debemos ser conscientes de la nueva situaci\u00f3n demogr\u00e1fica, de manera que se pueda dar respuesta a las necesidades de asistencia sanitaria de esta poblaci\u00f3n atendiendo a los siguientes principios \u00e9ticos:<\/p>\n<ol>\n<li>Todos los seres humanos desean ser atendidos seg\u00fan su perspectiva cultural.<\/li>\n<li>La atenci\u00f3n culturalmente apropiada es muy significativa para las personas tanto enfermas como sanas siendo un potente generador de progresos curativos.<\/li>\n<li>Los profesionales sanitarios necesitan incorporar valores, creencias y modos de vida a su atenci\u00f3n para que mejore o sea congruente con el estilo de vida e intereses de las personas y beneficiarlas terap\u00e9uticamente.<\/li>\n<li>La atenci\u00f3n profesional y culturalmente apropiada muestra capacidad curativa para las personas.<\/li>\n<li>La recuperaci\u00f3n de la enfermedad o de la discapacidad o el duelo necesita que el profesional comprenda la totalidad de la manera de ser de las personas y sus maneras de cuidar para ayudarlas.<\/li>\n<li>Aunque la atenci\u00f3n integral y los factores culturales son a menudo invisibles, o poco valorados por la sociedad, son con frecuencia factores cr\u00edticos para ayudar a las personas.<\/li>\n<li>El mayor deseo de las personas cuando solicitan asistencia sanitaria es recibir una atenci\u00f3n respetuosa y sensible.<\/li>\n<li>Cuando los valores culturales son comprendidos y la atenci\u00f3n sanitaria los tiene en cuenta, se favorece la cooperaci\u00f3n de las personas y disminuyen los sentimientos de incomprensi\u00f3n y rechazo.<\/li>\n<\/ol>\n<p>Por tanto, los profesionales que desean facilitar una asistencia sanitaria multicultural, segura y eficaz, precisan una comunicaci\u00f3n intercultural eficaz, lo que les obliga a poseer conocimientos b\u00e1sicos de las creencias y pr\u00e1cticas que se dan entre los diversos grupos existentes en Espa\u00f1a.<\/p>\n<p>Los primeros estudios que abordaron los cuidados transculturales relacionados con la salud del paciente fueron los de <strong>Madeleine Leininger<\/strong>, enfermera, doctora en antropolog\u00eda y con una maestr\u00eda en filosof\u00eda, que plante\u00f3 que los cuidados deben atender al entorno cultural , que puede presentar semejanzas o diferencias con el de la poblaci\u00f3n atendida, las cuales deben ser identificadas y comprendidas si se desea ofrecer una atenci\u00f3n culturalmente congruente, efectiva y satisfactoria, que respete las creencias culturales, las conducta del cuidado y los valores de los individuos, familias y grupos.<\/p>\n<p>En su libro <em>\u201cTranscultural Nursing: Concepts, Theories, Researh and Practice\u201d<\/em> plante\u00f3 los principales conceptos, nociones te\u00f3ricas y procedimientos pr\u00e1cticos de la enfermer\u00eda transcultural, que defini\u00f3 como el \u00e1rea de estudio y trabajo centrado en el cuidado basado en la cultura, creencias de salud o enfermedad, valores y pr\u00e1cticas de las personas, para ayudarlas a mantener recuperar su salud, o hacer frente a sus p\u00e9rdidas.<\/p>\n<p>En esta labor utiliz\u00f3 la antropolog\u00eda para el desarrollo y aplicaci\u00f3n de m\u00e9todos etnol\u00f3gicos cualitativos, que resaltan la importancia de estudiar a las personas desde el punto de vista de sus conocimientos y experiencias locales o <em>\u00e9mic<\/em> (visi\u00f3n interna ) y despu\u00e9s lo contrasta con los factores <em>\u00e9tic<\/em> (externos), a menudo identificados como pr\u00e1cticas y convicciones de los profesionales de la salud. De esta manera conforma una aproximaci\u00f3n hol\u00edstica al estudio de las conductas culturales en diversos contextos ambientales.<\/p>\n<p>Gran parte de los profesionales de la salud desconocen la atenci\u00f3n y cuidados gen\u00e9ricos <em>\u00e9mic<\/em>, los cuales emplean conceptos y distinciones que son significativos y apropiados para los individuos y por ello se convierten en algo cr\u00edtico para ofrecer un cuidado acorde y preciso. Por tanto, el ideal es fusionar atenci\u00f3n y cuidados gen\u00e9ricos, con atenci\u00f3n y cuidados profesionales, buscando una salud de calidad y acercarse a la competencia cultural, mediante la adquisici\u00f3n de un conocimiento de las categor\u00edas y reglas necesarias para pensar y actuar como uno de ellos.<\/p>\n<p>Es importante tener conciencia de que los estereotipos y los prejuicios, son causas en la mayor\u00eda de los casos de etnocentrismo, con el cual cubrimos nuestras carencias y debilidades, lo que nos vuelve despiadados con el pr\u00f3jimo.<\/p>\n<p>Etnocentrismo e imposici\u00f3n cultural son dos conceptos que deben tenerse en cuenta dentro de la \u00e9tica de los cuidados de salud. El etnocentrismo es la creencia de que los propios valores, creencias y maneras de conocer y hacer son superiores a otras. La imposici\u00f3n cultural se refiere a la tendencia de imponer los propios valores creencias y pr\u00e1cticas etnoc\u00e9ntricas a otra persona o grupo, limitando su libertad (Leininger, 1995). Ambos conceptos est\u00e1n \u00edntimamente ligados y suelen llevar a confrontaciones y conflictos culturales entre profesionales y usuarios.<\/p>\n<p>Comprender la atenci\u00f3n sanitario desde una perspectiva transcultural, implica aprender de las personas sus formas de vida, sus contextos, sus sentimientos, sus preocupaciones, sus creencias, pr\u00e1cticas y valores, en sucesos tan diversos como\u00a0 el nacimiento, la adolescencia, la maternidad, la vejez, la enfermedad y la muerte, con el fin primordial de ofrecer un cuidado coherente con la cultura.<\/p>\n<p>Es, por tanto, obligaci\u00f3n de los profesionales de la salud, tener en cuenta sus culturas, lo que significan sus cuidados a partir de sus valores, pr\u00e1cticas y creencias culturales, constatando que junto a la satisfacci\u00f3n de sus necesidades b\u00e1sicas, es preciso recordar que estas personas poseen conocimientos, pr\u00e1cticas y creencias de sus origen cultural, que nos retan a: descubrir lo que es apropiado o inapropiado de ellas, explorar y documentar c\u00f3mo interact\u00faan las personas entre s\u00ed, c\u00f3mo interpretan y se relacionan con el medio que las rodea y determinar lo que significa para las personas su cosmovisi\u00f3n.<\/p>\n<p>&nbsp;<\/p>\n","protected":false},"excerpt":{"rendered":"<p>Resumen de su intervenci\u00f3n (9 de febrero de 2017). Vivimos en un mundo cada vez mas interrelacionado mediante v\u00ednculos econ\u00f3micos, pol\u00edticos y sociales gracias a las tecnolog\u00edas de la informaci\u00f3n y la comunicaci\u00f3n, lo que da lugar a potentes redes de interdependencia entre todas las regiones del mundo en lo que se ha denominado \u201caldea&#8230;<\/p>\n","protected":false},"author":1,"featured_media":0,"comment_status":"closed","ping_status":"open","sticky":false,"template":"","format":"standard","meta":{"_kadence_starter_templates_imported_post":false,"_kad_post_transparent":"","_kad_post_title":"","_kad_post_layout":"","_kad_post_sidebar_id":"","_kad_post_content_style":"","_kad_post_vertical_padding":"","_kad_post_feature":"","_kad_post_feature_position":"","_kad_post_header":false,"_kad_post_footer":false,"_kad_post_classname":"","_jetpack_newsletter_access":"","_jetpack_dont_email_post_to_subs":false,"_jetpack_newsletter_tier_id":0,"_jetpack_memberships_contains_paywalled_content":false,"_jetpack_memberships_contains_paid_content":false,"footnotes":""},"categories":[3],"tags":[],"class_list":["post-388","post","type-post","status-publish","format-standard","hentry","category-sin-categoria"],"jetpack_sharing_enabled":true,"jetpack_featured_media_url":"","post_mailing_queue_ids":[],"_links":{"self":[{"href":"https:\/\/expertosenetica.com\/index.php\/wp-json\/wp\/v2\/posts\/388","targetHints":{"allow":["GET"]}}],"collection":[{"href":"https:\/\/expertosenetica.com\/index.php\/wp-json\/wp\/v2\/posts"}],"about":[{"href":"https:\/\/expertosenetica.com\/index.php\/wp-json\/wp\/v2\/types\/post"}],"author":[{"embeddable":true,"href":"https:\/\/expertosenetica.com\/index.php\/wp-json\/wp\/v2\/users\/1"}],"replies":[{"embeddable":true,"href":"https:\/\/expertosenetica.com\/index.php\/wp-json\/wp\/v2\/comments?post=388"}],"version-history":[{"count":0,"href":"https:\/\/expertosenetica.com\/index.php\/wp-json\/wp\/v2\/posts\/388\/revisions"}],"wp:attachment":[{"href":"https:\/\/expertosenetica.com\/index.php\/wp-json\/wp\/v2\/media?parent=388"}],"wp:term":[{"taxonomy":"category","embeddable":true,"href":"https:\/\/expertosenetica.com\/index.php\/wp-json\/wp\/v2\/categories?post=388"},{"taxonomy":"post_tag","embeddable":true,"href":"https:\/\/expertosenetica.com\/index.php\/wp-json\/wp\/v2\/tags?post=388"}],"curies":[{"name":"wp","href":"https:\/\/api.w.org\/{rel}","templated":true}]}}