{"id":398,"date":"2017-03-04T17:22:35","date_gmt":"2017-03-04T17:22:35","guid":{"rendered":"https:\/\/expertosenetica.com\/?p=398"},"modified":"2017-03-04T17:22:35","modified_gmt":"2017-03-04T17:22:35","slug":"gestacion-subrogada-o-madres-de-alquiler-a-quien-beneficia","status":"publish","type":"post","link":"https:\/\/expertosenetica.com\/index.php\/2017\/03\/04\/gestacion-subrogada-o-madres-de-alquiler-a-quien-beneficia\/","title":{"rendered":"Gestaci\u00f3n subrogada o madres de alquiler: \u00bfa qui\u00e9n beneficia?"},"content":{"rendered":"<div class=\"content-article-categories\"><\/div>\n<div class=\"article-photo\"><span class=\"set-image-border\"><img decoding=\"async\" class=\"setborder\" src=\"http:\/\/www.observatoriobioetica.org\/wp-content\/uploads\/2017\/02\/original-3-346x300.jpg\" alt=\"Gestaci\u00f3n subrogada o madres de alquiler: \u00bfa qui\u00e9n beneficia?\" \/><\/span><\/div>\n<div class=\"article-controls\">\n<div class=\"right-side\">\n<div class=\"calendar-date\">13 febrero<\/div>\n<div><a class=\"icon-link\" title=\"Entradas de OBSERVATORIO DE BIOETICA UCV\" href=\"http:\/\/www.observatoriobioetica.org\/author\/observatorio-de-bioetica-ucv\" rel=\"author\"><span class=\"icon-text\">&#x1f464;<\/span>por OBSERVATORIO DE BIOETICA UCV<\/a> <a class=\"icon-link\" href=\"http:\/\/www.observatoriobioetica.org\/2017\/02\/madres-de-alquiler-o-gestacion-subrogada-a-quien-beneficia\/18257#comments\"> <span class=\"icon-text\">\ue718<\/span> 1 comentario <\/a><\/div>\n<\/div>\n<div class=\"clear-float\"><\/div>\n<\/div>\n<div class=\"shortcode-content\">\n<p>El debate sobre la <a href=\"http:\/\/www.observatoriobioetica.org\/?s=gestacion+subrogada\" target=\"_blank\" rel=\"noopener noreferrer\"><strong>gestaci\u00f3n subrogada<\/strong><\/a> (t\u00e9rmino eufem\u00edstico que pretende maquillar la realidad de la mujer que se ofrece a gestar a cambio de dinero) est\u00e1 servido en el \u00e1mbito pol\u00edtico y social.<\/p>\n<p>Los grandes defensores de la legalizaci\u00f3n de los \u201c\u00fateros de alquiler\u201d son los grupos LGTBI, en contra de determinados movimientos feministas que la combaten abiertamente -por considerarla una violaci\u00f3n de la dignidad de la mujer- y los grupos defensores de la familia, que lo califican como un atentado contra \u00e9sta, la unidad del matrimonio, la maternidad, la mujer y el propio hijo.<\/p>\n<p>Pero parece que el empuje de los grupos LGTBI y la ideolog\u00eda de g\u00e9nero que los sustenta, est\u00e1 pudiendo contra todos en la pretensi\u00f3n de la legalizaci\u00f3n de esta pr\u00e1ctica, con la aquiescencia de algunos partidos pol\u00edticos. Por cierto, la pretendida legalizaci\u00f3n de esta forma de gestaci\u00f3n solo en caso de que no medie pago econ\u00f3mico, es ingenua e irreal. En pa\u00edses donde se ha propuesto esta opci\u00f3n, la pr\u00e1ctica ausencia de mujeres que acepten gestar altruistamente sigue desplazando a los demandantes hacia pa\u00edses en los que la legalizaci\u00f3n s\u00ed conlleva el pago del \u201cservicio\u201d.<\/p>\n<p>La evidencia cient\u00edfica ha establecido bien la trascendencia de la <strong><a href=\"http:\/\/www.observatoriobioetica.org\/2015\/09\/embrion-humano-y-su-madre-el-dialogo-entre-ambos-se-amplia-al-area-genomica\/9897\" target=\"_blank\" rel=\"noopener noreferrer\">relaci\u00f3n materno-fetal<\/a><\/strong> en la evoluci\u00f3n y el desarrollo del feto y en el establecimiento de v\u00ednculos de apego entre madre e hijo que ser\u00e1n decisivos en su desarrollo postnatal.<\/p>\n<p>La concepci\u00f3n del embarazo como si se tratara de una mera \u201cincubaci\u00f3n\u201d biol\u00f3gica, un proceso de nutrici\u00f3n as\u00e9ptico, sin m\u00e1s v\u00ednculos entre madre e hijo que el desarrollo biol\u00f3gico, supone un grave error cient\u00edfico y antropol\u00f3gico, que deshumaniza a la mujer y a su hijo, devaluando la dignidad que ambos poseen como seres humanos.<\/p>\n<p>Gestar, renunciando a sabiendas a la maternidad posterior, es antinatural. Adem\u00e1s es nefasto para la mujer que gesta, que en muchos casos cambia de opini\u00f3n tras la gestaci\u00f3n reclamando la maternidad del hijo nacido. Pero es tambi\u00e9n un atentado a la dignidad del hijo, que tiene derecho a un padre y una madre, que desea conocer, y que le deben cuidados y cari\u00f1o.<\/p>\n<p>Y no lo decimos nosotros, lo ha dicho el Pleno del Parlamento Europeo el 30 de noviembre de 2015 en el\u00a0\u201cInforme Anual sobre los Derechos Humanos y la Democracia en el mundo 2014\u201d y la pol\u00edtica de la Uni\u00f3n Europea en la materia, en el que se declara: \u201c<em>Condenamos la pr\u00e1ctica de la maternidad de alquiler, puesto que atenta contra la dignidad humana de la mujer desde su cuerpo y sus funciones reproductivas, puesto que se utiliza como una mercanc\u00eda. Consideran que la pr\u00e1ctica de la subrogaci\u00f3n\u00a0gestacional\u00a0que implica la explotaci\u00f3n de reproducci\u00f3n y el uso del cuerpo humano\u00a0con fines de lucro o de otro tipo, en particular en el caso de las mujeres vulnerables en los pa\u00edses en desarrollo, estar\u00e1 prohibida y tratado como una cuesti\u00f3n de urgencia en los instrumentos de derechos humanos<\/em>.\u201d<\/p>\n<p>Si parece perjudicar a tantos \u00bfa qui\u00e9n beneficia, como para soportar tanta presi\u00f3n hacia su legalizaci\u00f3n? Pues fundamentalmente a los que consideran la paternidad y maternidad como un derecho, en beneficio personal, supeditando los dem\u00e1s derechos de los afectados a la consecuci\u00f3n de sus pretensiones. Entre estos se encuentran varones y mujeres, que sin pareja, reclaman la paternidad y maternidad, parejas heterosexuales con problemas de esterilidad o simplemente de hedonismo, que les hace evitar las \u201cmolestias\u201d de un embarazo, y parejas homosexuales o en las que uno de los miembros es transexual, cuyas relaciones sexuales son est\u00e9riles por naturaleza.<\/p>\n<p>Pero parecen ser \u00e9stos \u00faltimos (representados por los colectivos LGTBI) los protagonistas de la presi\u00f3n ideol\u00f3gica y medi\u00e1tica en pos de su legalizaci\u00f3n, muy sensibles al deseo de paternidad y maternidad, y muy beligerantes en su defensa, pero no tanto respecto a las consecuencias de su decisi\u00f3n sobre la mujer y su hijo. La primera, porque que mercantiliza su cuerpo, y fractura su persona por la escisi\u00f3n que supone gestar a un hijo al que se ha decidido abandonar, debiendo contradecir el impulso de donaci\u00f3n e intimidad que naturalmente se establece entre una madre y su hijo. El segundo porque sufre indefenso una decisi\u00f3n que le priva del derecho a conocer y ser cuidado y querido por la madre que le gest\u00f3, y a ser gestado por ser amado.<\/p>\n<p>No todo el que esgrime en sus demandas el derecho a la libertad, la defiende realmente. No parece que pagar a una mujer para geste y renuncie al hijo que pare, por dinero, suponga un avance importante en la conquista de sus libertades. Ni contribuimos al respeto de los derechos del ni\u00f1o, cuya madre gestante lo \u201cvendi\u00f3\u201d a otra persona. Y esto es lo m\u00e1s grave, porque se trata del derecho a ser querido por lo que es en s\u00ed mismo, por quien lo ha engendrado, gestado, parido y criado, que lo deber\u00eda haber hecho porque lo ama, porque vale y merece cuidado de persona; y no tanto como objeto de satisfacci\u00f3n de pretendidos derechos de paternidad y maternidad que deben ser conseguidos a toda costa, desgraciadamente a costa de mujeres pobres y ni\u00f1os indefensos.<\/p>\n<p>*Ver <strong><a href=\"http:\/\/www.observatoriobioetica.org\/2016\/09\/estatuto-biologico-del-embrion-humano-3\/15982\" target=\"_blank\" rel=\"noopener noreferrer\">Estatuto Biol\u00f3gico Embri\u00f3n Humano<\/a>.<\/strong><\/p>\n<p><a href=\"http:\/\/www.observatoriobioetica.org\/wp-content\/uploads\/2015\/02\/julio-tudela.jpg\"><img loading=\"lazy\" decoding=\"async\" class=\"alignnone size-full wp-image-8433\" src=\"http:\/\/www.observatoriobioetica.org\/wp-content\/uploads\/2015\/02\/julio-tudela.jpg\" alt=\"julio-tudela\" width=\"118\" height=\"141\" \/><\/a><\/p>\n<p>Julio Tudela<\/p>\n<p>Observatorio de Bio\u00e9tica<\/p>\n<p>Universidad Cat\u00f3lica de Valencia<\/p>\n<\/div>\n","protected":false},"excerpt":{"rendered":"<p>13 febrero &#x1f464;por OBSERVATORIO DE BIOETICA UCV \ue718 1 comentario El debate sobre la gestaci\u00f3n subrogada (t\u00e9rmino eufem\u00edstico que pretende maquillar la realidad de la mujer que se ofrece a gestar a cambio de dinero) est\u00e1 servido en el \u00e1mbito pol\u00edtico y social. Los grandes defensores de la legalizaci\u00f3n de los \u201c\u00fateros de alquiler\u201d son&#8230;<\/p>\n","protected":false},"author":1,"featured_media":0,"comment_status":"closed","ping_status":"open","sticky":false,"template":"","format":"standard","meta":{"_kadence_starter_templates_imported_post":false,"_kad_post_transparent":"","_kad_post_title":"","_kad_post_layout":"","_kad_post_sidebar_id":"","_kad_post_content_style":"","_kad_post_vertical_padding":"","_kad_post_feature":"","_kad_post_feature_position":"","_kad_post_header":false,"_kad_post_footer":false,"_kad_post_classname":"","_jetpack_newsletter_access":"","_jetpack_dont_email_post_to_subs":false,"_jetpack_newsletter_tier_id":0,"_jetpack_memberships_contains_paywalled_content":false,"_jetpack_memberships_contains_paid_content":false,"footnotes":""},"categories":[13],"tags":[],"class_list":["post-398","post","type-post","status-publish","format-standard","hentry","category-maternidad-subrogada-y-fivet"],"jetpack_sharing_enabled":true,"jetpack_featured_media_url":"","post_mailing_queue_ids":[],"_links":{"self":[{"href":"https:\/\/expertosenetica.com\/index.php\/wp-json\/wp\/v2\/posts\/398","targetHints":{"allow":["GET"]}}],"collection":[{"href":"https:\/\/expertosenetica.com\/index.php\/wp-json\/wp\/v2\/posts"}],"about":[{"href":"https:\/\/expertosenetica.com\/index.php\/wp-json\/wp\/v2\/types\/post"}],"author":[{"embeddable":true,"href":"https:\/\/expertosenetica.com\/index.php\/wp-json\/wp\/v2\/users\/1"}],"replies":[{"embeddable":true,"href":"https:\/\/expertosenetica.com\/index.php\/wp-json\/wp\/v2\/comments?post=398"}],"version-history":[{"count":0,"href":"https:\/\/expertosenetica.com\/index.php\/wp-json\/wp\/v2\/posts\/398\/revisions"}],"wp:attachment":[{"href":"https:\/\/expertosenetica.com\/index.php\/wp-json\/wp\/v2\/media?parent=398"}],"wp:term":[{"taxonomy":"category","embeddable":true,"href":"https:\/\/expertosenetica.com\/index.php\/wp-json\/wp\/v2\/categories?post=398"},{"taxonomy":"post_tag","embeddable":true,"href":"https:\/\/expertosenetica.com\/index.php\/wp-json\/wp\/v2\/tags?post=398"}],"curies":[{"name":"wp","href":"https:\/\/api.w.org\/{rel}","templated":true}]}}