{"id":422,"date":"2017-04-18T08:06:06","date_gmt":"2017-04-18T08:06:06","guid":{"rendered":"https:\/\/expertosenetica.com\/?p=422"},"modified":"2017-04-18T08:06:06","modified_gmt":"2017-04-18T08:06:06","slug":"dr-sanchez-luque-la-atencion-al-final-de-la-vida-o-la-gestacion-por-sustitucion-preocupan-a-los-medicos-y-a-los-ciudadanos","status":"publish","type":"post","link":"https:\/\/expertosenetica.com\/index.php\/2017\/04\/18\/dr-sanchez-luque-la-atencion-al-final-de-la-vida-o-la-gestacion-por-sustitucion-preocupan-a-los-medicos-y-a-los-ciudadanos\/","title":{"rendered":"Dr. S\u00e1nchez Luque: \u201cLa atenci\u00f3n al final de la vida o la gestaci\u00f3n por sustituci\u00f3n preocupan a los m\u00e9dicos y a los ciudadanos\u201d"},"content":{"rendered":"<div class=\"field-entradilla\">\n<p class=\"lastchild\">A tres d\u00edas del comienzo del IV Congreso Nacional de Deontolog\u00eda M\u00e9dica que re\u00fane a los referentes en deontolog\u00eda de todos los colegios de m\u00e9dicos de Espa\u00f1a, el presidente del COM M\u00e1laga, Dr. Juan Jos\u00e9 S\u00e1nchez Luque, anfitri\u00f3n de este encuentro, explica que han decidido abordar temas como la atenci\u00f3n al final de la vida o la gestaci\u00f3n por sustituci\u00f3n porque \u201cpreocupan no s\u00f3lo a los m\u00e9dicos, sino tambi\u00e9n a la sociedad\u201d<\/p>\n<\/div>\n<div id=\"node-openpublish-article-full-group-tools\" class=\"group-tools\">\n<div class=\"fechalugar lastchild\">\u00a0M\u00e1laga17\/04\/2017<span class=\"lastchild\">medicosypacientes.com \/ T. A, <\/span><\/div>\n<\/div>\n<div class=\"field-op-main-image\"><img loading=\"lazy\" decoding=\"async\" class=\"lastchild\" src=\"http:\/\/www.medicosypacientes.com\/sites\/default\/files\/styles\/620px_wide\/public\/main\/articles\/malaga_6.JPG?itok=YekFPkGi\" alt=\"\" width=\"500\" height=\"388\" \/><\/div>\n<div class=\"field-op-caption\">Dr. Juan Jos\u00e9 S\u00e1nchez Luque.<\/div>\n<div class=\"field-body lastchild\">\n<p>El Dr. S\u00e1nchez Luque, especialista en Medicina Familiar y Comunitaria, presidente del COM M\u00e1laga desde 2006, aborda en este entrevista, adem\u00e1s de aspectos deontol\u00f3gicos, \u201cel objetivo m\u00e1s importante\u201d de los colegios, otros de actualidad sanitaria de M\u00e1laga como los recortes que trajo consigo la crisis que \u201csiguen \u2013afirma- haciendo estragos a\u00f1os despu\u00e9s\u201d a pesar del giro de la Consejeria de Sanidad de Andaluc\u00eda para introducir mejoras.<\/p>\n<p>Cuestiona la situaci\u00f3n de precariedad de los m\u00e9dicos andaluces \u201clos peor remunerados de Espa\u00f1a\u201d y la de los j\u00f3venes que terminan el MIR que \u201cponen sus miras\u201d en otras comunidades por falta de perspectivas en Andaluc\u00eda. Y explica la hoja de ruta de la Mesa de la Profesi\u00f3n M\u00e9dica que trabaja en este tema de la precariedad y en otros como la falta de camas en la ciudad para que lo que reclaman un tercer hospital.<\/p>\n<p>Finalmente, expone las acciones profesionales y formativas del COM M\u00e1laga para acercar el colegio a los colegiados y tambi\u00e9n las actividades para trasladar la labor del colegio a los ciudadanos, como la formaci\u00f3n a los ciudadanos en t\u00e9cnicas de RCP o la Exposici\u00f3n Permanente Galeno.<\/p>\n<p><strong class=\"lastchild\">\u00bfQu\u00e9 objetivos se ha marcado el COM M\u00e1laga como organizador del Congreso de Deontologia M\u00e9dica?\u00a0<\/strong><\/p>\n<p>La \u00e9tica y la deontolog\u00eda m\u00e9dica deben estar presentes en el d\u00eda a d\u00eda del m\u00e9dico pero sin duda hay pr\u00e1cticas m\u00e9dicas que tienen una vertiente deontol\u00f3gica muy fuerte y el Comit\u00e9 Organizador ha querido abordarlas con el fin de proporcionar al m\u00e9dico herramientas y conocimiento para ejercer una mejor medicina. Del programa me gusta sin duda que ha apostado por abordar temas que preocupan no s\u00f3lo a los m\u00e9dicos sino tambi\u00e9n a la sociedad y que son muy actuales, como la atenci\u00f3n m\u00e9dica al final de la vida o la gestaci\u00f3n por sustituci\u00f3n.<\/p>\n<p><strong class=\"lastchild\">El principal objetivo del Colegio que es velar por la buena praxis m\u00e9dica, \u00bfcu\u00e1l es la situaci\u00f3n real?\u00a0<\/strong><\/p>\n<p>Como todos los colegios de m\u00e9dicos de Espa\u00f1a, contamos con una Comisi\u00f3n Deontol\u00f3gica que vela por el cumplimiento del C\u00f3digo. No me canso de repetir, ni me cansar\u00e9, que es uno de los organismos m\u00e1s importantes del Colegio, si no el m\u00e1s. Lo que sucede es que la Comisi\u00f3n Deontol\u00f3gica hace una labor callada, nada medi\u00e1tica, pero es muy efectiva. En M\u00e1laga, el presidente de la Comisi\u00f3n es el Dr. Joaqu\u00edn Fern\u00e1ndez-Crehuet, toda una instituci\u00f3n a nivel Deontol\u00f3gico y \u00c9tico y que adem\u00e1s es tambi\u00e9n el presidente del IV Congreso Nacional de Deontolog\u00eda M\u00e9dica, al que acompa\u00f1a en la labor organizativa el presidente del Comit\u00e9 Organizador y secretario general del Comm\u00e1laga, Dr. Manuel Garc\u00eda Del R\u00edo, miembro adem\u00e1s de la Comisi\u00f3n Deontol\u00f3gica Central. Es un equipo formidable que lleva meses volcado en la organizaci\u00f3n del encuentro.<\/p>\n<p><strong class=\"lastchild\">Este Congreso aborda temas como la atenci\u00f3n al final de la vida, maternidad subrogada o la publicidad m\u00e9dica. \u00bfQu\u00e9 objetivos se han marcado al respecto?<\/strong><\/p>\n<p>El Comit\u00e9 Organizador ha querido abordar estos temas de actualidad porque preocupan, como mencionaba anteriormente, no s\u00f3lo a los m\u00e9dicos sino tambi\u00e9n a la ciudadan\u00eda y ocupan muchos titulares en los medios de comunicaci\u00f3n. Cuando surgen este tipo de asuntos no se debe mirar hacia otro lado, hay que hacerlo cara a cara, buscando a los mejores ponentes que sepan aclararnos todos los aspectos de estos temas, para que el congresista se vaya con la sensaci\u00f3n de haber aprendido que, al fin y al cabo, es el objetivo de todo congreso.<\/p>\n<p><strong class=\"lastchild\">En otro orden de cosas, \u00bfcu\u00e1l es la situaci\u00f3n de la asistencia sanitaria en M\u00e1laga?\u00a0<\/strong><\/p>\n<p>Me gustar\u00eda contestar que buena pero, por desgracia, es imposible. La crisis econ\u00f3mica trajo consigo recortes sanitarios que siguen haciendo estragos a\u00f1os despu\u00e9s a pesar de que el panorama econ\u00f3mico ha cambiado y M\u00e1laga se considera el motor econ\u00f3mico de Andaluc\u00eda.<\/p>\n<p>Hemos de reconocer que la Administraci\u00f3n Andaluza y la Consejer\u00eda de Salud ha dado un giro hacia el di\u00e1logo y est\u00e1 realizando mejoras en los contratos pero a\u00fan queda mucho camino por recorrer. Es una pena que los j\u00f3venes que terminan el MIR en Andaluc\u00eda no vean perspectivas de futuro en nuestra Comunidad Aut\u00f3noma. Esto debe de cambiar porque la falta de especialistas ser\u00e1 una realidad dentro de diez a\u00f1os.<\/p>\n<p><strong class=\"lastchild\">\u00bfQu\u00e9 hoja de ruta se ha marcado la Mesa de la Profesi\u00f3n M\u00e9dica al respecto de esta realidad?<\/strong><\/p>\n<p>Va muy en la l\u00ednea de lo que he reflejado en la anterior respuesta. Lo primero, di\u00e1logo entre los profesionales de la Medicina y la Administraci\u00f3n. Segundo, mejora en las contrataciones. Tercero, menos burocratizaci\u00f3n de la Medicina. Cuarto, menos saturaci\u00f3n en las urgencias. Quinto, especial atenci\u00f3n a los enfermos cr\u00f3nicos. Sexto, recuperar l\u00edderes profesionales y que las unidades de gesti\u00f3n cl\u00ednica no est\u00e9n capitaneadas por gestores afines a la Administraci\u00f3n sino por verdaderos popes de la especialidad. S\u00e9ptimo, modificar el trasnochado concepto de \u201cexclusividad\u201d que a\u00fan sigue vigente en Andaluc\u00eda y que penaliza a los m\u00e9dicos que ejercen en la privada. Octavo, potenciar la formaci\u00f3n e investigaci\u00f3n de los facultativos propiciando que se recupere el tiempo destinado para ello dentro de la jornada laboral. Noveno, aplicar medidas de conciliaci\u00f3n familiar ya que la mitad de nuestros colegiados son m\u00e9dicas; con esto no quiero decir que la conciliaci\u00f3n sea un tema exclusivo de la mujer ya que desde el Colegio pensamos que la conciliaci\u00f3n es de hombres y de mujeres.<\/p>\n<p>Y como d\u00e9cimo, la necesidad de poner sobre la mesa una soluci\u00f3n real para paliar la falta de camas en la ciudad. Hace falta un tercer hospital y, probablemente, un CHARE en la zona Este de la ciudad, ya que el mapa hospitalario de M\u00e1laga queda muy alejado de esa parte de la ciudad.<\/p>\n<p>La Mesa de la Profesi\u00f3n M\u00e9dica del Comm\u00e1laga est\u00e1 magn\u00edficamente coordinada por el vicepresidente primero del Colegio, el Dr. Jos\u00e9 Antonio Ortega.<\/p>\n<p><strong class=\"lastchild\">La OMC lleva a\u00f1os denunciando la precariedad de los m\u00e9dicos. \u00bfCu\u00e1l es la situaci\u00f3n en M\u00e1laga?<\/strong><\/p>\n<p>Los m\u00e9dicos andaluces son de los peor remunerados de Espa\u00f1a. Lo dicen los estudios. Por eso, nuestros m\u00e9dicos j\u00f3venes tienen sus miras puestas fuera de nuestras fronteras. Ya sea en otra CCAA o en otros pa\u00edses, donde nuestra profesi\u00f3n est\u00e1 mucho m\u00e1s valorada no s\u00f3lo econ\u00f3micamente sino tambi\u00e9n socialmente, lo que favorece \u2013esto \u00faltimo- una excelente relaci\u00f3n m\u00e9dico-paciente.<\/p>\n<p><strong class=\"lastchild\">\u00bfCu\u00e1les son, a su juicio, los principales problemas que tiene la profesi\u00f3n m\u00e9dica? \u00a0<\/strong><\/p>\n<p>Los resumir\u00eda en tres: la excesiva burocratizaci\u00f3n a la que estamos sometidos en nuestro quehacer diario; la p\u00e9rdida de confianza entre m\u00e9dico y paciente y la politizaci\u00f3n de la gesti\u00f3n sanitaria.<\/p>\n<p><strong class=\"lastchild\">La formaci\u00f3n de los m\u00e9dicos es esencial para la mejor asistencia sanitaria. \u00bfQu\u00e9 actividades realiza el COM M\u00e1laga en este aspecto?\u00a0<\/strong><\/p>\n<p>El \u00c1rea de Formaci\u00f3n del Colegio es muy potente. Al frente de la misma se encuentra el Dr. Jos\u00e9 Luis De la Fuente Madero, que hace una labor encomiable para dibujar un programa formativo de calidad y cuidando que en lo econ\u00f3mico el colegiado no se vea perjudicado. De hecho, la mayor\u00eda de nuestros cursos y talleres son gratuitos.<\/p>\n<p>En lo que llevamos de a\u00f1o, ya han pasado por nuestros cursos de formaci\u00f3n casi 500 colegiados. Hemos realizado 12 cursos y en total, de enero a junio, habremos llevado a cabo 30 actividades formativas.<\/p>\n<p><strong class=\"lastchild\">\u00bfCu\u00e1l es la estrategia del COM M\u00e1laga para acercar el colegio a los colegiados?<\/strong><\/p>\n<p>Nuestros colegiados son todo para nosotros. Parece obvio pero es que es as\u00ed: el Colegio de M\u00e9dicos existe gracias a sus colegiados, que en nuestro caso son 7.800 en M\u00e1laga y provincia. Somos un Colegio accesible, realizamos todo tipo de actividades: formativas, profesionales, l\u00fadicas&#8230; todo ello con el fin de que los colegiados en alg\u00fan momento sientan la necesidad de acercarse a su Colegio porque ha organizado algo que le interesa. Adem\u00e1s, somos muy activos en redes sociales (estamos en Facebook, Twitter, Instagram y Youtube) as\u00ed que contactar con nosotros es realmente f\u00e1cil porque las redes permiten un contacto muy directo y recibir de primera mano la opini\u00f3n o sugerencias de nuestros colegiados. Y, por \u00faltimo y no menos importante, nuestro amplio horario permite al colegiado poder hacer sus gestiones en cualquier momento ya que abrimos de lunes a viernes de 8 a 20 horas. \u00bfQue a pesar de todo no tiene tiempo? En ese caso, puede realizar los tr\u00e1mites a trav\u00e9s de ventanilla \u00fanica en <a class=\"lastchild\" href=\"http:\/\/www.commalaga.com%C2%A0\">www.commalaga.com\u00a0<\/a><\/p>\n<p><strong class=\"lastchild\">Y, de cara a los ciudadanos \u00bfQu\u00e9 actividades realiza el COM Malaga para trasladar la labor del colegio?\u00a0<\/strong><\/p>\n<p>Uno de los objetivos de la Junta Directiva es acercarse tambi\u00e9n a los ciudadanos que son, al fin y al cabo, nuestros pacientes. Realizamos actividades l\u00fadicas y de tipo social que est\u00e1n siempre abiertas a toda la poblaci\u00f3n y que, por supuesto, son de entrada libre y gratuita. Desde el punto de vista formativo, la Escuela de RCP del Colegio lleva a\u00f1os formando a los malague\u00f1os en t\u00e9cnicas b\u00e1sicas de RCP, algo que consideramos fundamental y que nos encantar\u00eda que estuviera dentro de la formaci\u00f3n reglada en los institutos. En este punto tengo que destacar el trabajo realizado por el director de la Escuela y vicepresidente segundo del Colegio, el Dr. Andr\u00e9s Buforn. Adem\u00e1s, en la Mesa de la Profesi\u00f3n M\u00e9dica est\u00e1n integradas asociaciones de pacientes, con las que tenemos una magn\u00edfica relaci\u00f3n.<\/p>\n<p><strong class=\"lastchild\">El Colegio inaugur\u00f3 el a\u00f1o pasado la Exposici\u00f3n Permanente Galeno \u00bfQu\u00e9 contenido tiene la muestra? \u00a0<\/strong><\/p>\n<p class=\"lastchild\">La muestra hace un recorrido por la historia de la Medicina y su contenido ha sido posible gracias a la donaci\u00f3n de m\u00e9dicos malague\u00f1os. Los visitantes pueden ver aparatolog\u00eda de diferente tipo; los casi 1.000 frascos que integraban la antigua farmacia de M\u00e1laga (que pertenec\u00edan al extinto Hospital Noble y que han sido cedidos por el Ayuntamiento de M\u00e1laga); paneles informativos que hacen referencia a la historia de la especialidades m\u00e1s destacadas de la Medicina y, por \u00faltimo, los visitantes pueden ver c\u00f3mo era una sala de exploraciones del siglo pasado. Exposici\u00f3n Permanente Galeno es posible gracias al esfuerzo de su director, el doctor Pedro Navarro, que es el vicepresidente de Cultura del Colegio y que ha hecho un magn\u00edfico trabajo.<\/p>\n<\/div>\n","protected":false},"excerpt":{"rendered":"<p>A tres d\u00edas del comienzo del IV Congreso Nacional de Deontolog\u00eda M\u00e9dica que re\u00fane a los referentes en deontolog\u00eda de todos los colegios de m\u00e9dicos de Espa\u00f1a, el presidente del COM M\u00e1laga, Dr. Juan Jos\u00e9 S\u00e1nchez Luque, anfitri\u00f3n de este encuentro, explica que han decidido abordar temas como la atenci\u00f3n al final de la vida&#8230;<\/p>\n","protected":false},"author":1,"featured_media":0,"comment_status":"closed","ping_status":"open","sticky":false,"template":"","format":"standard","meta":{"_kadence_starter_templates_imported_post":false,"_kad_post_transparent":"","_kad_post_title":"","_kad_post_layout":"","_kad_post_sidebar_id":"","_kad_post_content_style":"","_kad_post_vertical_padding":"","_kad_post_feature":"","_kad_post_feature_position":"","_kad_post_header":false,"_kad_post_footer":false,"_kad_post_classname":"","_jetpack_newsletter_access":"","_jetpack_dont_email_post_to_subs":false,"_jetpack_newsletter_tier_id":0,"_jetpack_memberships_contains_paywalled_content":false,"_jetpack_memberships_contains_paid_content":false,"footnotes":""},"categories":[11],"tags":[],"class_list":["post-422","post","type-post","status-publish","format-standard","hentry","category-deontologia"],"jetpack_sharing_enabled":true,"jetpack_featured_media_url":"","post_mailing_queue_ids":[],"_links":{"self":[{"href":"https:\/\/expertosenetica.com\/index.php\/wp-json\/wp\/v2\/posts\/422","targetHints":{"allow":["GET"]}}],"collection":[{"href":"https:\/\/expertosenetica.com\/index.php\/wp-json\/wp\/v2\/posts"}],"about":[{"href":"https:\/\/expertosenetica.com\/index.php\/wp-json\/wp\/v2\/types\/post"}],"author":[{"embeddable":true,"href":"https:\/\/expertosenetica.com\/index.php\/wp-json\/wp\/v2\/users\/1"}],"replies":[{"embeddable":true,"href":"https:\/\/expertosenetica.com\/index.php\/wp-json\/wp\/v2\/comments?post=422"}],"version-history":[{"count":0,"href":"https:\/\/expertosenetica.com\/index.php\/wp-json\/wp\/v2\/posts\/422\/revisions"}],"wp:attachment":[{"href":"https:\/\/expertosenetica.com\/index.php\/wp-json\/wp\/v2\/media?parent=422"}],"wp:term":[{"taxonomy":"category","embeddable":true,"href":"https:\/\/expertosenetica.com\/index.php\/wp-json\/wp\/v2\/categories?post=422"},{"taxonomy":"post_tag","embeddable":true,"href":"https:\/\/expertosenetica.com\/index.php\/wp-json\/wp\/v2\/tags?post=422"}],"curies":[{"name":"wp","href":"https:\/\/api.w.org\/{rel}","templated":true}]}}