{"id":438,"date":"2017-05-19T11:53:45","date_gmt":"2017-05-19T11:53:45","guid":{"rendered":"https:\/\/expertosenetica.com\/?p=438"},"modified":"2017-05-19T11:53:45","modified_gmt":"2017-05-19T11:53:45","slug":"el-comite-de-bioetica-del-gobierno-pide-prohibir-la-maternidad-subrogada","status":"publish","type":"post","link":"https:\/\/expertosenetica.com\/index.php\/2017\/05\/19\/el-comite-de-bioetica-del-gobierno-pide-prohibir-la-maternidad-subrogada\/","title":{"rendered":"El Comit\u00e9 de Bio\u00e9tica del Gobierno pide prohibir la maternidad subrogada"},"content":{"rendered":"<div class=\"row content sharing-tools\">\n<p><strong>El Mundo, FERRAN BOIZ<\/strong><\/p>\n<p><time class=\"date\" datetime=\"2017-05-19 13:12:25\">19 may. 2017 <strong>13:12<\/strong><\/time><\/p>\n<\/div>\n<div class=\"row content cols-30-70\">\n<figure class=\"multimedia-item image\">\n<div class=\"container-image\"><img decoding=\"async\" id=\"linicom_imgid1495194045548_0\" class=\"full-image\" src=\"http:\/\/e00-elmundo.uecdn.es\/assets\/multimedia\/imagenes\/2017\/05\/19\/14951922823490.jpg\" alt=\"\" \/><\/div><figcaption class=\"caption\">Protesta en Madrid contra la maternidad subrogada. OLMO CA<strong>LVO<\/strong><\/figcaption><\/figure>\n<aside class=\"aside-tools byline-tools\">\n<div class=\"js_espacioFijo\"><\/div>\n<\/aside>\n<div class=\"subtitle-items\">\n<p class=\"summary-lead\">Elabora un informe a iniciativa propia en el que propone \u00absancionar a las agencias que se dediquen a esta actividad\u00bb<\/p>\n<\/div>\n<p>El <strong>Comit\u00e9 de Bio\u00e9tica de Espa\u00f1a<\/strong> (CBE) ha elaborado un informe sobre la maternidad subrogada en el que solicita que se promueva \u00aba nivel internacional un marco com\u00fan regulatorio que <strong>proh\u00edba la celebraci\u00f3n de contratos de gesti\u00f3n<\/strong>, en garant\u00eda de la dignidad de la mujer y del ni\u00f1o\u00bb.<\/p>\n<p>El informe, elaborado a iniciativa propia por este comit\u00e9 que asesora al Gobierno sobre las implicaciones \u00e9ticas y sociales de la biomedicina, defiende tambi\u00e9n \u00abdotar de verdadera eficacia legal a la nulidad de esos contratos, de manera que resulte aplicable tambi\u00e9n a los celebrados en el extranjero\u00bb y \u00ab<strong>sancionar a las agencias que se dedicaran a esta actividad<\/strong>\u00ab.<\/p>\n<p>Finalmente, propugna realizar una \u00abtransici\u00f3n segura\u00bb que evite que queden <strong>desprotegidos <\/strong>los \u00abni\u00f1os resultantes de los procesos de maternidad subrogada internacional en los que pueden estar inmersos actualmente varios espa\u00f1oles\u00bb.<\/p>\n<p>El Congreso de los Diputados tendr\u00e1 que pronunciarse en breve sobre la legalizaci\u00f3n o no de la maternidad subrogada, ya que<strong> Ciudadanos<\/strong> prepara una proposici\u00f3n de ley que presentar\u00e1 en las Cortes.<\/p>\n<p>El comit\u00e9 considera que, si bien el deseo de una persona de tener un hijo constituye una \u00abnoble decisi\u00f3n, ello \u00abno puede realizarse a costa de los derechos de otras personas\u00bb. \u00abTodo contrato de gestaci\u00f3n por sustituci\u00f3n, lucrativo o altruista, entra\u00f1a una<strong> explotaci\u00f3n de la mujer y un da\u00f1o a los intereses superiores del menor<\/strong> y, por tanto, no puede aceptarse por principio\u00bb, sostiene la mayor\u00eda del CBE.<\/p>\n<p>Otros miembros del comit\u00e9 aceptar\u00edan que esta pr\u00e1ctica fuera regulada si pudiera \u00abcompaginarse\u00bb la \u00absatisfacci\u00f3n\u00bb de ser padre con la \u00abgarant\u00eda de los derechos e intereses de los otros\u00bb, aunque \u00abno alcanzan a ver la f\u00f3rmula de hacerlo en el contexto actual\u00bb. \u00abLas propuestas regulatorias que se manejan y las experiencias de otros pa\u00edses son <strong>claramente deficientes en la tutela de la dignidad y derechos de la gestante y el menor<\/strong>\u00ab, concluye el CBE.<\/p>\n<aside class=\"publicidad mod-multipurpose end-fixed\">\n<h3 class=\"list-header\">TE PUEDE INTERESAR<\/h3>\n<div id=\"div-gpt-ad-sociedad_n_nata_591ed27122601d986d8b460e\" class=\"publicidad\" data-google-query-id=\"CM2Btefv-9MCFciNGwodq00D9A\">\n<div id=\"google_ads_iframe_\/99071977\/mun\/sociedad\/n_12__container__\"><iframe loading=\"lazy\" id=\"google_ads_iframe_\/99071977\/mun\/sociedad\/n_12\" title=\"3rd party ad content\" src=\"http:\/\/tpc.googlesyndication.com\/safeframe\/1-0-8\/html\/container.html\" name=\"\" width=\"300\" height=\"100\" frameborder=\"0\" marginwidth=\"0\" marginheight=\"0\" scrolling=\"no\" data-is-safeframe=\"true\" data-mce-fragment=\"1\"><\/iframe><\/div>\n<\/div>\n<div id=\"div-gpt-ad-sociedad_n_natb_591ed27122601d986d8b460e\" class=\"publicidad\" data-google-query-id=\"CM6Btefv-9MCFciNGwodq00D9A\">\n<div id=\"google_ads_iframe_\/99071977\/mun\/sociedad\/n_13__container__\"><iframe loading=\"lazy\" id=\"google_ads_iframe_\/99071977\/mun\/sociedad\/n_13\" title=\"3rd party ad content\" src=\"http:\/\/tpc.googlesyndication.com\/safeframe\/1-0-8\/html\/container.html\" name=\"\" width=\"300\" height=\"100\" frameborder=\"0\" marginwidth=\"0\" marginheight=\"0\" scrolling=\"no\" data-is-safeframe=\"true\" data-mce-fragment=\"1\"><\/iframe><\/div>\n<\/div>\n<div id=\"div-gpt-ad-sociedad_n_natc_591ed27122601d986d8b460e\" class=\"publicidad\" data-google-query-id=\"CMqBtefv-9MCFciNGwodq00D9A\">\n<div id=\"google_ads_iframe_\/99071977\/mun\/sociedad\/n_9__container__\"><iframe id=\"google_ads_iframe_\/99071977\/mun\/sociedad\/n_9\" title=\"3rd party ad content\" name=\"google_ads_iframe_\/99071977\/mun\/sociedad\/n_9\" width=\"300\" height=\"100\" frameborder=\"0\" marginwidth=\"0\" marginheight=\"0\" scrolling=\"no\" data-mce-fragment=\"1\"><\/iframe><\/div>\n<\/div>\n<\/aside>\n<div class=\"related-links inside-news-body\"><\/div>\n<aside class=\"related-tags inside-news-body\"><\/aside>\n<\/div>\n","protected":false},"excerpt":{"rendered":"<p>El Mundo, FERRAN BOIZ 19 may. 2017 13:12 Protesta en Madrid contra la maternidad subrogada. OLMO CALVO Elabora un informe a iniciativa propia en el que propone \u00absancionar a las agencias que se dediquen a esta actividad\u00bb El Comit\u00e9 de Bio\u00e9tica de Espa\u00f1a (CBE) ha elaborado un informe sobre la maternidad subrogada en el que&#8230;<\/p>\n","protected":false},"author":1,"featured_media":0,"comment_status":"closed","ping_status":"open","sticky":false,"template":"","format":"standard","meta":{"_kadence_starter_templates_imported_post":false,"_kad_post_transparent":"","_kad_post_title":"","_kad_post_layout":"","_kad_post_sidebar_id":"","_kad_post_content_style":"","_kad_post_vertical_padding":"","_kad_post_feature":"","_kad_post_feature_position":"","_kad_post_header":false,"_kad_post_footer":false,"_kad_post_classname":"","_jetpack_newsletter_access":"","_jetpack_dont_email_post_to_subs":false,"_jetpack_newsletter_tier_id":0,"_jetpack_memberships_contains_paywalled_content":false,"_jetpack_memberships_contains_paid_content":false,"footnotes":""},"categories":[13],"tags":[],"class_list":["post-438","post","type-post","status-publish","format-standard","hentry","category-maternidad-subrogada-y-fivet"],"jetpack_sharing_enabled":true,"jetpack_featured_media_url":"","post_mailing_queue_ids":[],"_links":{"self":[{"href":"https:\/\/expertosenetica.com\/index.php\/wp-json\/wp\/v2\/posts\/438","targetHints":{"allow":["GET"]}}],"collection":[{"href":"https:\/\/expertosenetica.com\/index.php\/wp-json\/wp\/v2\/posts"}],"about":[{"href":"https:\/\/expertosenetica.com\/index.php\/wp-json\/wp\/v2\/types\/post"}],"author":[{"embeddable":true,"href":"https:\/\/expertosenetica.com\/index.php\/wp-json\/wp\/v2\/users\/1"}],"replies":[{"embeddable":true,"href":"https:\/\/expertosenetica.com\/index.php\/wp-json\/wp\/v2\/comments?post=438"}],"version-history":[{"count":0,"href":"https:\/\/expertosenetica.com\/index.php\/wp-json\/wp\/v2\/posts\/438\/revisions"}],"wp:attachment":[{"href":"https:\/\/expertosenetica.com\/index.php\/wp-json\/wp\/v2\/media?parent=438"}],"wp:term":[{"taxonomy":"category","embeddable":true,"href":"https:\/\/expertosenetica.com\/index.php\/wp-json\/wp\/v2\/categories?post=438"},{"taxonomy":"post_tag","embeddable":true,"href":"https:\/\/expertosenetica.com\/index.php\/wp-json\/wp\/v2\/tags?post=438"}],"curies":[{"name":"wp","href":"https:\/\/api.w.org\/{rel}","templated":true}]}}