{"id":505,"date":"2018-02-22T12:05:22","date_gmt":"2018-02-22T11:05:22","guid":{"rendered":"https:\/\/expertosenetica.com\/?p=505"},"modified":"2018-02-22T12:05:22","modified_gmt":"2018-02-22T11:05:22","slug":"mesa-redonda-sobre-aspectos-tecnicos-y-deontologicos-a-la-ley-andaluza-lgtbi","status":"publish","type":"post","link":"https:\/\/expertosenetica.com\/index.php\/2018\/02\/22\/mesa-redonda-sobre-aspectos-tecnicos-y-deontologicos-a-la-ley-andaluza-lgtbi\/","title":{"rendered":"Mesa redonda sobre aspectos t\u00e9cnicos y deontol\u00f3gicos a la Ley Andaluza LGTBI."},"content":{"rendered":"<figure id=\"attachment_510\" aria-describedby=\"caption-attachment-510\" style=\"width: 364px\" class=\"wp-caption alignleft\"><a href=\"https:\/\/expertosenetica.com\/wp-content\/uploads\/2018\/02\/FOTO-8-PROFESORES-Y-ALUMNOS.jpg\"><img loading=\"lazy\" decoding=\"async\" class=\"wp-image-510\" src=\"https:\/\/expertosenetica.com\/wp-content\/uploads\/2018\/02\/FOTO-8-PROFESORES-Y-ALUMNOS-1024x768.jpg\" alt=\"\" width=\"364\" height=\"273\" srcset=\"https:\/\/expertosenetica.com\/wp-content\/uploads\/2018\/02\/FOTO-8-PROFESORES-Y-ALUMNOS-1024x768.jpg 1024w, https:\/\/expertosenetica.com\/wp-content\/uploads\/2018\/02\/FOTO-8-PROFESORES-Y-ALUMNOS-300x225.jpg 300w, https:\/\/expertosenetica.com\/wp-content\/uploads\/2018\/02\/FOTO-8-PROFESORES-Y-ALUMNOS-768x576.jpg 768w, https:\/\/expertosenetica.com\/wp-content\/uploads\/2018\/02\/FOTO-8-PROFESORES-Y-ALUMNOS-1536x1152.jpg 1536w, https:\/\/expertosenetica.com\/wp-content\/uploads\/2018\/02\/FOTO-8-PROFESORES-Y-ALUMNOS.jpg 1600w\" sizes=\"auto, (max-width: 364px) 100vw, 364px\" \/><\/a><figcaption id=\"caption-attachment-510\" class=\"wp-caption-text\">Ponentes, profesores del Curso de Expertos y participantes al finalizar el acto.<\/figcaption><\/figure>\n<p>Jueves, 15 de febrero de 2018<\/p>\n<p>El Hospital \u00abEl \u00c1ngel\u00bb de M\u00e1laga, acogi\u00f3 una mesa redonda sa sobre aspectos \u00e9ticos y deontol\u00f3gicos de las leyes sobre colectivos LGTBI. En nombre del Hospital, abri\u00f3 la mesa redonda el Dr. Viola, Director M\u00e9dico del Hospital El \u00c1ngel quien, despu\u00e9s de ponderar la categor\u00eda y profesional y acad\u00e9mica de las personalidades participantes en la mesa, confirm\u00f3 el compromiso asumido hace m\u00e1s de dos a\u00f1os la entidad que representa en la formaci\u00f3n cient\u00edfica y \u00e9tica de profesionales de la salud y estudiantes de medicina, al erigir, junto con la Universidad de M\u00e1laga, la C\u00e1tedra de \u00c9tica M\u00e9dica.<\/p>\n<p>El Dr. Fern\u00e1ndez-Crehuet centr\u00f3 su intervenci\u00f3n en el modo en que aborda la ley andaluza sobre LGTBI, y otras similares promulgadas recientemente, los aspectos \u00e9ticos, m\u00e9dicos y sociales que comporta la transexualidad en sus distintas manifestaciones. Puso el acento en la flagrante exclusi\u00f3n de los profesionales sanitarios en la elaboraci\u00f3n y desarrollo de esas leyes y record\u00f3 que, en \u00faltimo extremo, el profesional sanitario tiene el derecho a manifestar su objeci\u00f3n de ciencia o de conciencia en el caso de que por parte de las autoridades sanitarias o de los pacientes se exigiese \u201cun procedimiento que \u00e9ste, por razones cient\u00edficas o \u00e9ticas, juzgase inadecuado o inaceptable, el m\u00e9dico, tras informarle debidamente, quedar\u00e1 dispensado de actuar\u201d.<\/p>\n<p>La intervenci\u00f3n de Profesora Castellano vers\u00f3, de una parte, sobre lo que le ha aportado su largo experiencia en el ejercicio de la medicina forense en su contacto con personas transexuales.\u00a0 Al hilo de esa experiencia, expuso los profundos cambios que, tanto en el lenguaje m\u00e9dico y jur\u00eddico, como en la propia sociedad, se ha producido en los \u00faltimos a\u00f1os al referirse a los enfermos, a las personas afectadas por alguna incapacidad, o a aquellos que manifiestan dificultades basadas en su identidad sexual. Al tiempo que celebr\u00f3 la incorporaci\u00f3n al lenguaje de nuevos t\u00e9rminos que faciliten la eliminaci\u00f3n de cualquier tipo de estigmatizaci\u00f3n o discriminaci\u00f3n hacia las personas transexuales, alert\u00f3 del peligro de que esos cambios ling\u00fc\u00edsticos puedan vaciar de sentido o hacer irreconocibles el sustrato m\u00e9dico y cient\u00edfico que subyace en este tipo de situaciones, sobre todo, cuando afectan a menores de edad.<\/p>\n<p>La Dra. Isabel Esteva es endocrin\u00f3loga y coordinadora de la Unidad de Transexualidad e Identidad de G\u00e9nero del Hospital Carlos Haya, unidad que desde 1999 es pionera en Espa\u00f1a en la atenci\u00f3n sanitaria p\u00fablica a la transexualidad. En esos a\u00f1os han atendido a m\u00e1s de dos mil personas.<\/p>\n<figure id=\"attachment_508\" aria-describedby=\"caption-attachment-508\" style=\"width: 286px\" class=\"wp-caption alignleft\"><a href=\"https:\/\/expertosenetica.com\/wp-content\/uploads\/2018\/02\/FOTO-6-DRA.-ISABEL-ESTEVA.jpg\"><img loading=\"lazy\" decoding=\"async\" class=\"wp-image-508\" src=\"https:\/\/expertosenetica.com\/wp-content\/uploads\/2018\/02\/FOTO-6-DRA.-ISABEL-ESTEVA-1024x768.jpg\" alt=\"\" width=\"286\" height=\"215\" srcset=\"https:\/\/expertosenetica.com\/wp-content\/uploads\/2018\/02\/FOTO-6-DRA.-ISABEL-ESTEVA-1024x768.jpg 1024w, https:\/\/expertosenetica.com\/wp-content\/uploads\/2018\/02\/FOTO-6-DRA.-ISABEL-ESTEVA-300x225.jpg 300w, https:\/\/expertosenetica.com\/wp-content\/uploads\/2018\/02\/FOTO-6-DRA.-ISABEL-ESTEVA-768x576.jpg 768w, https:\/\/expertosenetica.com\/wp-content\/uploads\/2018\/02\/FOTO-6-DRA.-ISABEL-ESTEVA-1536x1152.jpg 1536w, https:\/\/expertosenetica.com\/wp-content\/uploads\/2018\/02\/FOTO-6-DRA.-ISABEL-ESTEVA.jpg 1600w\" sizes=\"auto, (max-width: 286px) 100vw, 286px\" \/><\/a><figcaption id=\"caption-attachment-508\" class=\"wp-caption-text\">Dra. Isabel Esteva durante su intervenci\u00f3n.<\/figcaption><\/figure>\n<p>Comenz\u00f3 observando que, en nuestro pa\u00eds, comparado con otros de nuestro entorno, no se asumen en la actualidad todas las recomendaciones y gu\u00edas cl\u00ednicas sobre los aspectos m\u00e9dicos, biol\u00f3gicos y psicol\u00f3gicos de la transexualidad. Expuso la diferencia entre identidad, orientaci\u00f3n y diferenciaci\u00f3n sexual. Despu\u00e9s de referir la experiencia de su unidad -\u00fanica en Espa\u00f1a durante mucho tiempo- detall\u00f3 varios \u00edtems, el primero la necesidad de desclasificar estas situaciones cl\u00ednicas de las categor\u00edas psiqui\u00e1tricas actuales (CIE y DSM), sin olvidar, a pesar de ello, la importancia del acompa\u00f1amiento psicol\u00f3gico durante todo el proceso de reasignaci\u00f3n sexual. En otro \u00edtem concret\u00f3, el abordaje de los conflictos de identidad en la primera infancia, mostr\u00e1ndose cautelosa ante los pasos a seguir en este grupo de edad: \u201cun ni\u00f1o o una ni\u00f1a en esa situaci\u00f3n necesita, primero, soporte familiar, asesoramiento, acompa\u00f1amiento, no reprimir ni potenciar, observar c\u00f3mo evoluciona y si persiste la identidad cruzada, cuando llegue a los 12 a\u00f1os y estadio II de Tanner (que significa el inicio de la impregnaci\u00f3n hormonal propia), se bloquear\u00eda la pubertad. Record\u00f3 que esta disforia infantil no siempre contin\u00faa en la edad adulta, mientras que la manifestada en la adolescencia s\u00ed suele persistir. En cualquier caso, consider\u00f3 muy importante el acompa\u00f1amiento de psic\u00f3logos expertos durante esta etapa de construcci\u00f3n y maduraci\u00f3n de la identidad (y no s\u00f3lo de la de g\u00e9nero).<\/p>\n<p>Denunci\u00f3 que, para la elaboraci\u00f3n de ley de transexualidad de Andaluc\u00eda de 2014, las fuerzas pol\u00edticas no contaron en su redacci\u00f3n con la opini\u00f3n de los profesionales sanitarios miembros de la unidad de referencia hasta ese momento. Desde la aplicaci\u00f3n de esta Ley, su Unidad ha sufrido una gran presi\u00f3n externa, dirigida a la supresi\u00f3n progresiva de la asistencia integral y recomendando la atenci\u00f3n inicial en Pediatr\u00eda y Atenci\u00f3n Primaria. No se plantea esta ley la valoraci\u00f3n de cada solicitante desde el punto de vista de equipo multidisciplinar, donde cada miembro escuche la historia de la persona y aporte estrategias terap\u00e9uticas adaptadas, especialmente en el caso de los menores. Los solicitantes menores de 14 a\u00f1os de M\u00e1laga han sido desplazados a Granada ante la insistencia, desde la unidad de M\u00e1laga, del mantenimiento de los profesionales de la psicolog\u00eda dentro del equipo. De ese modo, concluy\u00f3, se desprotege a las personas y familiares que contin\u00faan solicitando atenci\u00f3n disciplinar y especializada y que mantienen su confianza en el equipo actual.<\/p>\n<figure id=\"attachment_511\" aria-describedby=\"caption-attachment-511\" style=\"width: 317px\" class=\"wp-caption alignleft\"><a href=\"https:\/\/expertosenetica.com\/wp-content\/uploads\/2018\/02\/FOTO-7-DR.-ENRIQUE-VILLANUEVA.jpg\"><img loading=\"lazy\" decoding=\"async\" class=\"wp-image-511\" src=\"https:\/\/expertosenetica.com\/wp-content\/uploads\/2018\/02\/FOTO-7-DR.-ENRIQUE-VILLANUEVA-1024x768.jpg\" alt=\"\" width=\"317\" height=\"238\" srcset=\"https:\/\/expertosenetica.com\/wp-content\/uploads\/2018\/02\/FOTO-7-DR.-ENRIQUE-VILLANUEVA-1024x768.jpg 1024w, https:\/\/expertosenetica.com\/wp-content\/uploads\/2018\/02\/FOTO-7-DR.-ENRIQUE-VILLANUEVA-300x225.jpg 300w, https:\/\/expertosenetica.com\/wp-content\/uploads\/2018\/02\/FOTO-7-DR.-ENRIQUE-VILLANUEVA-768x576.jpg 768w, https:\/\/expertosenetica.com\/wp-content\/uploads\/2018\/02\/FOTO-7-DR.-ENRIQUE-VILLANUEVA-1536x1152.jpg 1536w, https:\/\/expertosenetica.com\/wp-content\/uploads\/2018\/02\/FOTO-7-DR.-ENRIQUE-VILLANUEVA.jpg 1600w\" sizes=\"auto, (max-width: 317px) 100vw, 317px\" \/><\/a><figcaption id=\"caption-attachment-511\" class=\"wp-caption-text\">Prof. Villanueva durante su intervenci\u00f3n.<\/figcaption><\/figure>\n<p>Finalmente, el Dr. Enrique Villanueva desarroll\u00f3 espec\u00edficamente el tratamiento que otorga a la figura del \u201cmenor maduro\u201d tanto la legislaci\u00f3n como la normativa deontol\u00f3gica. En el \u00e1mbito legal, destac\u00f3 la importancia de lo establecido en la ley 41\/2002 sobre autonom\u00eda del paciente y las modificaciones posteriores introducidas por LO 8\/2005 de modificaci\u00f3n del sistema de protecci\u00f3n a la infancia y a la adolescencia, que afectan a la denominada \u201cmayor\u00eda de edad sanitaria\u201d. Para el an\u00e1lisis desde el punto de vista \u00e9tico, se refiri\u00f3 someramente a la Declaraci\u00f3n de la Comisi\u00f3n Central de Deontolog\u00eda, de noviembre de 2007, sobre la atenci\u00f3n al \u201cmenor maduro\u201d. Estas disposiciones legales y deontol\u00f3gicas expresan adecuadamente el enfoque con el que se ha de afrontar la situaci\u00f3n de menores con presunta disforia de g\u00e9nero que soliciten, por s\u00ed o por sus padres o representantes legales, tratamientos de reasignaci\u00f3n de sexo.<\/p>\n<p>En su opini\u00f3n, la ley andaluza sobre LGTBI, utiliza una deficiente t\u00e9cnica jur\u00eddica; soslaya buena parte de la normativa legal y deontol\u00f3gica vigente, incurre en constantes contradiciones \u00a0y va a generar m\u00e1s problemas de los que aspirar a solucionar.<\/p>\n<p>&nbsp;<\/p>\n<p>&nbsp;<\/p>\n<p>&nbsp;<\/p>\n<p>&nbsp;<\/p>\n<p>&nbsp;<\/p>\n","protected":false},"excerpt":{"rendered":"<p>Jueves, 15 de febrero de 2018 El Hospital \u00abEl \u00c1ngel\u00bb de M\u00e1laga, acogi\u00f3 una mesa redonda sa sobre aspectos \u00e9ticos y deontol\u00f3gicos de las leyes sobre colectivos LGTBI. En nombre del Hospital, abri\u00f3 la mesa redonda el Dr. Viola, Director M\u00e9dico del Hospital El \u00c1ngel quien, despu\u00e9s de ponderar la categor\u00eda y profesional y acad\u00e9mica&#8230;<\/p>\n","protected":false},"author":1,"featured_media":0,"comment_status":"closed","ping_status":"open","sticky":false,"template":"","format":"standard","meta":{"_kadence_starter_templates_imported_post":false,"_kad_post_transparent":"","_kad_post_title":"","_kad_post_layout":"","_kad_post_sidebar_id":"","_kad_post_content_style":"","_kad_post_vertical_padding":"","_kad_post_feature":"","_kad_post_feature_position":"","_kad_post_header":false,"_kad_post_footer":false,"_kad_post_classname":"","_jetpack_newsletter_access":"","_jetpack_dont_email_post_to_subs":false,"_jetpack_newsletter_tier_id":0,"_jetpack_memberships_contains_paywalled_content":false,"_jetpack_memberships_contains_paid_content":false,"footnotes":""},"categories":[11],"tags":[],"class_list":["post-505","post","type-post","status-publish","format-standard","hentry","category-deontologia"],"jetpack_sharing_enabled":true,"jetpack_featured_media_url":"","post_mailing_queue_ids":[],"_links":{"self":[{"href":"https:\/\/expertosenetica.com\/index.php\/wp-json\/wp\/v2\/posts\/505","targetHints":{"allow":["GET"]}}],"collection":[{"href":"https:\/\/expertosenetica.com\/index.php\/wp-json\/wp\/v2\/posts"}],"about":[{"href":"https:\/\/expertosenetica.com\/index.php\/wp-json\/wp\/v2\/types\/post"}],"author":[{"embeddable":true,"href":"https:\/\/expertosenetica.com\/index.php\/wp-json\/wp\/v2\/users\/1"}],"replies":[{"embeddable":true,"href":"https:\/\/expertosenetica.com\/index.php\/wp-json\/wp\/v2\/comments?post=505"}],"version-history":[{"count":0,"href":"https:\/\/expertosenetica.com\/index.php\/wp-json\/wp\/v2\/posts\/505\/revisions"}],"wp:attachment":[{"href":"https:\/\/expertosenetica.com\/index.php\/wp-json\/wp\/v2\/media?parent=505"}],"wp:term":[{"taxonomy":"category","embeddable":true,"href":"https:\/\/expertosenetica.com\/index.php\/wp-json\/wp\/v2\/categories?post=505"},{"taxonomy":"post_tag","embeddable":true,"href":"https:\/\/expertosenetica.com\/index.php\/wp-json\/wp\/v2\/tags?post=505"}],"curies":[{"name":"wp","href":"https:\/\/api.w.org\/{rel}","templated":true}]}}