{"id":531,"date":"2018-04-30T16:03:59","date_gmt":"2018-04-30T14:03:59","guid":{"rendered":"https:\/\/expertosenetica.com\/?p=531"},"modified":"2018-04-30T16:03:59","modified_gmt":"2018-04-30T14:03:59","slug":"prof-jose-angel-aguirre-mi-experiencia-como-enfermo","status":"publish","type":"post","link":"https:\/\/expertosenetica.com\/index.php\/2018\/04\/30\/prof-jose-angel-aguirre-mi-experiencia-como-enfermo\/","title":{"rendered":"Prof. Jos\u00e9 \u00c1ngel Aguirre: mi experiencia como enfermo"},"content":{"rendered":"<p><a href=\"https:\/\/expertosenetica.com\/wp-content\/uploads\/2018\/04\/0B4B8258-84EC-4304-815A-FB25A77EEB27.jpeg\"><img loading=\"lazy\" decoding=\"async\" class=\"alignleft size-full wp-image-532\" src=\"https:\/\/expertosenetica.com\/wp-content\/uploads\/2018\/04\/0B4B8258-84EC-4304-815A-FB25A77EEB27.jpeg\" alt=\"\" width=\"547\" height=\"356\" srcset=\"https:\/\/expertosenetica.com\/wp-content\/uploads\/2018\/04\/0B4B8258-84EC-4304-815A-FB25A77EEB27.jpeg 547w, https:\/\/expertosenetica.com\/wp-content\/uploads\/2018\/04\/0B4B8258-84EC-4304-815A-FB25A77EEB27-300x195.jpeg 300w\" sizes=\"auto, (max-width: 547px) 100vw, 547px\" \/><\/a>CLAUSURA III CURSO DE EXPERTOS EN \u00c9TICA .UMA<\/p>\n<p>Tengo 62 a\u00f1os y soy Catedr\u00e1tico\u00a0 de Fisiolog\u00eda en el Departamento de Fisiolog\u00eda Humana en la Facultad de Medicina, de la Universidad de M\u00e1laga. Hace seis meses me diagnosticaron un adenocarcinoma de origen broncog\u00e9nico en el pulm\u00f3n derecho de c\u00e9lulas grandes, con met\u00e1stasis en la regi\u00f3n supraclavicular del cuello. Distribuyo mis experiencias en tres cap\u00edtulos que les menciono como: 1) El personal sanitario; 2) Respuesta personal y 3) El cuidador.<\/p>\n<p>1) El personal sanitario<\/p>\n<p>Mi experiencia ha sido siempre muy positiva, desde la primera orientaci\u00f3n de la estrategia contra el c\u00e1ncer a cargo del Dr. E. Alba, hasta que el Dr. M. J. Cobo se hizo cargo para su tratamiento y seguimiento de mi caso, y con el que actualmente contin\u00fao, y el inestimable abordaje radiol\u00f3gico del Dr. I. Herruzo. Siempre me han hablado con claridad y humanidad para dar opci\u00f3n a la visi\u00f3n positiva y esperanzadora sin ocultar los riesgos que tengo que afrontar.<\/p>\n<p>Lo m\u00e1s sorprendente para m\u00ed fue el descubrimiento del Hospital de D\u00eda para enfermos oncol\u00f3gicos y hematol\u00f3gicos del Hospital Regional de M\u00e1laga. Agradezco enormemente el trato que el personal sanitario me ha dispenusado siempre y veo como este trato, cient\u00edfica y humanamente excelentes, es lo mejor que he visto en estas circunstancias de mi vida. Habr\u00eda que poner un sobresaliente a nuestro sistema sanitario, aunque haya cosas que siempre hay que mejorar como en cualquier instituci\u00f3n humana.<\/p>\n<p>2) Respuesta personal<\/p>\n<p>Una pregunta que es frecuente que nos hagamos al tener conocimiento de una enfermedad de este tipo: \u00bfPorque a m\u00ed? Pero no es la pregunta correcta que uno debe hacerse. Hay que preguntarse: \u00bfPara qu\u00e9? \u00bfQu\u00e9 sentido tiene o va a tener para m\u00ed, la aparici\u00f3n de este c\u00e1ncer? Y si uno tiene convicciones religiosas profundas, se preguntar\u00e1 \u00bfCual es la misi\u00f3n a la que Dios me llama? Y, sino, cabe tambi\u00e9n preguntarse \u00bfQu\u00e9 papel me ha proporcionado la sociedad o el destino, haci\u00e9ndome portador de algo as\u00ed?<\/p>\n<p>La infelicidad, desesperaci\u00f3n o rebeli\u00f3n que, en mayor o menor medida, tienen algunos pacientes oncol\u00f3gicos procede, en mi opini\u00f3n, de no responder adecuadamente a esas preguntas.<\/p>\n<p>Y cuando uno encuentra sentido a esta nueva etapa de su vida, comenzamos a descubrir que el mundo que nos rodea est\u00e1 lleno de matices, colores, olores, que antes no era capaz de distinguir. Cada vivencia con la familia, los amigos, la gente que nos encontramos en las mil encrucijadas de nuestro d\u00eda a d\u00eda, el paisaje que nos rodea, se vuelve \u00fanica e irrepetible y nace un profundo deseo interior de no perdernos nada de esa experiencia vital. Uno se hace vitalista, algo muy distinto al instalarse en el \u201ccarpe diem\u201d agn\u00f3stico.<\/p>\n<p>3) El cuidador o acompa\u00f1ante del enfermo<\/p>\n<p>La esposa o esposo del enfermo, los padres o familia cercana e incluso uno o varios amigos pueden ayudar directamente al paciente enfermo acompa\u00f1ando todo el proceso de la enfermedad, son pieza clave para el avance del enfermo. Desde la ayuda f\u00edsica al paciente en tareas cotidianas: aseo personal, vestido, alimentaci\u00f3n&#8230; hasta el sostenimiento psicol\u00f3gico de aceptaci\u00f3n y compresi\u00f3n de la enfermedad o desdramatizar la situaci\u00f3n son tareas de este cuidador. Se justifica sobradamente lo que est\u00e1 en boca de todos: lo m\u00e1s importante en este tipo de situaciones es cuidar al cuidador para evitar el derrumbe del enfermo.<\/p>\n<p>Con todo lo dicho se entiende que enfermo-cuidador es un t\u00e1ndem s\u00f3lidamente fundido que viven y experimentan juntos avances y retrocesos, esperanzas y des\u00e1nimos, certezas y dudas y de modo especial en la superaci\u00f3n del miedo por el que todo enfermo pasar\u00e1 en tal situaci\u00f3n. Suponiendo todo el amor y dedicaci\u00f3n que el cuidador mostrar\u00e1 con la persona a la que cuida, el enfermo debe esmerarse, en la medida de sus posibilidades, por facilitar el trabajo a su acompa\u00f1ante evit\u00e1ndole tareas que puedo uno realizar correctamente, no dej\u00e1ndose llevar por la ley del m\u00ednimo esfuerzo en el que el ser humano cae tan f\u00e1cilmente.<\/p>\n<p>Por \u00faltimo, merece la pena recalcar la tarea tan importante que tienen los compa\u00f1eros, amigos y conocidos del enfermo o de del cuidador cuando reciben la noticia del diagn\u00f3stico y enfermedad de nuestra enfermedad. Es l\u00f3gico y de agradecer el inter\u00e9s puesto por todas las personas del entorno del enfermo por estar informados de su situaci\u00f3n, seguir su evoluci\u00f3n, estar cerca del sentir del enfermo y compartir con \u00e9l su alegr\u00edas y tristezas. Todos nos sentimos y queremos ser el buen samaritano con ese compa\u00f1ero, amigo o conocido, aceptando en primer lugar su enfermedad sin caer en el dramatismo de ver al paciente en las \u00faltimas. Sin embargo, ese t\u00e1ndem del que habl\u00e1bamos anteriormente enfermo-cuidador, necesita intimidad especialmente en los primeros estadios del proceso. Los muchos reclamos de informaci\u00f3n, llamadas, visitas, u otras formas de contacto distraen al cuidador y le apartan de tener la cabeza en lo m\u00e1s importante, el enfermo al que cuida. Son muchas las tareas que un cuidador tiene que atender en este tipo de situaciones que requieren tiempo y cabeza que se le restan cuando debe atender adem\u00e1s a proporcionar informaci\u00f3n del estado del enfermo.<\/p>\n<p>&nbsp;<\/p>\n","protected":false},"excerpt":{"rendered":"<p>CLAUSURA III CURSO DE EXPERTOS EN \u00c9TICA .UMA Tengo 62 a\u00f1os y soy Catedr\u00e1tico\u00a0 de Fisiolog\u00eda en el Departamento de Fisiolog\u00eda Humana en la Facultad de Medicina, de la Universidad de M\u00e1laga. Hace seis meses me diagnosticaron un adenocarcinoma de origen broncog\u00e9nico en el pulm\u00f3n derecho de c\u00e9lulas grandes, con met\u00e1stasis en la regi\u00f3n supraclavicular&#8230;<\/p>\n","protected":false},"author":1,"featured_media":0,"comment_status":"closed","ping_status":"open","sticky":false,"template":"","format":"image","meta":{"_kadence_starter_templates_imported_post":false,"_kad_post_transparent":"","_kad_post_title":"","_kad_post_layout":"","_kad_post_sidebar_id":"","_kad_post_content_style":"","_kad_post_vertical_padding":"","_kad_post_feature":"","_kad_post_feature_position":"","_kad_post_header":false,"_kad_post_footer":false,"_kad_post_classname":"","_jetpack_newsletter_access":"","_jetpack_dont_email_post_to_subs":false,"_jetpack_newsletter_tier_id":0,"_jetpack_memberships_contains_paywalled_content":false,"_jetpack_memberships_contains_paid_content":false,"footnotes":""},"categories":[9],"tags":[],"class_list":["post-531","post","type-post","status-publish","format-image","hentry","category-etica-medica","post_format-post-format-image"],"jetpack_sharing_enabled":true,"jetpack_featured_media_url":"","post_mailing_queue_ids":[],"_links":{"self":[{"href":"https:\/\/expertosenetica.com\/index.php\/wp-json\/wp\/v2\/posts\/531","targetHints":{"allow":["GET"]}}],"collection":[{"href":"https:\/\/expertosenetica.com\/index.php\/wp-json\/wp\/v2\/posts"}],"about":[{"href":"https:\/\/expertosenetica.com\/index.php\/wp-json\/wp\/v2\/types\/post"}],"author":[{"embeddable":true,"href":"https:\/\/expertosenetica.com\/index.php\/wp-json\/wp\/v2\/users\/1"}],"replies":[{"embeddable":true,"href":"https:\/\/expertosenetica.com\/index.php\/wp-json\/wp\/v2\/comments?post=531"}],"version-history":[{"count":0,"href":"https:\/\/expertosenetica.com\/index.php\/wp-json\/wp\/v2\/posts\/531\/revisions"}],"wp:attachment":[{"href":"https:\/\/expertosenetica.com\/index.php\/wp-json\/wp\/v2\/media?parent=531"}],"wp:term":[{"taxonomy":"category","embeddable":true,"href":"https:\/\/expertosenetica.com\/index.php\/wp-json\/wp\/v2\/categories?post=531"},{"taxonomy":"post_tag","embeddable":true,"href":"https:\/\/expertosenetica.com\/index.php\/wp-json\/wp\/v2\/tags?post=531"}],"curies":[{"name":"wp","href":"https:\/\/api.w.org\/{rel}","templated":true}]}}