{"id":575,"date":"2019-03-13T09:03:51","date_gmt":"2019-03-13T08:03:51","guid":{"rendered":"https:\/\/expertosenetica.com\/?p=575"},"modified":"2019-03-13T09:03:51","modified_gmt":"2019-03-13T08:03:51","slug":"mesa-redonda-aspectos-etico-legales-de-la-propuesta-de-ley-reguladora-de-la-eutanasia","status":"publish","type":"post","link":"https:\/\/expertosenetica.com\/index.php\/2019\/03\/13\/mesa-redonda-aspectos-etico-legales-de-la-propuesta-de-ley-reguladora-de-la-eutanasia\/","title":{"rendered":"Mesa redonda: aspectos \u00e9tico-legales de la propuesta de ley reguladora de la eutanasia"},"content":{"rendered":"<figure id=\"attachment_576\" aria-describedby=\"caption-attachment-576\" style=\"width: 453px\" class=\"wp-caption alignleft\"><a href=\"https:\/\/expertosenetica.com\/wp-content\/uploads\/2019\/03\/IMG-20190221-WA0000.jpg\"><img loading=\"lazy\" decoding=\"async\" class=\" wp-image-576\" src=\"https:\/\/expertosenetica.com\/wp-content\/uploads\/2019\/03\/IMG-20190221-WA0000-1024x768.jpg\" alt=\"\" width=\"453\" height=\"340\" \/><\/a><figcaption id=\"caption-attachment-576\" class=\"wp-caption-text\">Ponentes de la mesa redonda: Dr. Fern\u00e1ndez-Crehuet; Prof. D\u00edez; Dr. Garc\u00eda del Rio; D. Ricardo Puyol<\/figcaption><\/figure>\n<p>La \u00faltima de las 3 charlas-coloquio sobre eutanasia y cuidados paliativos, celebrada el pasado 20 de febrero en el Entorno Cultural del Corte Ingl\u00e9s, bajo los auspicios de la Escuela de Valores y la C\u00e1tedra de \u00c9tica M\u00e9dica del Hospital del \u00c1ngel, cont\u00f3 con la participaci\u00f3n del Dr. Fern\u00e1ndez-Crehuet, el magistrado D.Ricardo Puyol, el Prof. D\u00edez Fern\u00e1ndez, Coordinador General de ANDOC y profesor de la UNIR, y el Dr. Garc\u00eda del R\u00edo, profesor titular de la UMA y Vice-Presidente de la asociaci\u00f3n EUVITA.<\/p>\n<p>En esta ocasi\u00f3n se abordaron diversos aspectos \u00e9ticos y legales de la propuesta de ley reguladora de la eutanasia y el suicidio asistido, que est\u00e1 actualmente debati\u00e9ndose en el Congreso de los Diputados, y cuya tramitaci\u00f3n parlamentaria ha quedado detenida por la disoluci\u00f3n de las Cortes y la convocatoria de elecciones.<\/p>\n<p>Abri\u00f3 el debate el Dr. Fern\u00e1ndez-Crehuet, haciendo una s\u00edntesis del contenido de las anteriores mesas redondas y enfatizando el car\u00e1cter anti-\u00e9tico y anti deontol\u00f3gico de la eutanasia y el suicidio asistido. La eutanasia cuestiona, hasta su m\u00e1s \u00edntima ra\u00edz el sentido, de la profesi\u00f3n m\u00e9dica; abog\u00f3 en consecuencia por profundizar y difundir en la dimensi\u00f3n humana y profesional de las relaciones entre m\u00e9dicos y pacientes, y concluy\u00f3 que el proyecto que se est\u00e1 debatiendo, responde a una visi\u00f3n muy parcial de la dignidad de las personas al final de su vida y abre la puerta a una serie de pr\u00e1cticas que comprometen gravemente a los profesionales de la salud y, adem\u00e1s, pueden dejar en una situaci\u00f3n de desamparo y desprotecci\u00f3n de colectivos muy vulnerables como las personas mayores, los discapacitados y los enfermos en situaci\u00f3n terminal.<\/p>\n<figure id=\"attachment_577\" aria-describedby=\"caption-attachment-577\" style=\"width: 371px\" class=\"wp-caption alignnone\"><a href=\"https:\/\/expertosenetica.com\/wp-content\/uploads\/2019\/03\/IMG-20190221-WA0002.jpg\"><img loading=\"lazy\" decoding=\"async\" class=\"wp-image-577\" src=\"https:\/\/expertosenetica.com\/wp-content\/uploads\/2019\/03\/IMG-20190221-WA0002-1024x768.jpg\" alt=\"\" width=\"371\" height=\"278\" srcset=\"https:\/\/expertosenetica.com\/wp-content\/uploads\/2019\/03\/IMG-20190221-WA0002-1024x768.jpg 1024w, https:\/\/expertosenetica.com\/wp-content\/uploads\/2019\/03\/IMG-20190221-WA0002-300x225.jpg 300w, https:\/\/expertosenetica.com\/wp-content\/uploads\/2019\/03\/IMG-20190221-WA0002-768x576.jpg 768w, https:\/\/expertosenetica.com\/wp-content\/uploads\/2019\/03\/IMG-20190221-WA0002-1536x1152.jpg 1536w, https:\/\/expertosenetica.com\/wp-content\/uploads\/2019\/03\/IMG-20190221-WA0002.jpg 1600w\" sizes=\"auto, (max-width: 371px) 100vw, 371px\" \/><\/a><figcaption id=\"caption-attachment-577\" class=\"wp-caption-text\">D. Ricardo Puyol durante su intervenci\u00f3n<\/figcaption><\/figure>\n<p>El magistrado Puyol, hizo un an\u00e1lisis cr\u00edtico de la propuesta de ley, bas\u00e1ndose en la vigente legislaci\u00f3n penal sobre la eutanasia y la cooperaci\u00f3n al suicidio y en los antecedentes jurisprudenciales -muy escasos- que reflejan la doctrina, hasta ahora un\u00e1nime, de nuestros tribunales, en el sentido del deber del Estado de proteger la vida humana y, por tanto, la inexistencia de un \u201cderecho a la muerte\u201d<\/p>\n<p>El prof. D\u00edez, analiz\u00f3 someramente las circunstancias que, a juicio de los promotores de esta medida, hacen necesaria la ley: la existencia de una demanda social; la equiparaci\u00f3n con pa\u00edses de nuestro entorno; y la conveniencia, a tener de esos hechos, de establecer el derecho a la eutanasia. Se\u00f1al\u00f3 que esta propuesta supon\u00eda la subversi\u00f3n de dos elementos fundamentales que constituyen el eje de la relaci\u00f3n entre m\u00e9dico y paciente: el concepto de dignidad y el sentido human\u00edstico de la profesi\u00f3n m\u00e9dico.<\/p>\n<p>Finalmente, el Dr. Garc\u00eda del R\u00edo present\u00f3 la nueva asociaci\u00f3n EUVITA, cuyos principales fines son sensibilizar sobre la importancia de prestar una atenci\u00f3n y unos cuidados de calidad, a las personas que se encuentren final de su vida, acordes con su dignidad y desde el respeto a su vida hasta el momento de su muerte natural y contribuir a la promoci\u00f3n y al desarrollo de unos cuidados paliativos integrales que faciliten a los enfermos la atenci\u00f3n precisa para cubrir\u00a0sus necesidades y tener una muerte en paz.<\/p>\n<p>Las intervenciones fueron seguidas por un interesante coloquio en que intervinieron algunos de los asistentes al acto, que llenaban el Espacio Cultural del Corte Ingl\u00e9s.<\/p>\n","protected":false},"excerpt":{"rendered":"<p>La \u00faltima de las 3 charlas-coloquio sobre eutanasia y cuidados paliativos, celebrada el pasado 20 de febrero en el Entorno Cultural del Corte Ingl\u00e9s, bajo los auspicios de la Escuela de Valores y la C\u00e1tedra de \u00c9tica M\u00e9dica del Hospital del \u00c1ngel, cont\u00f3 con la participaci\u00f3n del Dr. Fern\u00e1ndez-Crehuet, el magistrado D.Ricardo Puyol, el Prof&#8230;.<\/p>\n","protected":false},"author":1,"featured_media":0,"comment_status":"closed","ping_status":"open","sticky":false,"template":"","format":"standard","meta":{"_kadence_starter_templates_imported_post":false,"_kad_post_transparent":"","_kad_post_title":"","_kad_post_layout":"","_kad_post_sidebar_id":"","_kad_post_content_style":"","_kad_post_vertical_padding":"","_kad_post_feature":"","_kad_post_feature_position":"","_kad_post_header":false,"_kad_post_footer":false,"_kad_post_classname":"","_jetpack_newsletter_access":"","_jetpack_dont_email_post_to_subs":false,"_jetpack_newsletter_tier_id":0,"_jetpack_memberships_contains_paywalled_content":false,"_jetpack_memberships_contains_paid_content":false,"footnotes":""},"categories":[11,9,5],"tags":[],"class_list":["post-575","post","type-post","status-publish","format-standard","hentry","category-deontologia","category-etica-medica","category-eutanasia"],"jetpack_sharing_enabled":true,"jetpack_featured_media_url":"","post_mailing_queue_ids":[],"_links":{"self":[{"href":"https:\/\/expertosenetica.com\/index.php\/wp-json\/wp\/v2\/posts\/575","targetHints":{"allow":["GET"]}}],"collection":[{"href":"https:\/\/expertosenetica.com\/index.php\/wp-json\/wp\/v2\/posts"}],"about":[{"href":"https:\/\/expertosenetica.com\/index.php\/wp-json\/wp\/v2\/types\/post"}],"author":[{"embeddable":true,"href":"https:\/\/expertosenetica.com\/index.php\/wp-json\/wp\/v2\/users\/1"}],"replies":[{"embeddable":true,"href":"https:\/\/expertosenetica.com\/index.php\/wp-json\/wp\/v2\/comments?post=575"}],"version-history":[{"count":0,"href":"https:\/\/expertosenetica.com\/index.php\/wp-json\/wp\/v2\/posts\/575\/revisions"}],"wp:attachment":[{"href":"https:\/\/expertosenetica.com\/index.php\/wp-json\/wp\/v2\/media?parent=575"}],"wp:term":[{"taxonomy":"category","embeddable":true,"href":"https:\/\/expertosenetica.com\/index.php\/wp-json\/wp\/v2\/categories?post=575"},{"taxonomy":"post_tag","embeddable":true,"href":"https:\/\/expertosenetica.com\/index.php\/wp-json\/wp\/v2\/tags?post=575"}],"curies":[{"name":"wp","href":"https:\/\/api.w.org\/{rel}","templated":true}]}}