{"id":583,"date":"2019-11-04T09:22:14","date_gmt":"2019-11-04T08:22:14","guid":{"rendered":"https:\/\/expertosenetica.com\/?p=583"},"modified":"2019-11-04T09:22:14","modified_gmt":"2019-11-04T08:22:14","slug":"la-rehumanizacion-de-europa","status":"publish","type":"post","link":"https:\/\/expertosenetica.com\/index.php\/2019\/11\/04\/la-rehumanizacion-de-europa\/","title":{"rendered":"La rehumanizaci\u00f3n de Europa"},"content":{"rendered":"\n<p class=\"wp-block-paragraph\"><strong><em>Ignacio S\u00e1nchez C\u00e1mara<\/em><\/strong>. <strong><em>Catedr\u00e1tico de Filosof\u00eda de la Universidad Rey Juan Carlos. <\/em><\/strong><strong><em>Coordinador de la plataforma One of Us. <\/em><\/strong><strong><em>Fuente: <\/em><\/strong><a href=\"https:\/\/www.alfayomega.es\/\"><strong><em>alfayomega.es<\/em><\/strong><\/a><strong> (resumido)<\/strong><\/p>\n\n\n\n<p class=\"wp-block-paragraph\" style=\"text-align:left\"><img loading=\"lazy\" decoding=\"async\" width=\"500\" height=\"281\" class=\"wp-image-584\" style=\"width: 500px;\" src=\"https:\/\/expertosenetica.com\/wp-content\/uploads\/2019\/11\/Europa.jpg\" alt=\"Europa\" srcset=\"https:\/\/expertosenetica.com\/wp-content\/uploads\/2019\/11\/Europa.jpg 660w, https:\/\/expertosenetica.com\/wp-content\/uploads\/2019\/11\/Europa-300x169.jpg 300w\" sizes=\"auto, (max-width: 500px) 100vw, 500px\" \/>Se encuentra hoy Europa, en cierta medida, desmoralizada, invertebrada, desalmada, deshumanizada. Lo primero, desmoralizada, en el sentido etimol\u00f3gico m\u00e1s literal, porque se ha quedado sin moral. Ha abandonado la que profesaba, pero no se ha adherido a\u00fan a ninguna otra nueva, salvo una vaga forma de hedonismo relativista. Y una persona, una sociedad o una civilizaci\u00f3n no pueden vivir sin una moral. Invertebrada, porque se ha quedado sin el esqueleto cultural que la vertebraba o, si se prefiere, lo tiene afectado por una especie de osteoporosis cultural. Lo que la manten\u00eda vertebrada \u2500la filosof\u00eda griega, el derecho romano, la religi\u00f3n cristiana, la ciencia pura y la democracia liberal\u2500 ha perdido consistencia en ella, ya no es vigente, ya no se vive de esas realidades, y el cuerpo se encuentra invertebrado, solo atento al placer y al bienestar. Desalmada, porque al renunciar a s\u00ed misma, no solo a lo que ha sido sino tambi\u00e9n a lo que es, a lo que tiene que ser, a lo que deber\u00eda ser, ya solo queda de ella el cuerpo inerte, ausente el alma. Y, en resumen, deshumanizada. <\/p>\n\n\n\n<p class=\"wp-block-paragraph\">Este es, si no me equivoco, el diagn\u00f3stico. La etiolog\u00eda\nes la renuncia de Europa a ser ella misma, fiel a sus principios y valores, a\nlos elementos constitutivos de su ser como civilizaci\u00f3n. Los cinco mencionados\nse encuentran en crisis: la filosof\u00eda es negada o, lo que es peor, suplantada\npor otras cosas, acaso estimables, pero que no son ella, que son otra cosa. El\nsentido del derecho romano, el arte de lo justo y de lo bueno, es sustituido\npor el poder. Mala cosa, aunque se trate de un poder democr\u00e1tico. La libertad\nconsiste en la obediencia a la ley, pero no en el sometimiento a la voluntad de\notros, aunque sean muchos. La ciencia pura es desde\u00f1ada en favor de la t\u00e9cnica.\nNo importa el saber sino la utilidad. La democracia liberal es suplantada por\nel populismo y la demagogia, por la acci\u00f3n directa, por la renuncia a\nconvencer. Pero, sobre todo, el mal deriva del rechazo del cristianismo. Sin \u00e9l,\nno hay Europa.<\/p>\n\n\n\n<p class=\"wp-block-paragraph\">\u00bfEst\u00e1 todo, acaso, perdido? \u00bfes la enfermedad que padece Europa\nuna enfermedad mortal, sin remedio ni curaci\u00f3n posibles? No, absoluta y\nradicalmente, no. La curaci\u00f3n\ndepende del diagn\u00f3stico certero y de la terapia\nadecuada. En este caso, resulta muy f\u00e1cil de prescribir. Otra cosa es que el\nenfermo haga caso.<\/p>\n\n\n\n<p class=\"wp-block-paragraph\">El pasado s\u00e1bado, en Santiago de Compostela (\u00a1nada\nmenos!) ha tenido lugar una nueva reuni\u00f3n de la Plataforma de pensadores\neuropeos One of Us. La organizaci\u00f3n naci\u00f3 para defender la vida en el \u00e1mbito de la Uni\u00f3n\nEuropea, con un conjunto de reivindicaciones morales y jur\u00eddicas. Pero nada ser\u00e1 posible\nni eficaz sin la colaboraci\u00f3n de las universidades. Y todo ello, por supuesto,\nen el \u00e1mbito europeo.\n\nEn One of Us sabemos que vamos contra corriente. Pero\ntambi\u00e9n\nsabemos que lo mejor siempre se ha hecho contra corriente. Nos oponemos, pero\nno porque vayamos contra nada ni contra nadie. Intentamos ir a favor, a favor\ndel bien y de la verdad. Solo nos mueve el entusiasmo, y todo entusiasmo es\npositivo: la defensa de los cl\u00e1sicos\nvalores y principios europeos, especialmente la dignidad de la persona y el\nvalor de la vida.\n\n\n\n<\/p>\n","protected":false},"excerpt":{"rendered":"<p>Ignacio S\u00e1nchez C\u00e1mara. Catedr\u00e1tico de Filosof\u00eda de la Universidad Rey Juan Carlos. Coordinador de la plataforma One of Us. Fuente: alfayomega.es (resumido) Se encuentra hoy Europa, en cierta medida, desmoralizada, invertebrada, desalmada, deshumanizada. Lo primero, desmoralizada, en el sentido etimol\u00f3gico m\u00e1s literal, porque se ha quedado sin moral. Ha abandonado la que profesaba, pero no&#8230;<\/p>\n","protected":false},"author":1,"featured_media":0,"comment_status":"closed","ping_status":"open","sticky":false,"template":"","format":"standard","meta":{"_kadence_starter_templates_imported_post":false,"_kad_post_transparent":"","_kad_post_title":"","_kad_post_layout":"","_kad_post_sidebar_id":"","_kad_post_content_style":"","_kad_post_vertical_padding":"","_kad_post_feature":"","_kad_post_feature_position":"","_kad_post_header":false,"_kad_post_footer":false,"_kad_post_classname":"","_jetpack_newsletter_access":"","_jetpack_dont_email_post_to_subs":false,"_jetpack_newsletter_tier_id":0,"_jetpack_memberships_contains_paywalled_content":false,"_jetpack_memberships_contains_paid_content":false,"footnotes":""},"categories":[11,12],"tags":[],"class_list":["post-583","post","type-post","status-publish","format-standard","hentry","category-deontologia","category-etica-general"],"jetpack_sharing_enabled":true,"jetpack_featured_media_url":"","post_mailing_queue_ids":[],"_links":{"self":[{"href":"https:\/\/expertosenetica.com\/index.php\/wp-json\/wp\/v2\/posts\/583","targetHints":{"allow":["GET"]}}],"collection":[{"href":"https:\/\/expertosenetica.com\/index.php\/wp-json\/wp\/v2\/posts"}],"about":[{"href":"https:\/\/expertosenetica.com\/index.php\/wp-json\/wp\/v2\/types\/post"}],"author":[{"embeddable":true,"href":"https:\/\/expertosenetica.com\/index.php\/wp-json\/wp\/v2\/users\/1"}],"replies":[{"embeddable":true,"href":"https:\/\/expertosenetica.com\/index.php\/wp-json\/wp\/v2\/comments?post=583"}],"version-history":[{"count":0,"href":"https:\/\/expertosenetica.com\/index.php\/wp-json\/wp\/v2\/posts\/583\/revisions"}],"wp:attachment":[{"href":"https:\/\/expertosenetica.com\/index.php\/wp-json\/wp\/v2\/media?parent=583"}],"wp:term":[{"taxonomy":"category","embeddable":true,"href":"https:\/\/expertosenetica.com\/index.php\/wp-json\/wp\/v2\/categories?post=583"},{"taxonomy":"post_tag","embeddable":true,"href":"https:\/\/expertosenetica.com\/index.php\/wp-json\/wp\/v2\/tags?post=583"}],"curies":[{"name":"wp","href":"https:\/\/api.w.org\/{rel}","templated":true}]}}