{"id":67,"date":"2016-01-08T11:30:54","date_gmt":"2016-01-08T11:30:54","guid":{"rendered":"https:\/\/expertosenetica.com\/?p=67"},"modified":"2016-01-08T11:30:54","modified_gmt":"2016-01-08T11:30:54","slug":"suicidio-asistido-a-pacientes-con-depresion-resistente","status":"publish","type":"post","link":"https:\/\/expertosenetica.com\/index.php\/2016\/01\/08\/suicidio-asistido-a-pacientes-con-depresion-resistente\/","title":{"rendered":"Suicidio asistido a pacientes con \u201cdepresi\u00f3n resistente\u201d"},"content":{"rendered":"<div class=\"content-article-categories\">\n<h3><a href=\"http:\/\/www.observatoriobioetica.org\/categoria\/recursos\/breverias\">Brever\u00edas<\/a> \/ <a href=\"http:\/\/www.observatoriobioetica.org\/categoria\/provida-press\">BIO\u00c9TICA PRESS<\/a> \/ <a href=\"http:\/\/www.observatoriobioetica.org\/categoria\/categorias\/suicidio-asistido-categorias\">Suicidio asistido<\/a><\/h3>\n<\/div>\n<div class=\"article-photo\"><span class=\"set-image-border\"><img decoding=\"async\" class=\"setborder\" src=\"http:\/\/www.observatoriobioetica.org\/wp-content\/uploads\/2015\/12\/DA%C3%91OS-PSICOL%C3%93GICOS-292x300.jpg\" alt=\"Suicidio asistido a pacientes con \u201cdepresi\u00f3n resistente\u201d\" \/><\/span><\/div>\n<div class=\"article-controls\">\n<div class=\"date\">\n<div class=\"calendar-date\">23 diciembre<\/div>\n<div class=\"calendar-time\">12:01 2015<\/div>\n<\/div>\n<div class=\"right-side\">\n<div class=\"colored\"><\/div>\n<div><a class=\"icon-link\" title=\"Entradas de OBSERVATORIO DE BIOETICA UCV\" href=\"http:\/\/www.observatoriobioetica.org\/author\/observatorio-de-bioetica-ucv\" rel=\"author\"><span class=\"icon-text\">&#x1f464;<\/span>por OBSERVATORIO DE BIOETICA UCV<\/a> <a class=\"icon-link\" href=\"http:\/\/www.observatoriobioetica.org\/2015\/12\/suicidio-asistion-resistente\/11475#comments\"> <span class=\"icon-text\">\ue718<\/span> 1 comentario <\/a><\/div>\n<\/div>\n<div class=\"clear-float\"><\/div>\n<\/div>\n<div class=\"shortcode-content\">\n<p>Ha sido propuesto por algunos autores dar paso al <a href=\"http:\/\/www.observatoriobioetica.org\/?s=suicidio+asistido\" target=\"_blank\" rel=\"noopener noreferrer\">suicidio asistido<\/a> en pacientes con depresi\u00f3n resistente (Journal Medicine Ethics 41; 577-83,2015). Sin embargo, sus argumentos son puestos en duda por FG Muller (J Med Ethics 41; 485-486, 2015) quien pone en duda la integridad profesional de los facultativos que atienden a esos pacientes\u00a0 y establecen tales diagn\u00f3sticos, pues creen que a los mismos se les puede dar nuevas ayudas terap\u00e9uticas que puedan mejorar su calidad de vida y as\u00ed que vuelvan a tener ganas de vivir. Por ello, concluye que no es apropiado incluir pacientes con \u201cdepresi\u00f3n\u00a0 resistente al tratamiento\u201d como una opci\u00f3n legal para el suicidio asistido.<\/p>\n<\/div>\n","protected":false},"excerpt":{"rendered":"<p>Brever\u00edas \/ BIO\u00c9TICA PRESS \/ Suicidio asistido 23 diciembre 12:01 2015 &#x1f464;por OBSERVATORIO DE BIOETICA UCV \ue718 1 comentario Ha sido propuesto por algunos autores dar paso al suicidio asistido en pacientes con depresi\u00f3n resistente (Journal Medicine Ethics 41; 577-83,2015). Sin embargo, sus argumentos son puestos en duda por FG Muller (J Med Ethics 41;&#8230;<\/p>\n","protected":false},"author":1,"featured_media":0,"comment_status":"closed","ping_status":"open","sticky":false,"template":"","format":"standard","meta":{"_kadence_starter_templates_imported_post":false,"_kad_post_transparent":"","_kad_post_title":"","_kad_post_layout":"","_kad_post_sidebar_id":"","_kad_post_content_style":"","_kad_post_vertical_padding":"","_kad_post_feature":"","_kad_post_feature_position":"","_kad_post_header":false,"_kad_post_footer":false,"_kad_post_classname":"","_jetpack_newsletter_access":"","_jetpack_dont_email_post_to_subs":false,"_jetpack_newsletter_tier_id":0,"_jetpack_memberships_contains_paywalled_content":false,"_jetpack_memberships_contains_paid_content":false,"footnotes":""},"categories":[5],"tags":[],"class_list":["post-67","post","type-post","status-publish","format-standard","hentry","category-eutanasia"],"jetpack_sharing_enabled":true,"jetpack_featured_media_url":"","post_mailing_queue_ids":[],"_links":{"self":[{"href":"https:\/\/expertosenetica.com\/index.php\/wp-json\/wp\/v2\/posts\/67","targetHints":{"allow":["GET"]}}],"collection":[{"href":"https:\/\/expertosenetica.com\/index.php\/wp-json\/wp\/v2\/posts"}],"about":[{"href":"https:\/\/expertosenetica.com\/index.php\/wp-json\/wp\/v2\/types\/post"}],"author":[{"embeddable":true,"href":"https:\/\/expertosenetica.com\/index.php\/wp-json\/wp\/v2\/users\/1"}],"replies":[{"embeddable":true,"href":"https:\/\/expertosenetica.com\/index.php\/wp-json\/wp\/v2\/comments?post=67"}],"version-history":[{"count":0,"href":"https:\/\/expertosenetica.com\/index.php\/wp-json\/wp\/v2\/posts\/67\/revisions"}],"wp:attachment":[{"href":"https:\/\/expertosenetica.com\/index.php\/wp-json\/wp\/v2\/media?parent=67"}],"wp:term":[{"taxonomy":"category","embeddable":true,"href":"https:\/\/expertosenetica.com\/index.php\/wp-json\/wp\/v2\/categories?post=67"},{"taxonomy":"post_tag","embeddable":true,"href":"https:\/\/expertosenetica.com\/index.php\/wp-json\/wp\/v2\/tags?post=67"}],"curies":[{"name":"wp","href":"https:\/\/api.w.org\/{rel}","templated":true}]}}